{"id":10201,"date":"2025-10-03T00:50:05","date_gmt":"2025-10-02T22:50:05","guid":{"rendered":"https:\/\/nordnesrepublikken.no\/index.php\/2025\/10\/03\/hva-endrer-seg-og-fordi-det-var-blitt-avskaffet\/"},"modified":"2025-10-03T00:50:18","modified_gmt":"2025-10-02T22:50:18","slug":"hva-endrer-seg-og-fordi-det-var-blitt-avskaffet","status":"publish","type":"post","link":"https:\/\/nordnesrepublikken.no\/index.php\/2025\/10\/03\/hva-endrer-seg-og-fordi-det-var-blitt-avskaffet\/","title":{"rendered":"Hva endrer seg og fordi det var blitt avskaffet"},"content":{"rendered":"<div>\n<div class=\"cp_wrapper cp_wrapper--fw mb-30 mb-20@tablet\">\n<figure class=\"mm\"><picture class=\"img\" style=\"padding-top:56.25%\"><source  media=\"(min-width: 1024px)\"><source  media=\"(min-width: 768px)\"><\/source><\/source><\/picture><\/figure>\n<\/p><\/div>\n<p>De <strong>4. oktober<\/strong>dag for <strong>St. Francis<\/strong>er igjen <strong>Nasjonalt parti<\/strong>: Etter \u00e5 ha blitt avskaffet i <strong>1977<\/strong> Som ikke ansett som viktig og nedgradert til sivil h\u00f8ytidelighet ga senatet det offisielle gr\u00f8nne lyset til gjeninnf\u00f8ringen, og ga dermed antall italienske nasjonale h\u00f8ytider fra 11 til <strong>12<\/strong>. Den nye ferien vil v\u00e6re effektiv fra og med fra og med <strong>2026<\/strong>\u00e5ret som de 800 \u00e5rene blir feiret fra helgenens d\u00f8d <strong>Beskytter av Italia<\/strong>. Neste \u00e5r, i virkeligheten, 4. oktober, faller den p\u00e5 s\u00f8ndag, allerede ansett som en feriedag: Derfor m\u00e5 du vente til 2027 for \u00e5 se en ny dag merket r\u00f8dt.<\/p>\n<p>I f\u00f8lge den tekniske rapporten presenterer i parlamentet, for den nye ferien vil de bli tildelt<b> 10,6 millioner<\/b> av euro, som brukes til \u00e5 dekke utgiftene til de ansatte i den offentlige administrasjonen, finansiere l\u00f8nnen til arbeiderne av National Health Service (som vil f\u00e5 en \u00f8kning som en feriedag) og betale de ekstra timene som politiets medlemmer vil m\u00e5tte utf\u00f8re.<\/p>\n<h2>San Francesco d&#8217;Assisi returnerer et nasjonalt parti fra 4. oktober: hva endrer seg og siden<\/h2>\n<p>De <strong>4. oktober<\/strong> Det vil bli en del av denne listen fra 2026: Neste \u00e5r faller imidlertid dagen for San Francesco p\u00e5 s\u00f8ndag, og det er derfor vi m\u00e5 vente til 2027 f\u00f8r vi finner en ny dag merket i r\u00f8dt i kalenderen.<\/p>\n<p>I f\u00f8lge lovforslaget som ble godkjent i senatet, vil den 4. oktober ogs\u00e5 bli vurdert &laquo;<strong>Fredsdag<\/strong>brorskap og dialog mellom medlemmer av forskjellige kulturer og religioner &laquo;.<\/p>\n<p>Fra 2026, antall <strong>nasjonale h\u00f8ytider<\/strong>det vil si de som er merket med r\u00f8dt i kalenderen: For \u00f8yeblikket anerkjenner den italienske staten 11 h\u00f8ytider (ment \u00e5 stige til 12). Spesielt er disse:<\/p>\n<p>Til disse skal ogs\u00e5 legges til hver s\u00f8ndag og <strong>Lokale h\u00f8ytider<\/strong> for skytshelgen for hver by.<\/p>\n<h2>Fordi det festlige til Francesco d&#8217;Assisi hadde blitt opphevet og kostnadene for gjeninnf\u00f8ring<\/h2>\n<p>I virkeligheten, 4. oktober ble det faktisk betraktet som et nasjonalt parti til <strong>1977<\/strong>\u00e5ret der den italienske regjeringen bestemte seg for \u00e5 eliminere noen h\u00f8ytider som ikke ble ansett som essensielle av grunner av &laquo;<strong>produktivitet<\/strong>\u201d <strong>Lov 54<\/strong> av 1977, blant annet, avskaffet til og med<strong>Epifanie<\/strong> (6. januar &#8211; deretter restaurert i 1985), i tillegg til dagen i <strong>St. Joseph<\/strong> (19. mars), The<strong>Stigning<\/strong> (40 dager etter p\u00e5sken), <strong>Corpus Christi<\/strong> (60 dager etter p\u00e5sken) og dagen for <strong>Saint Peter og Paul<\/strong> (29. juni).<\/p>\n<p>Siden det er en nasjonal h\u00f8ytid, vil til og med ansatte som jobber i privat sektor ha rett til en ferie til, betalt som arbeidsdag: for de som fremdeles m\u00e5 jobbe, er en l\u00f8nns\u00f8kning planlagt i henhold til bestemmelsene i bestemmelsene i den<strong> CCNL<\/strong> (Nasjonal kollektiv arbeidskontrakt) av sektoren din.<\/p>\n<p>For \u00e5 dekke kostnadene for det nye nasjonale partiet, gir den tekniske rapporten som presenteres i parlamentet tildeling av tildeling av<b> 10,6 millioner<\/b> Euro for \u00e5 finansiere ekstra l\u00f8nn: <b>8,7 millioner<\/b> vil v\u00e6re beregnet p\u00e5 arbeidere ved National Health Service, mens <b>1,8 millioner<\/b> Euro vil g\u00e5 for de ekstra timene med arbeid for politi, v\u00e6pnede styrker og brannmenn.<\/p>\n<h2>Da Patron Saint of Italy ble forkynt<\/h2>\n<p><strong>Francesco d&#8217;Assisi<\/strong>f\u00f8dt i 1181 og d\u00f8de i 1226, var en italiensk religi\u00f8s og poet, helliget i 1228 av den katolske kirken. Han turnerte all sin rikdom for \u00e5 f\u00f8lge et ideal om pauperistisk liv og grunnla<strong>Order of the Friars Minor<\/strong>: For dette er det ofte kjent som Assisis &laquo;Poverello&raquo;. St. Francis var ogs\u00e5 forfatter av litter\u00e6re tekster: ordens regler, noen brev og forskjellige b\u00f8nner og ros av Herren. Men hans mest ber\u00f8mte verk er absolutt <strong>Canticle of Creatures<\/strong> (ogs\u00e5 kalt cantico di frate s\u00e5le og s\u00f8ster Luna), vurderte <strong>F\u00f8rste arbeid med italiensk litteratur<\/strong>.<\/p>\n<p>I <strong>1939<\/strong>The <strong>Pave Pius XII<\/strong> Han proklamerte ham<strong> beskytter av Italia<\/strong> (nettopp fordi hans kantikkel gj\u00f8r ham til et av fedrene til italiensk spr\u00e5k og litteratur) sammen med <strong>Caterina da Siena<\/strong> og i 2013 <strong>Jorge Mario Bergoglio<\/strong>valgt pave, valgte \u00e5 bli kalt Francesco til \u00e6re for helgenen. I 2026 800 \u00e5r etter hans d\u00f8d, og det er grunnen til at nasjonalferien blir introdusert fra og med neste \u00e5r.<\/p>\n<\/p><\/div>\n","protected":false},"excerpt":{"rendered":"<p>De 4. oktoberdag for St. Franciser igjen Nasjonalt parti: Etter \u00e5 ha blitt avskaffet i<\/p>\n","protected":false},"author":1,"featured_media":10202,"comment_status":"closed","ping_status":"open","sticky":false,"template":"","format":"standard","meta":{"footnotes":""},"categories":[104],"tags":[6708,2681,66,591,83,144,96,100],"class_list":["post-10201","post","type-post","status-publish","format-standard","has-post-thumbnail","hentry","category-samfunn","tag-avskaffet","tag-blitt","tag-det","tag-endrer","tag-fordi","tag-hva","tag-seg","tag-var","generate-columns","tablet-grid-50","mobile-grid-100","grid-parent","grid-33","resize-featured-image"],"yoast_head":"<!-- This site is optimized with the Yoast SEO plugin v24.4 - https:\/\/yoast.com\/wordpress\/plugins\/seo\/ -->\n<title>Hva endrer seg og fordi det var blitt avskaffet - Nordnesrepublikken<\/title>\n<meta name=\"robots\" content=\"index, follow, max-snippet:-1, max-image-preview:large, max-video-preview:-1\" \/>\n<link rel=\"canonical\" href=\"https:\/\/nordnesrepublikken.no\/index.php\/2025\/10\/03\/hva-endrer-seg-og-fordi-det-var-blitt-avskaffet\/\" \/>\n<meta property=\"og:locale\" content=\"nb_NO\" \/>\n<meta property=\"og:type\" content=\"article\" \/>\n<meta property=\"og:title\" content=\"Hva endrer seg og fordi det var blitt avskaffet - Nordnesrepublikken\" \/>\n<meta property=\"og:description\" content=\"De 4. oktoberdag for St. Franciser igjen Nasjonalt parti: Etter \u00e5 ha blitt avskaffet i\" \/>\n<meta property=\"og:url\" content=\"https:\/\/nordnesrepublikken.no\/index.php\/2025\/10\/03\/hva-endrer-seg-og-fordi-det-var-blitt-avskaffet\/\" \/>\n<meta property=\"og:site_name\" content=\"Nordnesrepublikken\" \/>\n<meta property=\"article:published_time\" content=\"2025-10-02T22:50:05+00:00\" \/>\n<meta property=\"article:modified_time\" content=\"2025-10-02T22:50:18+00:00\" \/>\n<meta property=\"og:image\" content=\"https:\/\/nordnesrepublikken.no\/wp-content\/uploads\/2025\/10\/1759445406_Hva-endrer-seg-og-fordi-det-var-blitt-avskaffet-scaled.jpg\" \/>\n\t<meta property=\"og:image:width\" content=\"2560\" \/>\n\t<meta property=\"og:image:height\" content=\"1702\" \/>\n\t<meta property=\"og:image:type\" content=\"image\/jpeg\" \/>\n<meta name=\"author\" content=\"Ole Andersen\" \/>\n<meta name=\"twitter:card\" content=\"summary_large_image\" \/>\n<meta name=\"twitter:label1\" content=\"Skrevet av\" \/>\n\t<meta name=\"twitter:data1\" content=\"Ole Andersen\" \/>\n\t<meta name=\"twitter:label2\" content=\"Ansl. lesetid\" \/>\n\t<meta name=\"twitter:data2\" content=\"3 minutter\" \/>\n<script type=\"application\/ld+json\" class=\"yoast-schema-graph\">{\"@context\":\"https:\/\/schema.org\",\"@graph\":[{\"@type\":\"Article\",\"@id\":\"https:\/\/nordnesrepublikken.no\/index.php\/2025\/10\/03\/hva-endrer-seg-og-fordi-det-var-blitt-avskaffet\/#article\",\"isPartOf\":{\"@id\":\"https:\/\/nordnesrepublikken.no\/index.php\/2025\/10\/03\/hva-endrer-seg-og-fordi-det-var-blitt-avskaffet\/\"},\"author\":{\"name\":\"Ole Andersen\",\"@id\":\"https:\/\/nordnesrepublikken.no\/#\/schema\/person\/2e7e81935bab77882fffb79296240ff1\"},\"headline\":\"Hva endrer seg og fordi det var blitt avskaffet\",\"datePublished\":\"2025-10-02T22:50:05+00:00\",\"dateModified\":\"2025-10-02T22:50:18+00:00\",\"mainEntityOfPage\":{\"@id\":\"https:\/\/nordnesrepublikken.no\/index.php\/2025\/10\/03\/hva-endrer-seg-og-fordi-det-var-blitt-avskaffet\/\"},\"wordCount\":672,\"publisher\":{\"@id\":\"https:\/\/nordnesrepublikken.no\/#organization\"},\"image\":{\"@id\":\"https:\/\/nordnesrepublikken.no\/index.php\/2025\/10\/03\/hva-endrer-seg-og-fordi-det-var-blitt-avskaffet\/#primaryimage\"},\"thumbnailUrl\":\"https:\/\/nordnesrepublikken.no\/wp-content\/uploads\/2025\/10\/1759445406_Hva-endrer-seg-og-fordi-det-var-blitt-avskaffet-scaled.jpg\",\"keywords\":[\"avskaffet\",\"blitt\",\"Det\",\"endrer\",\"Fordi\",\"Hva\",\"seg\",\"var\"],\"articleSection\":[\"Samfunn\"],\"inLanguage\":\"nb-NO\"},{\"@type\":\"WebPage\",\"@id\":\"https:\/\/nordnesrepublikken.no\/index.php\/2025\/10\/03\/hva-endrer-seg-og-fordi-det-var-blitt-avskaffet\/\",\"url\":\"https:\/\/nordnesrepublikken.no\/index.php\/2025\/10\/03\/hva-endrer-seg-og-fordi-det-var-blitt-avskaffet\/\",\"name\":\"Hva endrer seg og fordi det var blitt avskaffet - Nordnesrepublikken\",\"isPartOf\":{\"@id\":\"https:\/\/nordnesrepublikken.no\/#website\"},\"primaryImageOfPage\":{\"@id\":\"https:\/\/nordnesrepublikken.no\/index.php\/2025\/10\/03\/hva-endrer-seg-og-fordi-det-var-blitt-avskaffet\/#primaryimage\"},\"image\":{\"@id\":\"https:\/\/nordnesrepublikken.no\/index.php\/2025\/10\/03\/hva-endrer-seg-og-fordi-det-var-blitt-avskaffet\/#primaryimage\"},\"thumbnailUrl\":\"https:\/\/nordnesrepublikken.no\/wp-content\/uploads\/2025\/10\/1759445406_Hva-endrer-seg-og-fordi-det-var-blitt-avskaffet-scaled.jpg\",\"datePublished\":\"2025-10-02T22:50:05+00:00\",\"dateModified\":\"2025-10-02T22:50:18+00:00\",\"breadcrumb\":{\"@id\":\"https:\/\/nordnesrepublikken.no\/index.php\/2025\/10\/03\/hva-endrer-seg-og-fordi-det-var-blitt-avskaffet\/#breadcrumb\"},\"inLanguage\":\"nb-NO\",\"potentialAction\":[{\"@type\":\"ReadAction\",\"target\":[\"https:\/\/nordnesrepublikken.no\/index.php\/2025\/10\/03\/hva-endrer-seg-og-fordi-det-var-blitt-avskaffet\/\"]}]},{\"@type\":\"ImageObject\",\"inLanguage\":\"nb-NO\",\"@id\":\"https:\/\/nordnesrepublikken.no\/index.php\/2025\/10\/03\/hva-endrer-seg-og-fordi-det-var-blitt-avskaffet\/#primaryimage\",\"url\":\"https:\/\/nordnesrepublikken.no\/wp-content\/uploads\/2025\/10\/1759445406_Hva-endrer-seg-og-fordi-det-var-blitt-avskaffet-scaled.jpg\",\"contentUrl\":\"https:\/\/nordnesrepublikken.no\/wp-content\/uploads\/2025\/10\/1759445406_Hva-endrer-seg-og-fordi-det-var-blitt-avskaffet-scaled.jpg\",\"width\":2560,\"height\":1702,\"caption\":\"Hva endrer seg og fordi det var blitt avskaffet\"},{\"@type\":\"BreadcrumbList\",\"@id\":\"https:\/\/nordnesrepublikken.no\/index.php\/2025\/10\/03\/hva-endrer-seg-og-fordi-det-var-blitt-avskaffet\/#breadcrumb\",\"itemListElement\":[{\"@type\":\"ListItem\",\"position\":1,\"name\":\"Home\",\"item\":\"https:\/\/nordnesrepublikken.no\/\"},{\"@type\":\"ListItem\",\"position\":2,\"name\":\"Hva endrer seg og fordi det var blitt avskaffet\"}]},{\"@type\":\"WebSite\",\"@id\":\"https:\/\/nordnesrepublikken.no\/#website\",\"url\":\"https:\/\/nordnesrepublikken.no\/\",\"name\":\"Nordnesrepublikken\",\"description\":\"Stemmer og Visjoner fra Republikkens Hjerte\",\"publisher\":{\"@id\":\"https:\/\/nordnesrepublikken.no\/#organization\"},\"potentialAction\":[{\"@type\":\"SearchAction\",\"target\":{\"@type\":\"EntryPoint\",\"urlTemplate\":\"https:\/\/nordnesrepublikken.no\/?s={search_term_string}\"},\"query-input\":{\"@type\":\"PropertyValueSpecification\",\"valueRequired\":true,\"valueName\":\"search_term_string\"}}],\"inLanguage\":\"nb-NO\"},{\"@type\":\"Organization\",\"@id\":\"https:\/\/nordnesrepublikken.no\/#organization\",\"name\":\"Nordnesrepublikken\",\"url\":\"https:\/\/nordnesrepublikken.no\/\",\"logo\":{\"@type\":\"ImageObject\",\"inLanguage\":\"nb-NO\",\"@id\":\"https:\/\/nordnesrepublikken.no\/#\/schema\/logo\/image\/\",\"url\":\"https:\/\/nordnesrepublikken.no\/wp-content\/uploads\/2025\/02\/cropped-nordnesrepublikken-2.png\",\"contentUrl\":\"https:\/\/nordnesrepublikken.no\/wp-content\/uploads\/2025\/02\/cropped-nordnesrepublikken-2.png\",\"width\":1248,\"height\":362,\"caption\":\"Nordnesrepublikken\"},\"image\":{\"@id\":\"https:\/\/nordnesrepublikken.no\/#\/schema\/logo\/image\/\"}},{\"@type\":\"Person\",\"@id\":\"https:\/\/nordnesrepublikken.no\/#\/schema\/person\/2e7e81935bab77882fffb79296240ff1\",\"name\":\"Ole Andersen\",\"image\":{\"@type\":\"ImageObject\",\"inLanguage\":\"nb-NO\",\"@id\":\"https:\/\/nordnesrepublikken.no\/#\/schema\/person\/image\/\",\"url\":\"https:\/\/nordnesrepublikken.no\/wp-content\/uploads\/2025\/02\/nordnesrepublikken-2-2-150x150.jpg\",\"contentUrl\":\"https:\/\/nordnesrepublikken.no\/wp-content\/uploads\/2025\/02\/nordnesrepublikken-2-2-150x150.jpg\",\"caption\":\"Ole Andersen\"},\"description\":\"Ettersom jeg vokste opp i Oslo, har jeg alltid v\u00e6rt fascinert av ordenes kraft og deres evne til \u00e5 skape endringer. Etter \u00e5 ha fullf\u00f8rt min utdannelse i kommunikasjon ved Universitetet i Bergen, fikk jeg muligheten til \u00e5 jobbe innen ulike medier, der jeg har s\u00f8kt \u00e5 belyse viktige samfunnssp\u00f8rsm\u00e5l. I dag, som redakt\u00f8r for Nordnesrepublikken, pr\u00f8ver jeg \u00e5 forene min kj\u00e6rlighet for journalistikk med min lidenskap for innovasjon og eventyr.\",\"sameAs\":[\"https:\/\/nordnesrepublikken.no\/\"]}]}<\/script>\n<!-- \/ Yoast SEO plugin. -->","yoast_head_json":{"title":"Hva endrer seg og fordi det var blitt avskaffet - Nordnesrepublikken","robots":{"index":"index","follow":"follow","max-snippet":"max-snippet:-1","max-image-preview":"max-image-preview:large","max-video-preview":"max-video-preview:-1"},"canonical":"https:\/\/nordnesrepublikken.no\/index.php\/2025\/10\/03\/hva-endrer-seg-og-fordi-det-var-blitt-avskaffet\/","og_locale":"nb_NO","og_type":"article","og_title":"Hva endrer seg og fordi det var blitt avskaffet - Nordnesrepublikken","og_description":"De 4. oktoberdag for St. Franciser igjen Nasjonalt parti: Etter \u00e5 ha blitt avskaffet i","og_url":"https:\/\/nordnesrepublikken.no\/index.php\/2025\/10\/03\/hva-endrer-seg-og-fordi-det-var-blitt-avskaffet\/","og_site_name":"Nordnesrepublikken","article_published_time":"2025-10-02T22:50:05+00:00","article_modified_time":"2025-10-02T22:50:18+00:00","og_image":[{"width":2560,"height":1702,"url":"https:\/\/nordnesrepublikken.no\/wp-content\/uploads\/2025\/10\/1759445406_Hva-endrer-seg-og-fordi-det-var-blitt-avskaffet-scaled.jpg","type":"image\/jpeg"}],"author":"Ole Andersen","twitter_card":"summary_large_image","twitter_misc":{"Skrevet av":"Ole Andersen","Ansl. lesetid":"3 minutter"},"schema":{"@context":"https:\/\/schema.org","@graph":[{"@type":"Article","@id":"https:\/\/nordnesrepublikken.no\/index.php\/2025\/10\/03\/hva-endrer-seg-og-fordi-det-var-blitt-avskaffet\/#article","isPartOf":{"@id":"https:\/\/nordnesrepublikken.no\/index.php\/2025\/10\/03\/hva-endrer-seg-og-fordi-det-var-blitt-avskaffet\/"},"author":{"name":"Ole Andersen","@id":"https:\/\/nordnesrepublikken.no\/#\/schema\/person\/2e7e81935bab77882fffb79296240ff1"},"headline":"Hva endrer seg og fordi det var blitt avskaffet","datePublished":"2025-10-02T22:50:05+00:00","dateModified":"2025-10-02T22:50:18+00:00","mainEntityOfPage":{"@id":"https:\/\/nordnesrepublikken.no\/index.php\/2025\/10\/03\/hva-endrer-seg-og-fordi-det-var-blitt-avskaffet\/"},"wordCount":672,"publisher":{"@id":"https:\/\/nordnesrepublikken.no\/#organization"},"image":{"@id":"https:\/\/nordnesrepublikken.no\/index.php\/2025\/10\/03\/hva-endrer-seg-og-fordi-det-var-blitt-avskaffet\/#primaryimage"},"thumbnailUrl":"https:\/\/nordnesrepublikken.no\/wp-content\/uploads\/2025\/10\/1759445406_Hva-endrer-seg-og-fordi-det-var-blitt-avskaffet-scaled.jpg","keywords":["avskaffet","blitt","Det","endrer","Fordi","Hva","seg","var"],"articleSection":["Samfunn"],"inLanguage":"nb-NO"},{"@type":"WebPage","@id":"https:\/\/nordnesrepublikken.no\/index.php\/2025\/10\/03\/hva-endrer-seg-og-fordi-det-var-blitt-avskaffet\/","url":"https:\/\/nordnesrepublikken.no\/index.php\/2025\/10\/03\/hva-endrer-seg-og-fordi-det-var-blitt-avskaffet\/","name":"Hva endrer seg og fordi det var blitt avskaffet - Nordnesrepublikken","isPartOf":{"@id":"https:\/\/nordnesrepublikken.no\/#website"},"primaryImageOfPage":{"@id":"https:\/\/nordnesrepublikken.no\/index.php\/2025\/10\/03\/hva-endrer-seg-og-fordi-det-var-blitt-avskaffet\/#primaryimage"},"image":{"@id":"https:\/\/nordnesrepublikken.no\/index.php\/2025\/10\/03\/hva-endrer-seg-og-fordi-det-var-blitt-avskaffet\/#primaryimage"},"thumbnailUrl":"https:\/\/nordnesrepublikken.no\/wp-content\/uploads\/2025\/10\/1759445406_Hva-endrer-seg-og-fordi-det-var-blitt-avskaffet-scaled.jpg","datePublished":"2025-10-02T22:50:05+00:00","dateModified":"2025-10-02T22:50:18+00:00","breadcrumb":{"@id":"https:\/\/nordnesrepublikken.no\/index.php\/2025\/10\/03\/hva-endrer-seg-og-fordi-det-var-blitt-avskaffet\/#breadcrumb"},"inLanguage":"nb-NO","potentialAction":[{"@type":"ReadAction","target":["https:\/\/nordnesrepublikken.no\/index.php\/2025\/10\/03\/hva-endrer-seg-og-fordi-det-var-blitt-avskaffet\/"]}]},{"@type":"ImageObject","inLanguage":"nb-NO","@id":"https:\/\/nordnesrepublikken.no\/index.php\/2025\/10\/03\/hva-endrer-seg-og-fordi-det-var-blitt-avskaffet\/#primaryimage","url":"https:\/\/nordnesrepublikken.no\/wp-content\/uploads\/2025\/10\/1759445406_Hva-endrer-seg-og-fordi-det-var-blitt-avskaffet-scaled.jpg","contentUrl":"https:\/\/nordnesrepublikken.no\/wp-content\/uploads\/2025\/10\/1759445406_Hva-endrer-seg-og-fordi-det-var-blitt-avskaffet-scaled.jpg","width":2560,"height":1702,"caption":"Hva endrer seg og fordi det var blitt avskaffet"},{"@type":"BreadcrumbList","@id":"https:\/\/nordnesrepublikken.no\/index.php\/2025\/10\/03\/hva-endrer-seg-og-fordi-det-var-blitt-avskaffet\/#breadcrumb","itemListElement":[{"@type":"ListItem","position":1,"name":"Home","item":"https:\/\/nordnesrepublikken.no\/"},{"@type":"ListItem","position":2,"name":"Hva endrer seg og fordi det var blitt avskaffet"}]},{"@type":"WebSite","@id":"https:\/\/nordnesrepublikken.no\/#website","url":"https:\/\/nordnesrepublikken.no\/","name":"Nordnesrepublikken","description":"Stemmer og Visjoner fra Republikkens Hjerte","publisher":{"@id":"https:\/\/nordnesrepublikken.no\/#organization"},"potentialAction":[{"@type":"SearchAction","target":{"@type":"EntryPoint","urlTemplate":"https:\/\/nordnesrepublikken.no\/?s={search_term_string}"},"query-input":{"@type":"PropertyValueSpecification","valueRequired":true,"valueName":"search_term_string"}}],"inLanguage":"nb-NO"},{"@type":"Organization","@id":"https:\/\/nordnesrepublikken.no\/#organization","name":"Nordnesrepublikken","url":"https:\/\/nordnesrepublikken.no\/","logo":{"@type":"ImageObject","inLanguage":"nb-NO","@id":"https:\/\/nordnesrepublikken.no\/#\/schema\/logo\/image\/","url":"https:\/\/nordnesrepublikken.no\/wp-content\/uploads\/2025\/02\/cropped-nordnesrepublikken-2.png","contentUrl":"https:\/\/nordnesrepublikken.no\/wp-content\/uploads\/2025\/02\/cropped-nordnesrepublikken-2.png","width":1248,"height":362,"caption":"Nordnesrepublikken"},"image":{"@id":"https:\/\/nordnesrepublikken.no\/#\/schema\/logo\/image\/"}},{"@type":"Person","@id":"https:\/\/nordnesrepublikken.no\/#\/schema\/person\/2e7e81935bab77882fffb79296240ff1","name":"Ole Andersen","image":{"@type":"ImageObject","inLanguage":"nb-NO","@id":"https:\/\/nordnesrepublikken.no\/#\/schema\/person\/image\/","url":"https:\/\/nordnesrepublikken.no\/wp-content\/uploads\/2025\/02\/nordnesrepublikken-2-2-150x150.jpg","contentUrl":"https:\/\/nordnesrepublikken.no\/wp-content\/uploads\/2025\/02\/nordnesrepublikken-2-2-150x150.jpg","caption":"Ole Andersen"},"description":"Ettersom jeg vokste opp i Oslo, har jeg alltid v\u00e6rt fascinert av ordenes kraft og deres evne til \u00e5 skape endringer. Etter \u00e5 ha fullf\u00f8rt min utdannelse i kommunikasjon ved Universitetet i Bergen, fikk jeg muligheten til \u00e5 jobbe innen ulike medier, der jeg har s\u00f8kt \u00e5 belyse viktige samfunnssp\u00f8rsm\u00e5l. I dag, som redakt\u00f8r for Nordnesrepublikken, pr\u00f8ver jeg \u00e5 forene min kj\u00e6rlighet for journalistikk med min lidenskap for innovasjon og eventyr.","sameAs":["https:\/\/nordnesrepublikken.no\/"]}]}},"_links":{"self":[{"href":"https:\/\/nordnesrepublikken.no\/index.php\/wp-json\/wp\/v2\/posts\/10201","targetHints":{"allow":["GET"]}}],"collection":[{"href":"https:\/\/nordnesrepublikken.no\/index.php\/wp-json\/wp\/v2\/posts"}],"about":[{"href":"https:\/\/nordnesrepublikken.no\/index.php\/wp-json\/wp\/v2\/types\/post"}],"author":[{"embeddable":true,"href":"https:\/\/nordnesrepublikken.no\/index.php\/wp-json\/wp\/v2\/users\/1"}],"replies":[{"embeddable":true,"href":"https:\/\/nordnesrepublikken.no\/index.php\/wp-json\/wp\/v2\/comments?post=10201"}],"version-history":[{"count":1,"href":"https:\/\/nordnesrepublikken.no\/index.php\/wp-json\/wp\/v2\/posts\/10201\/revisions"}],"predecessor-version":[{"id":10203,"href":"https:\/\/nordnesrepublikken.no\/index.php\/wp-json\/wp\/v2\/posts\/10201\/revisions\/10203"}],"wp:featuredmedia":[{"embeddable":true,"href":"https:\/\/nordnesrepublikken.no\/index.php\/wp-json\/wp\/v2\/media\/10202"}],"wp:attachment":[{"href":"https:\/\/nordnesrepublikken.no\/index.php\/wp-json\/wp\/v2\/media?parent=10201"}],"wp:term":[{"taxonomy":"category","embeddable":true,"href":"https:\/\/nordnesrepublikken.no\/index.php\/wp-json\/wp\/v2\/categories?post=10201"},{"taxonomy":"post_tag","embeddable":true,"href":"https:\/\/nordnesrepublikken.no\/index.php\/wp-json\/wp\/v2\/tags?post=10201"}],"curies":[{"name":"wp","href":"https:\/\/api.w.org\/{rel}","templated":true}]}}