{"id":10198,"date":"2025-10-02T23:49:32","date_gmt":"2025-10-02T21:49:32","guid":{"rendered":"https:\/\/nordnesrepublikken.no\/index.php\/2025\/10\/02\/reisekaos-ryanair-advarer-600-flyreiser-kan-okes-neste-uke\/"},"modified":"2025-10-02T23:49:34","modified_gmt":"2025-10-02T21:49:34","slug":"reisekaos-ryanair-advarer-600-flyreiser-kan-okes-neste-uke","status":"publish","type":"post","link":"https:\/\/nordnesrepublikken.no\/index.php\/2025\/10\/02\/reisekaos-ryanair-advarer-600-flyreiser-kan-okes-neste-uke\/","title":{"rendered":"Reisekaos: Ryanair advarer 600 flyreiser kan \u00f8kes neste uke"},"content":{"rendered":"<p><\/p>\n<div class=\"wordpress-content\">\n                    <!-- Article Start --><\/p>\n<p><strong>Ferieplaner for tusenvis av reisende henger etter en tr\u00e5d da Ryanairs frittalende sjef Michael O&#8217;Leary advarer om at opptil 100 000 passasjerer kunne se flyene sine skrotet neste uke.<\/strong><\/p>\n<p>Grunnen? En frisk runde med fransk flytrafikkontroll streik som truer med \u00e5 kaste Europas himmel i uro igjen.<\/p>\n<h2>Fransk streik kan bakke flyreiser over hele Europa<\/h2>\n<p>Forstyrrelsen handler ikke bare om flyreiser til og fra Frankrike. Den virkelige brodden kommer fra det som er kjent som <em>Overflyt<\/em> &#8211; Fly som ganske enkelt passerer gjennom fransk luftrom p\u00e5 vei til Spania, Italia, Hellas og utover.<\/p>\n<div class=\"sra_unit\"><link rel=\"stylesheet\" id=\"block-sra\" href=\"https:\/\/euroweeklynews.com\/wp-content\/plugins\/snack-related-articles\/dist\/css\/snack-related.min.css?250312-193541\" type=\"text\/css\" media=\"all\">\n<\/div>\n<p>Og med Frankrike som sitter rett i hjertet av Europa, betyr det at en enorm del av europeisk reise kan bli rammet.<\/p>\n<p>Streiken, kalt av den mektige SNCTA -unionen, skal etter planen l\u00f8pe fra tirsdag 7. oktober til morgenen fredag \u200b\u200b10. oktober. Forbundet g\u00e5r ut over l\u00f8nns- og arbeidsforhold, men for passasjerer i Storbritannia, Spania, Irland og andre steder, betyr ikke detaljene noe &#8211; det som betyr noe er om flyturen deres til og med vil ta av.<\/p>\n<p>O&#8217;Leary sier at Ryanair alene kan bli tvunget til \u00e5 avlyse rundt 600 flyreiser i l\u00f8pet av de to f\u00f8rste dagene, og strandet omtrent 100 000 passasjerer.<\/p>\n<p>&laquo;De fleste av disse flyvningene er overflytter &#8211; folk som flyr fra Storbritannia til Spania, eller Italia til Irland &#8211; som ikke har noe med Frankrike \u00e5 gj\u00f8re,&raquo; sa han. &laquo;Likevel er det de som blir straffet.&raquo;<\/p>\n<h2>O&#8217;Leary: EU m\u00e5 beskytte overflytter<\/h2>\n<p>P\u00e5 typisk brennende m\u00e5te holdt ikke Ryanair -sjefen tilbake. Mens han understreket at franske arbeidere har all streik, merket han knock-on-effekten over hele Europa som et &laquo;grunnleggende brudd p\u00e5 det indre markedet.&raquo;<\/p>\n<p>&laquo;De b\u00f8r avbryte franske innenriksflyvninger hvis de m\u00e5,&raquo; sa han. &laquo;Men n\u00e5r du blokkerer fly fra Storbritannia til Spania eller Italia til Irland, er det et misbruk av EU -regler.&raquo;<\/p>\n<p>Han har bedt EU -kommisjonen og nasjonale regjeringer til slutt \u00e5 g\u00e5 inn, og oppfordret Eurocontrol, kroppen som er ansvarlig for \u00e5 koordinere Europas flytrafikk, for \u00e5 holde overflytninger i bevegelse under industriell aksjon.<\/p>\n<p>&laquo;Vi krever godt at overflyttene v\u00e5re er beskyttet,&raquo; sa O&#8217;Leary. &laquo;Hvis en britisk familie flyr til Tenerife, eller spanske bes\u00f8kende kommer til London, b\u00f8r planene deres ikke bli vraket av en streik i Frankrike.&raquo;<\/p>\n<p>Ireren, som aldri er sjenert for en overskrift, anklaget ogs\u00e5 politikere for likegyldighet: &laquo;De bryr seg ikke om den omreisende offentligheten, og de vil ikke komme av rumpene for \u00e5 kreve beskyttelse.&raquo;<\/p>\n<h2>Andre flyselskaper stag for p\u00e5virkning<\/h2>\n<p>Det er ikke bare Ryanair i skytelinjen. EasyJet, British Airways, Lufthansa og Vueling kan alle tvinges inn i massebaneringer hvis fransk luftrom er begrenset.<\/p>\n<p>S\u00e5 langt har EasyJet sagt at den venter p\u00e5 klarhet fra luftfartsmyndighetene f\u00f8r de bestemmer hvilke flyreiser som kan bli ber\u00f8rt. &laquo;Vi vil oppdatere kunder direkte og fortsette \u00e5 overv\u00e5ke situasjonen,&raquo; sa flyselskapet.<\/p>\n<p>Storbritannias avdeling for transport bemerket i mellomtiden at &laquo;luftrommet er suveren&raquo; og understreket at hvert land har rett til \u00e5 styre himmelen slik det ser passende. Tjenestemenn la til at flyselskaper og flyplasser allerede har &laquo;motstandskraftsplaner&raquo; p\u00e5 plass for \u00e5 redusere forstyrrelser.<\/p>\n<p>For passasjerer ringer imidlertid den forsikringen hul. Mange husker lignende streik de siste \u00e5rene, som etterlot familiene strandet p\u00e5 flyplasser og ruslet etter hotellrom.<\/p>\n<p>Ryanair sier at den igjen vil gi overnatting og m\u00e5ltider for ber\u00f8rte reisende, men for de med bryllup, cruise eller tilkoblingsflyvninger som er stilt opp, kan skadene allerede gj\u00f8res.<\/p>\n<h2>Passasjerer oppfordret til \u00e5 forberede seg p\u00e5 det verste<\/h2>\n<p>Forel\u00f8pig er det beste r\u00e5det enkelt: fortsett \u00e5 sjekke flyselskapets app eller nettsted i dagene f\u00f8r du reiser. Med streik som disse, kan tidsplanene endres raskt, og kanselleringer kommer ofte p\u00e5 kort varsel.<\/p>\n<p>O&#8217;Leary oppfordrer ogs\u00e5 passasjerer til \u00e5 f\u00e5 stemmene sine h\u00f8rt ved \u00e5 klage til EU -ledere og nasjonale transportministre. Ryanair har til og med satt opp et dedikert nettsted &#8211; atcruinedourholiday.com &#8211; for \u00e5 trakte frustrerte klager rett til Brussel.<\/p>\n<p>Om det gj\u00f8r en forskjell er et annet sp\u00f8rsm\u00e5l. Forel\u00f8pig krysser millioner av europeiske reisende fingrene som snakker mellom franske kontrollere og regjeringen bringer et gjennombrudd f\u00f8r tirsdag.<\/p>\n<p>Hvis ikke, kan himmelen over Frankrike nok en gang bli sentrum for en annen bitter rekke, og etterlot opptil 100 000 mennesker fast p\u00e5 bakken og h\u00f8ytider \u00f8delagt.<\/p>\n<p>                    <!-- This article has been originally published at https:\/\/euroweeklynews.com\/2025\/10\/02\/travel-chaos-ryanair-warns-600-flights-could-be-axed-next-week\/ on 02 Oct 2025 at 13:43 by Farah Mokrani --><br \/>\n                    <!-- Article End -->\n                <\/div>\n","protected":false},"excerpt":{"rendered":"<p>Ferieplaner for tusenvis av reisende henger etter en tr\u00e5d da Ryanairs frittalende sjef Michael O&#8217;Leary<\/p>\n","protected":false},"author":1,"featured_media":10199,"comment_status":"closed","ping_status":"open","sticky":false,"template":"","format":"standard","meta":{"footnotes":""},"categories":[105],"tags":[1123,805,339,118,6707,6259,1079,1066],"class_list":["post-10198","post","type-post","status-publish","format-standard","has-post-thumbnail","hentry","category-livsstil","tag-advarer","tag-flyreiser","tag-kan","tag-neste","tag-okes","tag-reisekaos","tag-ryanair","tag-uke","generate-columns","tablet-grid-50","mobile-grid-100","grid-parent","grid-33","resize-featured-image"],"yoast_head":"<!-- This site is optimized with the Yoast SEO plugin v24.4 - https:\/\/yoast.com\/wordpress\/plugins\/seo\/ -->\n<title>Reisekaos: Ryanair advarer 600 flyreiser kan \u00f8kes neste uke - Nordnesrepublikken<\/title>\n<meta name=\"robots\" content=\"index, follow, max-snippet:-1, max-image-preview:large, max-video-preview:-1\" \/>\n<link rel=\"canonical\" href=\"https:\/\/nordnesrepublikken.no\/index.php\/2025\/10\/02\/reisekaos-ryanair-advarer-600-flyreiser-kan-okes-neste-uke\/\" \/>\n<meta property=\"og:locale\" content=\"nb_NO\" \/>\n<meta property=\"og:type\" content=\"article\" \/>\n<meta property=\"og:title\" content=\"Reisekaos: Ryanair advarer 600 flyreiser kan \u00f8kes neste uke - Nordnesrepublikken\" \/>\n<meta property=\"og:description\" content=\"Ferieplaner for tusenvis av reisende henger etter en tr\u00e5d da Ryanairs frittalende sjef Michael O&#8217;Leary\" \/>\n<meta property=\"og:url\" content=\"https:\/\/nordnesrepublikken.no\/index.php\/2025\/10\/02\/reisekaos-ryanair-advarer-600-flyreiser-kan-okes-neste-uke\/\" \/>\n<meta property=\"og:site_name\" content=\"Nordnesrepublikken\" \/>\n<meta property=\"article:published_time\" content=\"2025-10-02T21:49:32+00:00\" \/>\n<meta property=\"article:modified_time\" content=\"2025-10-02T21:49:34+00:00\" \/>\n<meta property=\"og:image\" content=\"https:\/\/nordnesrepublikken.no\/wp-content\/uploads\/2025\/10\/1759441773_Reisekaos-Ryanair-advarer-600-flyreiser-kan-okes-neste-uke.jpg\" \/>\n\t<meta property=\"og:image:width\" content=\"1200\" \/>\n\t<meta property=\"og:image:height\" content=\"799\" \/>\n\t<meta property=\"og:image:type\" content=\"image\/jpeg\" \/>\n<meta name=\"author\" content=\"Ole Andersen\" \/>\n<meta name=\"twitter:card\" content=\"summary_large_image\" \/>\n<meta name=\"twitter:label1\" content=\"Skrevet av\" \/>\n\t<meta name=\"twitter:data1\" content=\"Ole Andersen\" \/>\n\t<meta name=\"twitter:label2\" content=\"Ansl. lesetid\" \/>\n\t<meta name=\"twitter:data2\" content=\"4 minutter\" \/>\n<script type=\"application\/ld+json\" class=\"yoast-schema-graph\">{\"@context\":\"https:\/\/schema.org\",\"@graph\":[{\"@type\":\"Article\",\"@id\":\"https:\/\/nordnesrepublikken.no\/index.php\/2025\/10\/02\/reisekaos-ryanair-advarer-600-flyreiser-kan-okes-neste-uke\/#article\",\"isPartOf\":{\"@id\":\"https:\/\/nordnesrepublikken.no\/index.php\/2025\/10\/02\/reisekaos-ryanair-advarer-600-flyreiser-kan-okes-neste-uke\/\"},\"author\":{\"name\":\"Ole Andersen\",\"@id\":\"https:\/\/nordnesrepublikken.no\/#\/schema\/person\/2e7e81935bab77882fffb79296240ff1\"},\"headline\":\"Reisekaos: Ryanair advarer 600 flyreiser kan \u00f8kes neste uke\",\"datePublished\":\"2025-10-02T21:49:32+00:00\",\"dateModified\":\"2025-10-02T21:49:34+00:00\",\"mainEntityOfPage\":{\"@id\":\"https:\/\/nordnesrepublikken.no\/index.php\/2025\/10\/02\/reisekaos-ryanair-advarer-600-flyreiser-kan-okes-neste-uke\/\"},\"wordCount\":717,\"publisher\":{\"@id\":\"https:\/\/nordnesrepublikken.no\/#organization\"},\"image\":{\"@id\":\"https:\/\/nordnesrepublikken.no\/index.php\/2025\/10\/02\/reisekaos-ryanair-advarer-600-flyreiser-kan-okes-neste-uke\/#primaryimage\"},\"thumbnailUrl\":\"https:\/\/nordnesrepublikken.no\/wp-content\/uploads\/2025\/10\/1759441773_Reisekaos-Ryanair-advarer-600-flyreiser-kan-okes-neste-uke.jpg\",\"keywords\":[\"advarer\",\"flyreiser\",\"kan\",\"neste\",\"\u00f8kes\",\"reisekaos\",\"Ryanair\",\"uke\"],\"articleSection\":[\"Livsstil\"],\"inLanguage\":\"nb-NO\"},{\"@type\":\"WebPage\",\"@id\":\"https:\/\/nordnesrepublikken.no\/index.php\/2025\/10\/02\/reisekaos-ryanair-advarer-600-flyreiser-kan-okes-neste-uke\/\",\"url\":\"https:\/\/nordnesrepublikken.no\/index.php\/2025\/10\/02\/reisekaos-ryanair-advarer-600-flyreiser-kan-okes-neste-uke\/\",\"name\":\"Reisekaos: Ryanair advarer 600 flyreiser kan \u00f8kes neste uke - Nordnesrepublikken\",\"isPartOf\":{\"@id\":\"https:\/\/nordnesrepublikken.no\/#website\"},\"primaryImageOfPage\":{\"@id\":\"https:\/\/nordnesrepublikken.no\/index.php\/2025\/10\/02\/reisekaos-ryanair-advarer-600-flyreiser-kan-okes-neste-uke\/#primaryimage\"},\"image\":{\"@id\":\"https:\/\/nordnesrepublikken.no\/index.php\/2025\/10\/02\/reisekaos-ryanair-advarer-600-flyreiser-kan-okes-neste-uke\/#primaryimage\"},\"thumbnailUrl\":\"https:\/\/nordnesrepublikken.no\/wp-content\/uploads\/2025\/10\/1759441773_Reisekaos-Ryanair-advarer-600-flyreiser-kan-okes-neste-uke.jpg\",\"datePublished\":\"2025-10-02T21:49:32+00:00\",\"dateModified\":\"2025-10-02T21:49:34+00:00\",\"breadcrumb\":{\"@id\":\"https:\/\/nordnesrepublikken.no\/index.php\/2025\/10\/02\/reisekaos-ryanair-advarer-600-flyreiser-kan-okes-neste-uke\/#breadcrumb\"},\"inLanguage\":\"nb-NO\",\"potentialAction\":[{\"@type\":\"ReadAction\",\"target\":[\"https:\/\/nordnesrepublikken.no\/index.php\/2025\/10\/02\/reisekaos-ryanair-advarer-600-flyreiser-kan-okes-neste-uke\/\"]}]},{\"@type\":\"ImageObject\",\"inLanguage\":\"nb-NO\",\"@id\":\"https:\/\/nordnesrepublikken.no\/index.php\/2025\/10\/02\/reisekaos-ryanair-advarer-600-flyreiser-kan-okes-neste-uke\/#primaryimage\",\"url\":\"https:\/\/nordnesrepublikken.no\/wp-content\/uploads\/2025\/10\/1759441773_Reisekaos-Ryanair-advarer-600-flyreiser-kan-okes-neste-uke.jpg\",\"contentUrl\":\"https:\/\/nordnesrepublikken.no\/wp-content\/uploads\/2025\/10\/1759441773_Reisekaos-Ryanair-advarer-600-flyreiser-kan-okes-neste-uke.jpg\",\"width\":1200,\"height\":799,\"caption\":\"Reisekaos: Ryanair advarer 600 flyreiser kan \u00f8kes neste uke\"},{\"@type\":\"BreadcrumbList\",\"@id\":\"https:\/\/nordnesrepublikken.no\/index.php\/2025\/10\/02\/reisekaos-ryanair-advarer-600-flyreiser-kan-okes-neste-uke\/#breadcrumb\",\"itemListElement\":[{\"@type\":\"ListItem\",\"position\":1,\"name\":\"Home\",\"item\":\"https:\/\/nordnesrepublikken.no\/\"},{\"@type\":\"ListItem\",\"position\":2,\"name\":\"Reisekaos: Ryanair advarer 600 flyreiser kan \u00f8kes neste uke\"}]},{\"@type\":\"WebSite\",\"@id\":\"https:\/\/nordnesrepublikken.no\/#website\",\"url\":\"https:\/\/nordnesrepublikken.no\/\",\"name\":\"Nordnesrepublikken\",\"description\":\"Stemmer og Visjoner fra Republikkens Hjerte\",\"publisher\":{\"@id\":\"https:\/\/nordnesrepublikken.no\/#organization\"},\"potentialAction\":[{\"@type\":\"SearchAction\",\"target\":{\"@type\":\"EntryPoint\",\"urlTemplate\":\"https:\/\/nordnesrepublikken.no\/?s={search_term_string}\"},\"query-input\":{\"@type\":\"PropertyValueSpecification\",\"valueRequired\":true,\"valueName\":\"search_term_string\"}}],\"inLanguage\":\"nb-NO\"},{\"@type\":\"Organization\",\"@id\":\"https:\/\/nordnesrepublikken.no\/#organization\",\"name\":\"Nordnesrepublikken\",\"url\":\"https:\/\/nordnesrepublikken.no\/\",\"logo\":{\"@type\":\"ImageObject\",\"inLanguage\":\"nb-NO\",\"@id\":\"https:\/\/nordnesrepublikken.no\/#\/schema\/logo\/image\/\",\"url\":\"https:\/\/nordnesrepublikken.no\/wp-content\/uploads\/2025\/02\/cropped-nordnesrepublikken-2.png\",\"contentUrl\":\"https:\/\/nordnesrepublikken.no\/wp-content\/uploads\/2025\/02\/cropped-nordnesrepublikken-2.png\",\"width\":1248,\"height\":362,\"caption\":\"Nordnesrepublikken\"},\"image\":{\"@id\":\"https:\/\/nordnesrepublikken.no\/#\/schema\/logo\/image\/\"}},{\"@type\":\"Person\",\"@id\":\"https:\/\/nordnesrepublikken.no\/#\/schema\/person\/2e7e81935bab77882fffb79296240ff1\",\"name\":\"Ole Andersen\",\"image\":{\"@type\":\"ImageObject\",\"inLanguage\":\"nb-NO\",\"@id\":\"https:\/\/nordnesrepublikken.no\/#\/schema\/person\/image\/\",\"url\":\"https:\/\/nordnesrepublikken.no\/wp-content\/uploads\/2025\/02\/nordnesrepublikken-2-2-150x150.jpg\",\"contentUrl\":\"https:\/\/nordnesrepublikken.no\/wp-content\/uploads\/2025\/02\/nordnesrepublikken-2-2-150x150.jpg\",\"caption\":\"Ole Andersen\"},\"description\":\"Ettersom jeg vokste opp i Oslo, har jeg alltid v\u00e6rt fascinert av ordenes kraft og deres evne til \u00e5 skape endringer. Etter \u00e5 ha fullf\u00f8rt min utdannelse i kommunikasjon ved Universitetet i Bergen, fikk jeg muligheten til \u00e5 jobbe innen ulike medier, der jeg har s\u00f8kt \u00e5 belyse viktige samfunnssp\u00f8rsm\u00e5l. I dag, som redakt\u00f8r for Nordnesrepublikken, pr\u00f8ver jeg \u00e5 forene min kj\u00e6rlighet for journalistikk med min lidenskap for innovasjon og eventyr.\",\"sameAs\":[\"https:\/\/nordnesrepublikken.no\/\"]}]}<\/script>\n<!-- \/ Yoast SEO plugin. -->","yoast_head_json":{"title":"Reisekaos: Ryanair advarer 600 flyreiser kan \u00f8kes neste uke - Nordnesrepublikken","robots":{"index":"index","follow":"follow","max-snippet":"max-snippet:-1","max-image-preview":"max-image-preview:large","max-video-preview":"max-video-preview:-1"},"canonical":"https:\/\/nordnesrepublikken.no\/index.php\/2025\/10\/02\/reisekaos-ryanair-advarer-600-flyreiser-kan-okes-neste-uke\/","og_locale":"nb_NO","og_type":"article","og_title":"Reisekaos: Ryanair advarer 600 flyreiser kan \u00f8kes neste uke - Nordnesrepublikken","og_description":"Ferieplaner for tusenvis av reisende henger etter en tr\u00e5d da Ryanairs frittalende sjef Michael O&#8217;Leary","og_url":"https:\/\/nordnesrepublikken.no\/index.php\/2025\/10\/02\/reisekaos-ryanair-advarer-600-flyreiser-kan-okes-neste-uke\/","og_site_name":"Nordnesrepublikken","article_published_time":"2025-10-02T21:49:32+00:00","article_modified_time":"2025-10-02T21:49:34+00:00","og_image":[{"width":1200,"height":799,"url":"https:\/\/nordnesrepublikken.no\/wp-content\/uploads\/2025\/10\/1759441773_Reisekaos-Ryanair-advarer-600-flyreiser-kan-okes-neste-uke.jpg","type":"image\/jpeg"}],"author":"Ole Andersen","twitter_card":"summary_large_image","twitter_misc":{"Skrevet av":"Ole Andersen","Ansl. lesetid":"4 minutter"},"schema":{"@context":"https:\/\/schema.org","@graph":[{"@type":"Article","@id":"https:\/\/nordnesrepublikken.no\/index.php\/2025\/10\/02\/reisekaos-ryanair-advarer-600-flyreiser-kan-okes-neste-uke\/#article","isPartOf":{"@id":"https:\/\/nordnesrepublikken.no\/index.php\/2025\/10\/02\/reisekaos-ryanair-advarer-600-flyreiser-kan-okes-neste-uke\/"},"author":{"name":"Ole Andersen","@id":"https:\/\/nordnesrepublikken.no\/#\/schema\/person\/2e7e81935bab77882fffb79296240ff1"},"headline":"Reisekaos: Ryanair advarer 600 flyreiser kan \u00f8kes neste uke","datePublished":"2025-10-02T21:49:32+00:00","dateModified":"2025-10-02T21:49:34+00:00","mainEntityOfPage":{"@id":"https:\/\/nordnesrepublikken.no\/index.php\/2025\/10\/02\/reisekaos-ryanair-advarer-600-flyreiser-kan-okes-neste-uke\/"},"wordCount":717,"publisher":{"@id":"https:\/\/nordnesrepublikken.no\/#organization"},"image":{"@id":"https:\/\/nordnesrepublikken.no\/index.php\/2025\/10\/02\/reisekaos-ryanair-advarer-600-flyreiser-kan-okes-neste-uke\/#primaryimage"},"thumbnailUrl":"https:\/\/nordnesrepublikken.no\/wp-content\/uploads\/2025\/10\/1759441773_Reisekaos-Ryanair-advarer-600-flyreiser-kan-okes-neste-uke.jpg","keywords":["advarer","flyreiser","kan","neste","\u00f8kes","reisekaos","Ryanair","uke"],"articleSection":["Livsstil"],"inLanguage":"nb-NO"},{"@type":"WebPage","@id":"https:\/\/nordnesrepublikken.no\/index.php\/2025\/10\/02\/reisekaos-ryanair-advarer-600-flyreiser-kan-okes-neste-uke\/","url":"https:\/\/nordnesrepublikken.no\/index.php\/2025\/10\/02\/reisekaos-ryanair-advarer-600-flyreiser-kan-okes-neste-uke\/","name":"Reisekaos: Ryanair advarer 600 flyreiser kan \u00f8kes neste uke - Nordnesrepublikken","isPartOf":{"@id":"https:\/\/nordnesrepublikken.no\/#website"},"primaryImageOfPage":{"@id":"https:\/\/nordnesrepublikken.no\/index.php\/2025\/10\/02\/reisekaos-ryanair-advarer-600-flyreiser-kan-okes-neste-uke\/#primaryimage"},"image":{"@id":"https:\/\/nordnesrepublikken.no\/index.php\/2025\/10\/02\/reisekaos-ryanair-advarer-600-flyreiser-kan-okes-neste-uke\/#primaryimage"},"thumbnailUrl":"https:\/\/nordnesrepublikken.no\/wp-content\/uploads\/2025\/10\/1759441773_Reisekaos-Ryanair-advarer-600-flyreiser-kan-okes-neste-uke.jpg","datePublished":"2025-10-02T21:49:32+00:00","dateModified":"2025-10-02T21:49:34+00:00","breadcrumb":{"@id":"https:\/\/nordnesrepublikken.no\/index.php\/2025\/10\/02\/reisekaos-ryanair-advarer-600-flyreiser-kan-okes-neste-uke\/#breadcrumb"},"inLanguage":"nb-NO","potentialAction":[{"@type":"ReadAction","target":["https:\/\/nordnesrepublikken.no\/index.php\/2025\/10\/02\/reisekaos-ryanair-advarer-600-flyreiser-kan-okes-neste-uke\/"]}]},{"@type":"ImageObject","inLanguage":"nb-NO","@id":"https:\/\/nordnesrepublikken.no\/index.php\/2025\/10\/02\/reisekaos-ryanair-advarer-600-flyreiser-kan-okes-neste-uke\/#primaryimage","url":"https:\/\/nordnesrepublikken.no\/wp-content\/uploads\/2025\/10\/1759441773_Reisekaos-Ryanair-advarer-600-flyreiser-kan-okes-neste-uke.jpg","contentUrl":"https:\/\/nordnesrepublikken.no\/wp-content\/uploads\/2025\/10\/1759441773_Reisekaos-Ryanair-advarer-600-flyreiser-kan-okes-neste-uke.jpg","width":1200,"height":799,"caption":"Reisekaos: Ryanair advarer 600 flyreiser kan \u00f8kes neste uke"},{"@type":"BreadcrumbList","@id":"https:\/\/nordnesrepublikken.no\/index.php\/2025\/10\/02\/reisekaos-ryanair-advarer-600-flyreiser-kan-okes-neste-uke\/#breadcrumb","itemListElement":[{"@type":"ListItem","position":1,"name":"Home","item":"https:\/\/nordnesrepublikken.no\/"},{"@type":"ListItem","position":2,"name":"Reisekaos: Ryanair advarer 600 flyreiser kan \u00f8kes neste uke"}]},{"@type":"WebSite","@id":"https:\/\/nordnesrepublikken.no\/#website","url":"https:\/\/nordnesrepublikken.no\/","name":"Nordnesrepublikken","description":"Stemmer og Visjoner fra Republikkens Hjerte","publisher":{"@id":"https:\/\/nordnesrepublikken.no\/#organization"},"potentialAction":[{"@type":"SearchAction","target":{"@type":"EntryPoint","urlTemplate":"https:\/\/nordnesrepublikken.no\/?s={search_term_string}"},"query-input":{"@type":"PropertyValueSpecification","valueRequired":true,"valueName":"search_term_string"}}],"inLanguage":"nb-NO"},{"@type":"Organization","@id":"https:\/\/nordnesrepublikken.no\/#organization","name":"Nordnesrepublikken","url":"https:\/\/nordnesrepublikken.no\/","logo":{"@type":"ImageObject","inLanguage":"nb-NO","@id":"https:\/\/nordnesrepublikken.no\/#\/schema\/logo\/image\/","url":"https:\/\/nordnesrepublikken.no\/wp-content\/uploads\/2025\/02\/cropped-nordnesrepublikken-2.png","contentUrl":"https:\/\/nordnesrepublikken.no\/wp-content\/uploads\/2025\/02\/cropped-nordnesrepublikken-2.png","width":1248,"height":362,"caption":"Nordnesrepublikken"},"image":{"@id":"https:\/\/nordnesrepublikken.no\/#\/schema\/logo\/image\/"}},{"@type":"Person","@id":"https:\/\/nordnesrepublikken.no\/#\/schema\/person\/2e7e81935bab77882fffb79296240ff1","name":"Ole Andersen","image":{"@type":"ImageObject","inLanguage":"nb-NO","@id":"https:\/\/nordnesrepublikken.no\/#\/schema\/person\/image\/","url":"https:\/\/nordnesrepublikken.no\/wp-content\/uploads\/2025\/02\/nordnesrepublikken-2-2-150x150.jpg","contentUrl":"https:\/\/nordnesrepublikken.no\/wp-content\/uploads\/2025\/02\/nordnesrepublikken-2-2-150x150.jpg","caption":"Ole Andersen"},"description":"Ettersom jeg vokste opp i Oslo, har jeg alltid v\u00e6rt fascinert av ordenes kraft og deres evne til \u00e5 skape endringer. Etter \u00e5 ha fullf\u00f8rt min utdannelse i kommunikasjon ved Universitetet i Bergen, fikk jeg muligheten til \u00e5 jobbe innen ulike medier, der jeg har s\u00f8kt \u00e5 belyse viktige samfunnssp\u00f8rsm\u00e5l. I dag, som redakt\u00f8r for Nordnesrepublikken, pr\u00f8ver jeg \u00e5 forene min kj\u00e6rlighet for journalistikk med min lidenskap for innovasjon og eventyr.","sameAs":["https:\/\/nordnesrepublikken.no\/"]}]}},"_links":{"self":[{"href":"https:\/\/nordnesrepublikken.no\/index.php\/wp-json\/wp\/v2\/posts\/10198","targetHints":{"allow":["GET"]}}],"collection":[{"href":"https:\/\/nordnesrepublikken.no\/index.php\/wp-json\/wp\/v2\/posts"}],"about":[{"href":"https:\/\/nordnesrepublikken.no\/index.php\/wp-json\/wp\/v2\/types\/post"}],"author":[{"embeddable":true,"href":"https:\/\/nordnesrepublikken.no\/index.php\/wp-json\/wp\/v2\/users\/1"}],"replies":[{"embeddable":true,"href":"https:\/\/nordnesrepublikken.no\/index.php\/wp-json\/wp\/v2\/comments?post=10198"}],"version-history":[{"count":1,"href":"https:\/\/nordnesrepublikken.no\/index.php\/wp-json\/wp\/v2\/posts\/10198\/revisions"}],"predecessor-version":[{"id":10200,"href":"https:\/\/nordnesrepublikken.no\/index.php\/wp-json\/wp\/v2\/posts\/10198\/revisions\/10200"}],"wp:featuredmedia":[{"embeddable":true,"href":"https:\/\/nordnesrepublikken.no\/index.php\/wp-json\/wp\/v2\/media\/10199"}],"wp:attachment":[{"href":"https:\/\/nordnesrepublikken.no\/index.php\/wp-json\/wp\/v2\/media?parent=10198"}],"wp:term":[{"taxonomy":"category","embeddable":true,"href":"https:\/\/nordnesrepublikken.no\/index.php\/wp-json\/wp\/v2\/categories?post=10198"},{"taxonomy":"post_tag","embeddable":true,"href":"https:\/\/nordnesrepublikken.no\/index.php\/wp-json\/wp\/v2\/tags?post=10198"}],"curies":[{"name":"wp","href":"https:\/\/api.w.org\/{rel}","templated":true}]}}