{"id":10180,"date":"2025-10-02T15:49:51","date_gmt":"2025-10-02T13:49:51","guid":{"rendered":"https:\/\/nordnesrepublikken.no\/index.php\/2025\/10\/02\/norge-nervos-over-flere-dronesyn\/"},"modified":"2025-10-02T15:49:52","modified_gmt":"2025-10-02T13:49:52","slug":"norge-nervos-over-flere-dronesyn","status":"publish","type":"post","link":"https:\/\/nordnesrepublikken.no\/index.php\/2025\/10\/02\/norge-nervos-over-flere-dronesyn\/","title":{"rendered":"Norge nerv\u00f8s over flere dronesyn"},"content":{"rendered":"<p><\/p>\n<div class=\"wordpress-content\">\n                    <!-- Article Start --><\/p>\n<p><strong>En serie med dronesyn de siste ukene i Norges himmel har \u00f8delagt p\u00e5 Oslo -flyplassen og etterlatt tjenestemenn urolige. I slutten av september ble ulovlige og uautoriserte droner observert over Troms og Finnmark i Nord -Norge, og tvang en flytur for \u00e5 avlede l\u00f8pet, og over den historiske Akershus -festningen, noe som fikk arrestasjonen av to individer, blant forskjellige andre hendelser.<\/strong><\/p>\n<p><span style=\"font-weight: 400\">Norges Gateway Oslo flyplass ble tvunget til \u00e5 stenge i den nest siste uken i september p\u00e5 grunn av observasjoner av ulovlig droneaktivitet. Om kvelden s\u00f8ndag 28. september ble flere droner oppdaget i Troms og Finnmark -omr\u00e5det, og tvang en flytur fra Oslo til Bardufoss ble tvunget til \u00e5 snu og vende tilbake til Oslo. Flyplassen i Troms var ogs\u00e5 stengt.<\/span><\/p>\n<p><span style=\"font-weight: 400\">Legger til p\u00e5 haugen med urovekkende tilfeller, ble et par i 50- og 60 -\u00e5rene arrestert om kvelden mandag 29. september for \u00e5 fly en drone over den ber\u00f8mte og historisk betydningsfulle Akershus -festningen. Selv om festningen er en popul\u00e6r turistattraksjon og paret kanskje har \u00f8nsket seg en n\u00e6rmere utsikt, er omr\u00e5det en ekstremt f\u00f8lsom: Strukturen er ogs\u00e5 hjemsted for Norges toppforsvarspersoner og flere av dens milit\u00e6re operasjoner, noe som antyder at intensjonene kanskje ikke har v\u00e6rt s\u00e5 uskyldige som de dukket opp.<\/span><\/p>\n<div class=\"sra_unit\"><link rel=\"stylesheet\" id=\"block-sra\" href=\"https:\/\/euroweeklynews.com\/wp-content\/plugins\/snack-related-articles\/dist\/css\/snack-related.min.css?250312-193541\" type=\"text\/css\" media=\"all\">\n<\/div>\n<p><span style=\"font-weight: 400\">Lenger s\u00f8rover samme s\u00f8ndag, over Br\u00f8n\u00f8ysund i Nordland County, ble mer ulovlige droner oppdaget. Disse tilfellene av droner, i tillegg til de mange andre som har nordmenn, fant sted, fant sted i &laquo;ingen fluesoner.&raquo; <\/span><\/p>\n<p><span style=\"font-weight: 400\">Dette er \u00e5 ikke si noe om de utallige andre dronrelaterte hendelsene som har sendt Norge i panikk de siste ukene. Myndighetene har grunn til \u00e5 tro at disse dronene blir brukt i krigf\u00f8ring eller spionasjeaktivitet. Eksperter mener ogs\u00e5 at dronene er ment \u00e5 for\u00e5rsake uro og nerv\u00f8sitet i en tid med politisk ustabilitet.<\/span><\/p>\n<p><span style=\"font-weight: 400\">Lokale tjenestemenn har forel\u00f8pig ingen ledelse p\u00e5 de fleste av de forskjellige dronesynene i de nordlige og s\u00f8rlige delene av landet, men jobber hardt for \u00e5 unders\u00f8ke saken ytterligere.<\/span><\/p>\n<p>                    <!-- This article has been originally published at https:\/\/euroweeklynews.com\/2025\/10\/02\/norway-nervous-over-several-drone-sightings\/ on 02 Oct 2025 at 12:09 by Natascha Rivera --><br \/>\n                    <!-- Article End -->\n                <\/div>\n","protected":false},"excerpt":{"rendered":"<p>En serie med dronesyn de siste ukene i Norges himmel har \u00f8delagt p\u00e5 Oslo -flyplassen<\/p>\n","protected":false},"author":1,"featured_media":10181,"comment_status":"closed","ping_status":"open","sticky":false,"template":"","format":"standard","meta":{"footnotes":""},"categories":[22],"tags":[6697,850,6696,153],"class_list":["post-10180","post","type-post","status-publish","format-standard","has-post-thumbnail","hentry","category-nasjonal","tag-dronesyn","tag-flere","tag-nervos","tag-norge","generate-columns","tablet-grid-50","mobile-grid-100","grid-parent","grid-33","resize-featured-image"],"yoast_head":"<!-- This site is optimized with the Yoast SEO plugin v24.4 - https:\/\/yoast.com\/wordpress\/plugins\/seo\/ -->\n<title>Norge nerv\u00f8s over flere dronesyn - Nordnesrepublikken<\/title>\n<meta name=\"robots\" content=\"index, follow, max-snippet:-1, max-image-preview:large, max-video-preview:-1\" \/>\n<link rel=\"canonical\" href=\"https:\/\/nordnesrepublikken.no\/index.php\/2025\/10\/02\/norge-nervos-over-flere-dronesyn\/\" \/>\n<meta property=\"og:locale\" content=\"nb_NO\" \/>\n<meta property=\"og:type\" content=\"article\" \/>\n<meta property=\"og:title\" content=\"Norge nerv\u00f8s over flere dronesyn - Nordnesrepublikken\" \/>\n<meta property=\"og:description\" content=\"En serie med dronesyn de siste ukene i Norges himmel har \u00f8delagt p\u00e5 Oslo -flyplassen\" \/>\n<meta property=\"og:url\" content=\"https:\/\/nordnesrepublikken.no\/index.php\/2025\/10\/02\/norge-nervos-over-flere-dronesyn\/\" \/>\n<meta property=\"og:site_name\" content=\"Nordnesrepublikken\" \/>\n<meta property=\"article:published_time\" content=\"2025-10-02T13:49:51+00:00\" \/>\n<meta property=\"article:modified_time\" content=\"2025-10-02T13:49:52+00:00\" \/>\n<meta property=\"og:image\" content=\"https:\/\/nordnesrepublikken.no\/wp-content\/uploads\/2025\/10\/1759412991_Norge-nervos-over-flere-dronesyn.jpg\" \/>\n\t<meta property=\"og:image:width\" content=\"1200\" \/>\n\t<meta property=\"og:image:height\" content=\"675\" \/>\n\t<meta property=\"og:image:type\" content=\"image\/jpeg\" \/>\n<meta name=\"author\" content=\"Ole Andersen\" \/>\n<meta name=\"twitter:card\" content=\"summary_large_image\" \/>\n<meta name=\"twitter:label1\" content=\"Skrevet av\" \/>\n\t<meta name=\"twitter:data1\" content=\"Ole Andersen\" \/>\n\t<meta name=\"twitter:label2\" content=\"Ansl. lesetid\" \/>\n\t<meta name=\"twitter:data2\" content=\"2 minutter\" \/>\n<script type=\"application\/ld+json\" class=\"yoast-schema-graph\">{\"@context\":\"https:\/\/schema.org\",\"@graph\":[{\"@type\":\"Article\",\"@id\":\"https:\/\/nordnesrepublikken.no\/index.php\/2025\/10\/02\/norge-nervos-over-flere-dronesyn\/#article\",\"isPartOf\":{\"@id\":\"https:\/\/nordnesrepublikken.no\/index.php\/2025\/10\/02\/norge-nervos-over-flere-dronesyn\/\"},\"author\":{\"name\":\"Ole Andersen\",\"@id\":\"https:\/\/nordnesrepublikken.no\/#\/schema\/person\/2e7e81935bab77882fffb79296240ff1\"},\"headline\":\"Norge nerv\u00f8s over flere dronesyn\",\"datePublished\":\"2025-10-02T13:49:51+00:00\",\"dateModified\":\"2025-10-02T13:49:52+00:00\",\"mainEntityOfPage\":{\"@id\":\"https:\/\/nordnesrepublikken.no\/index.php\/2025\/10\/02\/norge-nervos-over-flere-dronesyn\/\"},\"wordCount\":338,\"publisher\":{\"@id\":\"https:\/\/nordnesrepublikken.no\/#organization\"},\"image\":{\"@id\":\"https:\/\/nordnesrepublikken.no\/index.php\/2025\/10\/02\/norge-nervos-over-flere-dronesyn\/#primaryimage\"},\"thumbnailUrl\":\"https:\/\/nordnesrepublikken.no\/wp-content\/uploads\/2025\/10\/1759412991_Norge-nervos-over-flere-dronesyn.jpg\",\"keywords\":[\"dronesyn\",\"flere\",\"nerv\u00f8s\",\"Norge\"],\"articleSection\":[\"Nasjonal\"],\"inLanguage\":\"nb-NO\"},{\"@type\":\"WebPage\",\"@id\":\"https:\/\/nordnesrepublikken.no\/index.php\/2025\/10\/02\/norge-nervos-over-flere-dronesyn\/\",\"url\":\"https:\/\/nordnesrepublikken.no\/index.php\/2025\/10\/02\/norge-nervos-over-flere-dronesyn\/\",\"name\":\"Norge nerv\u00f8s over flere dronesyn - Nordnesrepublikken\",\"isPartOf\":{\"@id\":\"https:\/\/nordnesrepublikken.no\/#website\"},\"primaryImageOfPage\":{\"@id\":\"https:\/\/nordnesrepublikken.no\/index.php\/2025\/10\/02\/norge-nervos-over-flere-dronesyn\/#primaryimage\"},\"image\":{\"@id\":\"https:\/\/nordnesrepublikken.no\/index.php\/2025\/10\/02\/norge-nervos-over-flere-dronesyn\/#primaryimage\"},\"thumbnailUrl\":\"https:\/\/nordnesrepublikken.no\/wp-content\/uploads\/2025\/10\/1759412991_Norge-nervos-over-flere-dronesyn.jpg\",\"datePublished\":\"2025-10-02T13:49:51+00:00\",\"dateModified\":\"2025-10-02T13:49:52+00:00\",\"breadcrumb\":{\"@id\":\"https:\/\/nordnesrepublikken.no\/index.php\/2025\/10\/02\/norge-nervos-over-flere-dronesyn\/#breadcrumb\"},\"inLanguage\":\"nb-NO\",\"potentialAction\":[{\"@type\":\"ReadAction\",\"target\":[\"https:\/\/nordnesrepublikken.no\/index.php\/2025\/10\/02\/norge-nervos-over-flere-dronesyn\/\"]}]},{\"@type\":\"ImageObject\",\"inLanguage\":\"nb-NO\",\"@id\":\"https:\/\/nordnesrepublikken.no\/index.php\/2025\/10\/02\/norge-nervos-over-flere-dronesyn\/#primaryimage\",\"url\":\"https:\/\/nordnesrepublikken.no\/wp-content\/uploads\/2025\/10\/1759412991_Norge-nervos-over-flere-dronesyn.jpg\",\"contentUrl\":\"https:\/\/nordnesrepublikken.no\/wp-content\/uploads\/2025\/10\/1759412991_Norge-nervos-over-flere-dronesyn.jpg\",\"width\":1200,\"height\":675,\"caption\":\"Norge nerv\u00f8s over flere dronesyn\"},{\"@type\":\"BreadcrumbList\",\"@id\":\"https:\/\/nordnesrepublikken.no\/index.php\/2025\/10\/02\/norge-nervos-over-flere-dronesyn\/#breadcrumb\",\"itemListElement\":[{\"@type\":\"ListItem\",\"position\":1,\"name\":\"Home\",\"item\":\"https:\/\/nordnesrepublikken.no\/\"},{\"@type\":\"ListItem\",\"position\":2,\"name\":\"Norge nerv\u00f8s over flere dronesyn\"}]},{\"@type\":\"WebSite\",\"@id\":\"https:\/\/nordnesrepublikken.no\/#website\",\"url\":\"https:\/\/nordnesrepublikken.no\/\",\"name\":\"Nordnesrepublikken\",\"description\":\"Stemmer og Visjoner fra Republikkens Hjerte\",\"publisher\":{\"@id\":\"https:\/\/nordnesrepublikken.no\/#organization\"},\"potentialAction\":[{\"@type\":\"SearchAction\",\"target\":{\"@type\":\"EntryPoint\",\"urlTemplate\":\"https:\/\/nordnesrepublikken.no\/?s={search_term_string}\"},\"query-input\":{\"@type\":\"PropertyValueSpecification\",\"valueRequired\":true,\"valueName\":\"search_term_string\"}}],\"inLanguage\":\"nb-NO\"},{\"@type\":\"Organization\",\"@id\":\"https:\/\/nordnesrepublikken.no\/#organization\",\"name\":\"Nordnesrepublikken\",\"url\":\"https:\/\/nordnesrepublikken.no\/\",\"logo\":{\"@type\":\"ImageObject\",\"inLanguage\":\"nb-NO\",\"@id\":\"https:\/\/nordnesrepublikken.no\/#\/schema\/logo\/image\/\",\"url\":\"https:\/\/nordnesrepublikken.no\/wp-content\/uploads\/2025\/02\/cropped-nordnesrepublikken-2.png\",\"contentUrl\":\"https:\/\/nordnesrepublikken.no\/wp-content\/uploads\/2025\/02\/cropped-nordnesrepublikken-2.png\",\"width\":1248,\"height\":362,\"caption\":\"Nordnesrepublikken\"},\"image\":{\"@id\":\"https:\/\/nordnesrepublikken.no\/#\/schema\/logo\/image\/\"}},{\"@type\":\"Person\",\"@id\":\"https:\/\/nordnesrepublikken.no\/#\/schema\/person\/2e7e81935bab77882fffb79296240ff1\",\"name\":\"Ole Andersen\",\"image\":{\"@type\":\"ImageObject\",\"inLanguage\":\"nb-NO\",\"@id\":\"https:\/\/nordnesrepublikken.no\/#\/schema\/person\/image\/\",\"url\":\"https:\/\/nordnesrepublikken.no\/wp-content\/uploads\/2025\/02\/nordnesrepublikken-2-2-150x150.jpg\",\"contentUrl\":\"https:\/\/nordnesrepublikken.no\/wp-content\/uploads\/2025\/02\/nordnesrepublikken-2-2-150x150.jpg\",\"caption\":\"Ole Andersen\"},\"description\":\"Ettersom jeg vokste opp i Oslo, har jeg alltid v\u00e6rt fascinert av ordenes kraft og deres evne til \u00e5 skape endringer. Etter \u00e5 ha fullf\u00f8rt min utdannelse i kommunikasjon ved Universitetet i Bergen, fikk jeg muligheten til \u00e5 jobbe innen ulike medier, der jeg har s\u00f8kt \u00e5 belyse viktige samfunnssp\u00f8rsm\u00e5l. I dag, som redakt\u00f8r for Nordnesrepublikken, pr\u00f8ver jeg \u00e5 forene min kj\u00e6rlighet for journalistikk med min lidenskap for innovasjon og eventyr.\",\"sameAs\":[\"https:\/\/nordnesrepublikken.no\/\"]}]}<\/script>\n<!-- \/ Yoast SEO plugin. -->","yoast_head_json":{"title":"Norge nerv\u00f8s over flere dronesyn - Nordnesrepublikken","robots":{"index":"index","follow":"follow","max-snippet":"max-snippet:-1","max-image-preview":"max-image-preview:large","max-video-preview":"max-video-preview:-1"},"canonical":"https:\/\/nordnesrepublikken.no\/index.php\/2025\/10\/02\/norge-nervos-over-flere-dronesyn\/","og_locale":"nb_NO","og_type":"article","og_title":"Norge nerv\u00f8s over flere dronesyn - Nordnesrepublikken","og_description":"En serie med dronesyn de siste ukene i Norges himmel har \u00f8delagt p\u00e5 Oslo -flyplassen","og_url":"https:\/\/nordnesrepublikken.no\/index.php\/2025\/10\/02\/norge-nervos-over-flere-dronesyn\/","og_site_name":"Nordnesrepublikken","article_published_time":"2025-10-02T13:49:51+00:00","article_modified_time":"2025-10-02T13:49:52+00:00","og_image":[{"width":1200,"height":675,"url":"https:\/\/nordnesrepublikken.no\/wp-content\/uploads\/2025\/10\/1759412991_Norge-nervos-over-flere-dronesyn.jpg","type":"image\/jpeg"}],"author":"Ole Andersen","twitter_card":"summary_large_image","twitter_misc":{"Skrevet av":"Ole Andersen","Ansl. lesetid":"2 minutter"},"schema":{"@context":"https:\/\/schema.org","@graph":[{"@type":"Article","@id":"https:\/\/nordnesrepublikken.no\/index.php\/2025\/10\/02\/norge-nervos-over-flere-dronesyn\/#article","isPartOf":{"@id":"https:\/\/nordnesrepublikken.no\/index.php\/2025\/10\/02\/norge-nervos-over-flere-dronesyn\/"},"author":{"name":"Ole Andersen","@id":"https:\/\/nordnesrepublikken.no\/#\/schema\/person\/2e7e81935bab77882fffb79296240ff1"},"headline":"Norge nerv\u00f8s over flere dronesyn","datePublished":"2025-10-02T13:49:51+00:00","dateModified":"2025-10-02T13:49:52+00:00","mainEntityOfPage":{"@id":"https:\/\/nordnesrepublikken.no\/index.php\/2025\/10\/02\/norge-nervos-over-flere-dronesyn\/"},"wordCount":338,"publisher":{"@id":"https:\/\/nordnesrepublikken.no\/#organization"},"image":{"@id":"https:\/\/nordnesrepublikken.no\/index.php\/2025\/10\/02\/norge-nervos-over-flere-dronesyn\/#primaryimage"},"thumbnailUrl":"https:\/\/nordnesrepublikken.no\/wp-content\/uploads\/2025\/10\/1759412991_Norge-nervos-over-flere-dronesyn.jpg","keywords":["dronesyn","flere","nerv\u00f8s","Norge"],"articleSection":["Nasjonal"],"inLanguage":"nb-NO"},{"@type":"WebPage","@id":"https:\/\/nordnesrepublikken.no\/index.php\/2025\/10\/02\/norge-nervos-over-flere-dronesyn\/","url":"https:\/\/nordnesrepublikken.no\/index.php\/2025\/10\/02\/norge-nervos-over-flere-dronesyn\/","name":"Norge nerv\u00f8s over flere dronesyn - Nordnesrepublikken","isPartOf":{"@id":"https:\/\/nordnesrepublikken.no\/#website"},"primaryImageOfPage":{"@id":"https:\/\/nordnesrepublikken.no\/index.php\/2025\/10\/02\/norge-nervos-over-flere-dronesyn\/#primaryimage"},"image":{"@id":"https:\/\/nordnesrepublikken.no\/index.php\/2025\/10\/02\/norge-nervos-over-flere-dronesyn\/#primaryimage"},"thumbnailUrl":"https:\/\/nordnesrepublikken.no\/wp-content\/uploads\/2025\/10\/1759412991_Norge-nervos-over-flere-dronesyn.jpg","datePublished":"2025-10-02T13:49:51+00:00","dateModified":"2025-10-02T13:49:52+00:00","breadcrumb":{"@id":"https:\/\/nordnesrepublikken.no\/index.php\/2025\/10\/02\/norge-nervos-over-flere-dronesyn\/#breadcrumb"},"inLanguage":"nb-NO","potentialAction":[{"@type":"ReadAction","target":["https:\/\/nordnesrepublikken.no\/index.php\/2025\/10\/02\/norge-nervos-over-flere-dronesyn\/"]}]},{"@type":"ImageObject","inLanguage":"nb-NO","@id":"https:\/\/nordnesrepublikken.no\/index.php\/2025\/10\/02\/norge-nervos-over-flere-dronesyn\/#primaryimage","url":"https:\/\/nordnesrepublikken.no\/wp-content\/uploads\/2025\/10\/1759412991_Norge-nervos-over-flere-dronesyn.jpg","contentUrl":"https:\/\/nordnesrepublikken.no\/wp-content\/uploads\/2025\/10\/1759412991_Norge-nervos-over-flere-dronesyn.jpg","width":1200,"height":675,"caption":"Norge nerv\u00f8s over flere dronesyn"},{"@type":"BreadcrumbList","@id":"https:\/\/nordnesrepublikken.no\/index.php\/2025\/10\/02\/norge-nervos-over-flere-dronesyn\/#breadcrumb","itemListElement":[{"@type":"ListItem","position":1,"name":"Home","item":"https:\/\/nordnesrepublikken.no\/"},{"@type":"ListItem","position":2,"name":"Norge nerv\u00f8s over flere dronesyn"}]},{"@type":"WebSite","@id":"https:\/\/nordnesrepublikken.no\/#website","url":"https:\/\/nordnesrepublikken.no\/","name":"Nordnesrepublikken","description":"Stemmer og Visjoner fra Republikkens Hjerte","publisher":{"@id":"https:\/\/nordnesrepublikken.no\/#organization"},"potentialAction":[{"@type":"SearchAction","target":{"@type":"EntryPoint","urlTemplate":"https:\/\/nordnesrepublikken.no\/?s={search_term_string}"},"query-input":{"@type":"PropertyValueSpecification","valueRequired":true,"valueName":"search_term_string"}}],"inLanguage":"nb-NO"},{"@type":"Organization","@id":"https:\/\/nordnesrepublikken.no\/#organization","name":"Nordnesrepublikken","url":"https:\/\/nordnesrepublikken.no\/","logo":{"@type":"ImageObject","inLanguage":"nb-NO","@id":"https:\/\/nordnesrepublikken.no\/#\/schema\/logo\/image\/","url":"https:\/\/nordnesrepublikken.no\/wp-content\/uploads\/2025\/02\/cropped-nordnesrepublikken-2.png","contentUrl":"https:\/\/nordnesrepublikken.no\/wp-content\/uploads\/2025\/02\/cropped-nordnesrepublikken-2.png","width":1248,"height":362,"caption":"Nordnesrepublikken"},"image":{"@id":"https:\/\/nordnesrepublikken.no\/#\/schema\/logo\/image\/"}},{"@type":"Person","@id":"https:\/\/nordnesrepublikken.no\/#\/schema\/person\/2e7e81935bab77882fffb79296240ff1","name":"Ole Andersen","image":{"@type":"ImageObject","inLanguage":"nb-NO","@id":"https:\/\/nordnesrepublikken.no\/#\/schema\/person\/image\/","url":"https:\/\/nordnesrepublikken.no\/wp-content\/uploads\/2025\/02\/nordnesrepublikken-2-2-150x150.jpg","contentUrl":"https:\/\/nordnesrepublikken.no\/wp-content\/uploads\/2025\/02\/nordnesrepublikken-2-2-150x150.jpg","caption":"Ole Andersen"},"description":"Ettersom jeg vokste opp i Oslo, har jeg alltid v\u00e6rt fascinert av ordenes kraft og deres evne til \u00e5 skape endringer. Etter \u00e5 ha fullf\u00f8rt min utdannelse i kommunikasjon ved Universitetet i Bergen, fikk jeg muligheten til \u00e5 jobbe innen ulike medier, der jeg har s\u00f8kt \u00e5 belyse viktige samfunnssp\u00f8rsm\u00e5l. I dag, som redakt\u00f8r for Nordnesrepublikken, pr\u00f8ver jeg \u00e5 forene min kj\u00e6rlighet for journalistikk med min lidenskap for innovasjon og eventyr.","sameAs":["https:\/\/nordnesrepublikken.no\/"]}]}},"_links":{"self":[{"href":"https:\/\/nordnesrepublikken.no\/index.php\/wp-json\/wp\/v2\/posts\/10180","targetHints":{"allow":["GET"]}}],"collection":[{"href":"https:\/\/nordnesrepublikken.no\/index.php\/wp-json\/wp\/v2\/posts"}],"about":[{"href":"https:\/\/nordnesrepublikken.no\/index.php\/wp-json\/wp\/v2\/types\/post"}],"author":[{"embeddable":true,"href":"https:\/\/nordnesrepublikken.no\/index.php\/wp-json\/wp\/v2\/users\/1"}],"replies":[{"embeddable":true,"href":"https:\/\/nordnesrepublikken.no\/index.php\/wp-json\/wp\/v2\/comments?post=10180"}],"version-history":[{"count":1,"href":"https:\/\/nordnesrepublikken.no\/index.php\/wp-json\/wp\/v2\/posts\/10180\/revisions"}],"predecessor-version":[{"id":10182,"href":"https:\/\/nordnesrepublikken.no\/index.php\/wp-json\/wp\/v2\/posts\/10180\/revisions\/10182"}],"wp:featuredmedia":[{"embeddable":true,"href":"https:\/\/nordnesrepublikken.no\/index.php\/wp-json\/wp\/v2\/media\/10181"}],"wp:attachment":[{"href":"https:\/\/nordnesrepublikken.no\/index.php\/wp-json\/wp\/v2\/media?parent=10180"}],"wp:term":[{"taxonomy":"category","embeddable":true,"href":"https:\/\/nordnesrepublikken.no\/index.php\/wp-json\/wp\/v2\/categories?post=10180"},{"taxonomy":"post_tag","embeddable":true,"href":"https:\/\/nordnesrepublikken.no\/index.php\/wp-json\/wp\/v2\/tags?post=10180"}],"curies":[{"name":"wp","href":"https:\/\/api.w.org\/{rel}","templated":true}]}}