{"id":10174,"date":"2025-10-02T12:51:27","date_gmt":"2025-10-02T10:51:27","guid":{"rendered":"https:\/\/nordnesrepublikken.no\/index.php\/2025\/10\/02\/hva-du-trenger-a-vite-om-den-israelske-flotilla-tangingen-rettet-til-gaza-og-hva-som-vil-skje-med-aktivister\/"},"modified":"2025-10-02T12:51:34","modified_gmt":"2025-10-02T10:51:34","slug":"hva-du-trenger-a-vite-om-den-israelske-flotilla-tangingen-rettet-til-gaza-og-hva-som-vil-skje-med-aktivister","status":"publish","type":"post","link":"https:\/\/nordnesrepublikken.no\/index.php\/2025\/10\/02\/hva-du-trenger-a-vite-om-den-israelske-flotilla-tangingen-rettet-til-gaza-og-hva-som-vil-skje-med-aktivister\/","title":{"rendered":"Hva du trenger \u00e5 vite om den israelske flotilla -tangingen rettet til Gaza og hva som vil skje med aktivister"},"content":{"rendered":"<div>\n<div class=\"cp_wrapper cp_wrapper--fw mb-30 mb-20@tablet\">\n<figure class=\"mm\"><picture class=\"img\" style=\"padding-top:56.25%\"><source  media=\"(min-width: 1024px)\"><source  media=\"(min-width: 768px)\"><\/source><\/source><\/picture><\/figure>\n<\/p><\/div>\n<p>B\u00e5tene til <strong>Global Sumud Flotilla<\/strong> ble p\u00e5virket av den israelske marinen mens han var i <strong>Internasjonalt farvann<\/strong>om <strong>70 nautiske mil<\/strong> fra kysten, mens han reiste til <strong>Gazastrip<\/strong>. I henhold til det som er rapportert av de israelske milit\u00e6re styrkene, ble fra 19:25 i g\u00e5r (italiensk tid, 20:25 lokal) stoppet omtrent<strong> 40 av de 47 flotillab\u00e5tene<\/strong>: Trackeren etter den humanit\u00e6re ekspedisjonen rapporterer bare to skip som fortsatt er p\u00e5 farten,<strong> Fair Lady<\/strong> og <strong>Marinette<\/strong>mens kontaktene gikk tapt med Mikeno.<\/p>\n<p>Aktivistene vil bli arrestert i et senter i havnen i Ashdod, hvor de kan velge mellom to alternativer: \u00e5 akseptere \u00f8yeblikkelig frivillig utvisning, &laquo;som vil finne sted i de raskeste mulige tider&raquo;, eller nekte \u00f8yeblikkelig utvisning og godta en internering i fengselet som venter p\u00e5 <strong>Tvangs hjemsendelse<\/strong>som skulle ankomme innen 48\/72 timer.<\/p>\n<p>Det m\u00e5 huskes at i henhold til folkeretten og<strong> Montego Bay Convention fra 1982<\/strong>det territorielle vannet i en stat strekker seg opp til <strong>12 nautiske mil<\/strong> (ca. 22 km) fra den grunnleggende linjen i kysten: Utover denne terskelen har ingen stat legitimiteten til \u00e5 blokkere tilgang, navigasjon eller utnyttelse av ressurser av andre b\u00e5ter, spesielt hvis sivile og ubev\u00e6pnede, som i dette tilfellet.<\/p>\n<h2>Da bombingen av den globale Sumud Flotilla begynte med Israel og hvordan det gikk<\/h2>\n<p>Flotillaen har blitt p\u00e5virket rundt <strong>19:25<\/strong> (20:25 lokal) av 1. oktober av israelske milit\u00e6re skip med mindre <strong>70 miles fra Gaza<\/strong>. I f\u00f8lge den nyeste trackerdeteksjonen er det bare 2 skip fra den globale Sumud Flotilla er fremdeles i navigasjon, p\u00e5 vei mot Gaza: den <strong>Fair Lady<\/strong> og <strong>Marinette<\/strong>. Med Mikeno gikk kontaktene imidlertid tapt. I f\u00f8lge styrkene til Shayetet 13 Special Unit of the Israeli Navy, ble omtrent ber\u00f8rt ber\u00f8rt <strong>40 av de 47 b\u00e5tene til Global Sumud Flotilla<\/strong>. Annen <strong>fem<\/strong>ville derimot v\u00e6re <strong>fast<\/strong> Til sj\u00f8s p\u00e5 grunn av tekniske problemer, som if\u00f8lge israelske kilder ville v\u00e6re &laquo;uavhengig av milit\u00e6re handlinger&raquo;.<\/p>\n<div class=\"cp_wrapper cp_wrapper--fw mb-50\">\n<figure class=\"mm\"><picture class=\"img\" style=\"padding-top:60.841836734694%\"><source  media=\"(min-width: 1024px)\"><source  media=\"(min-width: 768px)\"><img decoding=\"async\" loading=\"lazy\" src=\"https:\/\/nordnesrepublikken.no\/wp-content\/uploads\/2025\/10\/Hva-du-trenger-a-vite-om-den-israelske-flotilla-tangingen.jpg\" alt=\"Map-Tracker-Flottila\" width=\"1568\" height=\"954\"\/><\/source><\/source><\/picture><\/figure>\n<\/p><\/div>\n<p>For \u00f8yeblikket er det minst 22 italienere, blant dem det er MEP av M5s, AVS og det demokratiske partiet, men ogs\u00e5 journalister som som som <strong>Saverio Tommasi<\/strong>. Blant de arresterte aktivistene er det ogs\u00e5 <strong>Greta Thunberg<\/strong>allerede hovedpersonen for forsendelser av flotillaen i fortiden.<\/p>\n<p>Det er alltid godt \u00e5 huske at i henhold til FNs havkonvensjon (UNCLOS) i 1982, ogs\u00e5 kjent som<strong> Montego Bay Convention,<\/strong> Territoriale farvann strekker seg opp til <strong>12 nautiske mil<\/strong> Fra kystenes grunnleggende linje (ca. 22 km): Frem til denne terskelen regnes havet som et territorium for staten som, som suveren, har eksklusiv kontroll p\u00e5 tilgang, navigasjon og utnyttelse av ressurser. Foruten denne grensen, har Israel imidlertid ingen legitim rett til \u00e5 stoppe eller blokkere andre skip, spesielt hvis de er sivile, ubev\u00e6pnede og reisende skip for humanit\u00e6re form\u00e5l, som i dette tilfellet.<\/p>\n<p>S\u00e5 langt ville det imidlertid ikke v\u00e6rt noen episoder med vold mot aktivister: Sannsynligvis varer de grensende operasjonene <strong>Flere timer<\/strong> Ogs\u00e5 for \u00e5 unng\u00e5 ulykker, som kan sette Israel i en komplisert stilling som utenlandske borgere, for det meste europeiske. \u00c5 vurdere, da er det ogs\u00e5 mengden b\u00e5ter som komponerer flotillaen, <strong>47<\/strong> Totalt, med mer enn 200 aktivister om bord.<\/p>\n<h2>Hva som kan skje n\u00e5 med aktivistene til den globale Sumud Flotilla og italienerne som er involvert<\/h2>\n<p>For \u00e5 stoppe den globale Sumud Flotilla hadde allerede v\u00e6rt offentlig for \u00e5 stoppe Israels plan: M\u00e5let er \u00e5 avskj\u00e6re b\u00e5tene gjennom enhetene til <strong>Shayetet 13,<\/strong> Blokkaktivister, samler dem p\u00e5 store milit\u00e6re skip og f\u00f8rer dem til havnen i Ashdod, hvor de vil bli forh\u00f8rt og deportert.<\/p>\n<p>Som ogs\u00e5 rapportert p\u00e5 nettstedet til <strong>Italiensk utenriksdepartement<\/strong>Aktivister har n\u00e5 to alternativer tilgjengelig: den f\u00f8rste er \u00e5 akseptere \u00f8yeblikkelig frivillig utvisning, &laquo;som vil finne sted i de raskeste mulige tider&raquo;; Det andre er \u00e5 nekte \u00f8yeblikkelig utvisning og akseptere en varetektsfengsling i p\u00e5vente av tvangsrepatriering: &laquo;I dette tilfellet vil partnerskapsmedlemmer m\u00e5tte vente p\u00e5 rettsmyndighetens avvisningstiltak, hvis uttalelse generelt kommer etter 48-72 timer.&raquo;<\/p>\n<p>Utenriksminister Antonio Tajani har kunngjort at de involverte italienerne fremdeles vil m\u00e5tte vente 2\/3 dager som den j\u00f8diske festivalen i Yom Kippur (som faller mellom 1. og 2. oktober), hvor ingen praksis vil bli trimt: I f\u00f8lge ministerens ord &laquo;vil v\u00e5re kompatrioter&raquo; vente i et senter, sannsynligvis i asdodens havn &laquo;. Farnesina er imidlertid i konstant kontakt med Tel Aviv for \u00e5 gi hjelp til italienske borgere.<\/p>\n<h2>Reaksjoner i Italia og internasjonalt<\/h2>\n<p>Grensen til den globale sumud flotilla genererte umiddelbart internasjonale reaksjoner: prosesjoner ble organisert i Italia og <strong>Lynmobiliseringer i 35 byer<\/strong>med de viktigste italienske jernbanestasjonene (Milano, Napoli, Bologna) blokkert av aktivister. I Roma samlet imidlertid mer enn 10.000 mennesker seg foran Palazzo Chigi for \u00e5 protestere, mens havnen i Genova ble blokkert av havnearbeidere som et tegn p\u00e5 protest. I Bologna startet en prosesjon fra Piazza Maggiore, mens det ble registrert sammenst\u00f8t mellom politiet og aktivistene som pr\u00f8vde \u00e5 blokkere stasjonen. For i morgen, fredag \u200b\u200b3. oktober, har CGIL og USB lansert en ny generalstreik til fordel for Gaza og st\u00f8tter flotillaen, p\u00e5 grunnlag av det som allerede skjedde 22. september.<\/p>\n<p>N\u00e5r det gjelder resten av verden, den spanske statsministeren <strong>Pedro Sanchez<\/strong> uttrykte full solidaritet mot flotilla, mens talsmannen for det iranske utenriksdepartementet, <strong>Esmail Baghaei<\/strong>definerte Israels inngripen som &laquo;et klart brudd p\u00e5 internasjonale prinsipper&raquo; og &laquo;en terrorhandling&raquo;.<\/p>\n<\/p><\/div>\n","protected":false},"excerpt":{"rendered":"<p>B\u00e5tene til Global Sumud Flotilla ble p\u00e5virket av den israelske marinen mens han var i<\/p>\n","protected":false},"author":1,"featured_media":10175,"comment_status":"closed","ping_status":"open","sticky":false,"template":"","format":"standard","meta":{"footnotes":""},"categories":[23],"tags":[6695,74,6648,85,144,2101,79,6694,2151,31,6693,117,1478,149,1479],"class_list":["post-10174","post","type-post","status-publish","format-standard","has-post-thumbnail","hentry","category-politikk","tag-aktivister","tag-den","tag-flotilla","tag-gaza","tag-hva","tag-israelske","tag-med","tag-rettet","tag-skje","tag-som","tag-tangingen","tag-til","tag-trenger","tag-vil","tag-vite","generate-columns","tablet-grid-50","mobile-grid-100","grid-parent","grid-33","resize-featured-image"],"yoast_head":"<!-- This site is optimized with the Yoast SEO plugin v24.4 - https:\/\/yoast.com\/wordpress\/plugins\/seo\/ -->\n<title>Hva du trenger \u00e5 vite om den israelske flotilla -tangingen rettet til Gaza og hva som vil skje med aktivister - Nordnesrepublikken<\/title>\n<meta name=\"robots\" content=\"index, follow, max-snippet:-1, max-image-preview:large, max-video-preview:-1\" \/>\n<link rel=\"canonical\" href=\"https:\/\/nordnesrepublikken.no\/index.php\/2025\/10\/02\/hva-du-trenger-a-vite-om-den-israelske-flotilla-tangingen-rettet-til-gaza-og-hva-som-vil-skje-med-aktivister\/\" \/>\n<meta property=\"og:locale\" content=\"nb_NO\" \/>\n<meta property=\"og:type\" content=\"article\" \/>\n<meta property=\"og:title\" content=\"Hva du trenger \u00e5 vite om den israelske flotilla -tangingen rettet til Gaza og hva som vil skje med aktivister - Nordnesrepublikken\" \/>\n<meta property=\"og:description\" content=\"B\u00e5tene til Global Sumud Flotilla ble p\u00e5virket av den israelske marinen mens han var i\" \/>\n<meta property=\"og:url\" content=\"https:\/\/nordnesrepublikken.no\/index.php\/2025\/10\/02\/hva-du-trenger-a-vite-om-den-israelske-flotilla-tangingen-rettet-til-gaza-og-hva-som-vil-skje-med-aktivister\/\" \/>\n<meta property=\"og:site_name\" content=\"Nordnesrepublikken\" \/>\n<meta property=\"article:published_time\" content=\"2025-10-02T10:51:27+00:00\" \/>\n<meta property=\"article:modified_time\" content=\"2025-10-02T10:51:34+00:00\" \/>\n<meta property=\"og:image\" content=\"https:\/\/nordnesrepublikken.no\/wp-content\/uploads\/2025\/10\/1759402288_Hva-du-trenger-a-vite-om-den-israelske-flotilla-tangingen.jpeg\" \/>\n\t<meta property=\"og:image:width\" content=\"2400\" \/>\n\t<meta property=\"og:image:height\" content=\"1600\" \/>\n\t<meta property=\"og:image:type\" content=\"image\/jpeg\" \/>\n<meta name=\"author\" content=\"Ole Andersen\" \/>\n<meta name=\"twitter:card\" content=\"summary_large_image\" \/>\n<meta name=\"twitter:label1\" content=\"Skrevet av\" \/>\n\t<meta name=\"twitter:data1\" content=\"Ole Andersen\" \/>\n\t<meta name=\"twitter:label2\" content=\"Ansl. lesetid\" \/>\n\t<meta name=\"twitter:data2\" content=\"4 minutter\" \/>\n<script type=\"application\/ld+json\" class=\"yoast-schema-graph\">{\"@context\":\"https:\/\/schema.org\",\"@graph\":[{\"@type\":\"Article\",\"@id\":\"https:\/\/nordnesrepublikken.no\/index.php\/2025\/10\/02\/hva-du-trenger-a-vite-om-den-israelske-flotilla-tangingen-rettet-til-gaza-og-hva-som-vil-skje-med-aktivister\/#article\",\"isPartOf\":{\"@id\":\"https:\/\/nordnesrepublikken.no\/index.php\/2025\/10\/02\/hva-du-trenger-a-vite-om-den-israelske-flotilla-tangingen-rettet-til-gaza-og-hva-som-vil-skje-med-aktivister\/\"},\"author\":{\"name\":\"Ole Andersen\",\"@id\":\"https:\/\/nordnesrepublikken.no\/#\/schema\/person\/2e7e81935bab77882fffb79296240ff1\"},\"headline\":\"Hva du trenger \u00e5 vite om den israelske flotilla -tangingen rettet til Gaza og hva som vil skje med aktivister\",\"datePublished\":\"2025-10-02T10:51:27+00:00\",\"dateModified\":\"2025-10-02T10:51:34+00:00\",\"mainEntityOfPage\":{\"@id\":\"https:\/\/nordnesrepublikken.no\/index.php\/2025\/10\/02\/hva-du-trenger-a-vite-om-den-israelske-flotilla-tangingen-rettet-til-gaza-og-hva-som-vil-skje-med-aktivister\/\"},\"wordCount\":867,\"publisher\":{\"@id\":\"https:\/\/nordnesrepublikken.no\/#organization\"},\"image\":{\"@id\":\"https:\/\/nordnesrepublikken.no\/index.php\/2025\/10\/02\/hva-du-trenger-a-vite-om-den-israelske-flotilla-tangingen-rettet-til-gaza-og-hva-som-vil-skje-med-aktivister\/#primaryimage\"},\"thumbnailUrl\":\"https:\/\/nordnesrepublikken.no\/wp-content\/uploads\/2025\/10\/1759402288_Hva-du-trenger-a-vite-om-den-israelske-flotilla-tangingen.jpeg\",\"keywords\":[\"aktivister\",\"den\",\"Flotilla\",\"Gaza\",\"Hva\",\"israelske\",\"med\",\"rettet\",\"skje\",\"som\",\"tangingen\",\"til\",\"trenger\",\"vil\",\"vite\"],\"articleSection\":[\"Politikk\"],\"inLanguage\":\"nb-NO\"},{\"@type\":\"WebPage\",\"@id\":\"https:\/\/nordnesrepublikken.no\/index.php\/2025\/10\/02\/hva-du-trenger-a-vite-om-den-israelske-flotilla-tangingen-rettet-til-gaza-og-hva-som-vil-skje-med-aktivister\/\",\"url\":\"https:\/\/nordnesrepublikken.no\/index.php\/2025\/10\/02\/hva-du-trenger-a-vite-om-den-israelske-flotilla-tangingen-rettet-til-gaza-og-hva-som-vil-skje-med-aktivister\/\",\"name\":\"Hva du trenger \u00e5 vite om den israelske flotilla -tangingen rettet til Gaza og hva som vil skje med aktivister - Nordnesrepublikken\",\"isPartOf\":{\"@id\":\"https:\/\/nordnesrepublikken.no\/#website\"},\"primaryImageOfPage\":{\"@id\":\"https:\/\/nordnesrepublikken.no\/index.php\/2025\/10\/02\/hva-du-trenger-a-vite-om-den-israelske-flotilla-tangingen-rettet-til-gaza-og-hva-som-vil-skje-med-aktivister\/#primaryimage\"},\"image\":{\"@id\":\"https:\/\/nordnesrepublikken.no\/index.php\/2025\/10\/02\/hva-du-trenger-a-vite-om-den-israelske-flotilla-tangingen-rettet-til-gaza-og-hva-som-vil-skje-med-aktivister\/#primaryimage\"},\"thumbnailUrl\":\"https:\/\/nordnesrepublikken.no\/wp-content\/uploads\/2025\/10\/1759402288_Hva-du-trenger-a-vite-om-den-israelske-flotilla-tangingen.jpeg\",\"datePublished\":\"2025-10-02T10:51:27+00:00\",\"dateModified\":\"2025-10-02T10:51:34+00:00\",\"breadcrumb\":{\"@id\":\"https:\/\/nordnesrepublikken.no\/index.php\/2025\/10\/02\/hva-du-trenger-a-vite-om-den-israelske-flotilla-tangingen-rettet-til-gaza-og-hva-som-vil-skje-med-aktivister\/#breadcrumb\"},\"inLanguage\":\"nb-NO\",\"potentialAction\":[{\"@type\":\"ReadAction\",\"target\":[\"https:\/\/nordnesrepublikken.no\/index.php\/2025\/10\/02\/hva-du-trenger-a-vite-om-den-israelske-flotilla-tangingen-rettet-til-gaza-og-hva-som-vil-skje-med-aktivister\/\"]}]},{\"@type\":\"ImageObject\",\"inLanguage\":\"nb-NO\",\"@id\":\"https:\/\/nordnesrepublikken.no\/index.php\/2025\/10\/02\/hva-du-trenger-a-vite-om-den-israelske-flotilla-tangingen-rettet-til-gaza-og-hva-som-vil-skje-med-aktivister\/#primaryimage\",\"url\":\"https:\/\/nordnesrepublikken.no\/wp-content\/uploads\/2025\/10\/1759402288_Hva-du-trenger-a-vite-om-den-israelske-flotilla-tangingen.jpeg\",\"contentUrl\":\"https:\/\/nordnesrepublikken.no\/wp-content\/uploads\/2025\/10\/1759402288_Hva-du-trenger-a-vite-om-den-israelske-flotilla-tangingen.jpeg\",\"width\":2400,\"height\":1600,\"caption\":\"Hva du trenger \u00e5 vite om den israelske flotilla -tangingen rettet til Gaza og hva som vil skje med aktivister\"},{\"@type\":\"BreadcrumbList\",\"@id\":\"https:\/\/nordnesrepublikken.no\/index.php\/2025\/10\/02\/hva-du-trenger-a-vite-om-den-israelske-flotilla-tangingen-rettet-til-gaza-og-hva-som-vil-skje-med-aktivister\/#breadcrumb\",\"itemListElement\":[{\"@type\":\"ListItem\",\"position\":1,\"name\":\"Home\",\"item\":\"https:\/\/nordnesrepublikken.no\/\"},{\"@type\":\"ListItem\",\"position\":2,\"name\":\"Hva du trenger \u00e5 vite om den israelske flotilla -tangingen rettet til Gaza og hva som vil skje med aktivister\"}]},{\"@type\":\"WebSite\",\"@id\":\"https:\/\/nordnesrepublikken.no\/#website\",\"url\":\"https:\/\/nordnesrepublikken.no\/\",\"name\":\"Nordnesrepublikken\",\"description\":\"Stemmer og Visjoner fra Republikkens Hjerte\",\"publisher\":{\"@id\":\"https:\/\/nordnesrepublikken.no\/#organization\"},\"potentialAction\":[{\"@type\":\"SearchAction\",\"target\":{\"@type\":\"EntryPoint\",\"urlTemplate\":\"https:\/\/nordnesrepublikken.no\/?s={search_term_string}\"},\"query-input\":{\"@type\":\"PropertyValueSpecification\",\"valueRequired\":true,\"valueName\":\"search_term_string\"}}],\"inLanguage\":\"nb-NO\"},{\"@type\":\"Organization\",\"@id\":\"https:\/\/nordnesrepublikken.no\/#organization\",\"name\":\"Nordnesrepublikken\",\"url\":\"https:\/\/nordnesrepublikken.no\/\",\"logo\":{\"@type\":\"ImageObject\",\"inLanguage\":\"nb-NO\",\"@id\":\"https:\/\/nordnesrepublikken.no\/#\/schema\/logo\/image\/\",\"url\":\"https:\/\/nordnesrepublikken.no\/wp-content\/uploads\/2025\/02\/cropped-nordnesrepublikken-2.png\",\"contentUrl\":\"https:\/\/nordnesrepublikken.no\/wp-content\/uploads\/2025\/02\/cropped-nordnesrepublikken-2.png\",\"width\":1248,\"height\":362,\"caption\":\"Nordnesrepublikken\"},\"image\":{\"@id\":\"https:\/\/nordnesrepublikken.no\/#\/schema\/logo\/image\/\"}},{\"@type\":\"Person\",\"@id\":\"https:\/\/nordnesrepublikken.no\/#\/schema\/person\/2e7e81935bab77882fffb79296240ff1\",\"name\":\"Ole Andersen\",\"image\":{\"@type\":\"ImageObject\",\"inLanguage\":\"nb-NO\",\"@id\":\"https:\/\/nordnesrepublikken.no\/#\/schema\/person\/image\/\",\"url\":\"https:\/\/nordnesrepublikken.no\/wp-content\/uploads\/2025\/02\/nordnesrepublikken-2-2-150x150.jpg\",\"contentUrl\":\"https:\/\/nordnesrepublikken.no\/wp-content\/uploads\/2025\/02\/nordnesrepublikken-2-2-150x150.jpg\",\"caption\":\"Ole Andersen\"},\"description\":\"Ettersom jeg vokste opp i Oslo, har jeg alltid v\u00e6rt fascinert av ordenes kraft og deres evne til \u00e5 skape endringer. Etter \u00e5 ha fullf\u00f8rt min utdannelse i kommunikasjon ved Universitetet i Bergen, fikk jeg muligheten til \u00e5 jobbe innen ulike medier, der jeg har s\u00f8kt \u00e5 belyse viktige samfunnssp\u00f8rsm\u00e5l. I dag, som redakt\u00f8r for Nordnesrepublikken, pr\u00f8ver jeg \u00e5 forene min kj\u00e6rlighet for journalistikk med min lidenskap for innovasjon og eventyr.\",\"sameAs\":[\"https:\/\/nordnesrepublikken.no\/\"]}]}<\/script>\n<!-- \/ Yoast SEO plugin. -->","yoast_head_json":{"title":"Hva du trenger \u00e5 vite om den israelske flotilla -tangingen rettet til Gaza og hva som vil skje med aktivister - Nordnesrepublikken","robots":{"index":"index","follow":"follow","max-snippet":"max-snippet:-1","max-image-preview":"max-image-preview:large","max-video-preview":"max-video-preview:-1"},"canonical":"https:\/\/nordnesrepublikken.no\/index.php\/2025\/10\/02\/hva-du-trenger-a-vite-om-den-israelske-flotilla-tangingen-rettet-til-gaza-og-hva-som-vil-skje-med-aktivister\/","og_locale":"nb_NO","og_type":"article","og_title":"Hva du trenger \u00e5 vite om den israelske flotilla -tangingen rettet til Gaza og hva som vil skje med aktivister - Nordnesrepublikken","og_description":"B\u00e5tene til Global Sumud Flotilla ble p\u00e5virket av den israelske marinen mens han var i","og_url":"https:\/\/nordnesrepublikken.no\/index.php\/2025\/10\/02\/hva-du-trenger-a-vite-om-den-israelske-flotilla-tangingen-rettet-til-gaza-og-hva-som-vil-skje-med-aktivister\/","og_site_name":"Nordnesrepublikken","article_published_time":"2025-10-02T10:51:27+00:00","article_modified_time":"2025-10-02T10:51:34+00:00","og_image":[{"width":2400,"height":1600,"url":"https:\/\/nordnesrepublikken.no\/wp-content\/uploads\/2025\/10\/1759402288_Hva-du-trenger-a-vite-om-den-israelske-flotilla-tangingen.jpeg","type":"image\/jpeg"}],"author":"Ole Andersen","twitter_card":"summary_large_image","twitter_misc":{"Skrevet av":"Ole Andersen","Ansl. lesetid":"4 minutter"},"schema":{"@context":"https:\/\/schema.org","@graph":[{"@type":"Article","@id":"https:\/\/nordnesrepublikken.no\/index.php\/2025\/10\/02\/hva-du-trenger-a-vite-om-den-israelske-flotilla-tangingen-rettet-til-gaza-og-hva-som-vil-skje-med-aktivister\/#article","isPartOf":{"@id":"https:\/\/nordnesrepublikken.no\/index.php\/2025\/10\/02\/hva-du-trenger-a-vite-om-den-israelske-flotilla-tangingen-rettet-til-gaza-og-hva-som-vil-skje-med-aktivister\/"},"author":{"name":"Ole Andersen","@id":"https:\/\/nordnesrepublikken.no\/#\/schema\/person\/2e7e81935bab77882fffb79296240ff1"},"headline":"Hva du trenger \u00e5 vite om den israelske flotilla -tangingen rettet til Gaza og hva som vil skje med aktivister","datePublished":"2025-10-02T10:51:27+00:00","dateModified":"2025-10-02T10:51:34+00:00","mainEntityOfPage":{"@id":"https:\/\/nordnesrepublikken.no\/index.php\/2025\/10\/02\/hva-du-trenger-a-vite-om-den-israelske-flotilla-tangingen-rettet-til-gaza-og-hva-som-vil-skje-med-aktivister\/"},"wordCount":867,"publisher":{"@id":"https:\/\/nordnesrepublikken.no\/#organization"},"image":{"@id":"https:\/\/nordnesrepublikken.no\/index.php\/2025\/10\/02\/hva-du-trenger-a-vite-om-den-israelske-flotilla-tangingen-rettet-til-gaza-og-hva-som-vil-skje-med-aktivister\/#primaryimage"},"thumbnailUrl":"https:\/\/nordnesrepublikken.no\/wp-content\/uploads\/2025\/10\/1759402288_Hva-du-trenger-a-vite-om-den-israelske-flotilla-tangingen.jpeg","keywords":["aktivister","den","Flotilla","Gaza","Hva","israelske","med","rettet","skje","som","tangingen","til","trenger","vil","vite"],"articleSection":["Politikk"],"inLanguage":"nb-NO"},{"@type":"WebPage","@id":"https:\/\/nordnesrepublikken.no\/index.php\/2025\/10\/02\/hva-du-trenger-a-vite-om-den-israelske-flotilla-tangingen-rettet-til-gaza-og-hva-som-vil-skje-med-aktivister\/","url":"https:\/\/nordnesrepublikken.no\/index.php\/2025\/10\/02\/hva-du-trenger-a-vite-om-den-israelske-flotilla-tangingen-rettet-til-gaza-og-hva-som-vil-skje-med-aktivister\/","name":"Hva du trenger \u00e5 vite om den israelske flotilla -tangingen rettet til Gaza og hva som vil skje med aktivister - Nordnesrepublikken","isPartOf":{"@id":"https:\/\/nordnesrepublikken.no\/#website"},"primaryImageOfPage":{"@id":"https:\/\/nordnesrepublikken.no\/index.php\/2025\/10\/02\/hva-du-trenger-a-vite-om-den-israelske-flotilla-tangingen-rettet-til-gaza-og-hva-som-vil-skje-med-aktivister\/#primaryimage"},"image":{"@id":"https:\/\/nordnesrepublikken.no\/index.php\/2025\/10\/02\/hva-du-trenger-a-vite-om-den-israelske-flotilla-tangingen-rettet-til-gaza-og-hva-som-vil-skje-med-aktivister\/#primaryimage"},"thumbnailUrl":"https:\/\/nordnesrepublikken.no\/wp-content\/uploads\/2025\/10\/1759402288_Hva-du-trenger-a-vite-om-den-israelske-flotilla-tangingen.jpeg","datePublished":"2025-10-02T10:51:27+00:00","dateModified":"2025-10-02T10:51:34+00:00","breadcrumb":{"@id":"https:\/\/nordnesrepublikken.no\/index.php\/2025\/10\/02\/hva-du-trenger-a-vite-om-den-israelske-flotilla-tangingen-rettet-til-gaza-og-hva-som-vil-skje-med-aktivister\/#breadcrumb"},"inLanguage":"nb-NO","potentialAction":[{"@type":"ReadAction","target":["https:\/\/nordnesrepublikken.no\/index.php\/2025\/10\/02\/hva-du-trenger-a-vite-om-den-israelske-flotilla-tangingen-rettet-til-gaza-og-hva-som-vil-skje-med-aktivister\/"]}]},{"@type":"ImageObject","inLanguage":"nb-NO","@id":"https:\/\/nordnesrepublikken.no\/index.php\/2025\/10\/02\/hva-du-trenger-a-vite-om-den-israelske-flotilla-tangingen-rettet-til-gaza-og-hva-som-vil-skje-med-aktivister\/#primaryimage","url":"https:\/\/nordnesrepublikken.no\/wp-content\/uploads\/2025\/10\/1759402288_Hva-du-trenger-a-vite-om-den-israelske-flotilla-tangingen.jpeg","contentUrl":"https:\/\/nordnesrepublikken.no\/wp-content\/uploads\/2025\/10\/1759402288_Hva-du-trenger-a-vite-om-den-israelske-flotilla-tangingen.jpeg","width":2400,"height":1600,"caption":"Hva du trenger \u00e5 vite om den israelske flotilla -tangingen rettet til Gaza og hva som vil skje med aktivister"},{"@type":"BreadcrumbList","@id":"https:\/\/nordnesrepublikken.no\/index.php\/2025\/10\/02\/hva-du-trenger-a-vite-om-den-israelske-flotilla-tangingen-rettet-til-gaza-og-hva-som-vil-skje-med-aktivister\/#breadcrumb","itemListElement":[{"@type":"ListItem","position":1,"name":"Home","item":"https:\/\/nordnesrepublikken.no\/"},{"@type":"ListItem","position":2,"name":"Hva du trenger \u00e5 vite om den israelske flotilla -tangingen rettet til Gaza og hva som vil skje med aktivister"}]},{"@type":"WebSite","@id":"https:\/\/nordnesrepublikken.no\/#website","url":"https:\/\/nordnesrepublikken.no\/","name":"Nordnesrepublikken","description":"Stemmer og Visjoner fra Republikkens Hjerte","publisher":{"@id":"https:\/\/nordnesrepublikken.no\/#organization"},"potentialAction":[{"@type":"SearchAction","target":{"@type":"EntryPoint","urlTemplate":"https:\/\/nordnesrepublikken.no\/?s={search_term_string}"},"query-input":{"@type":"PropertyValueSpecification","valueRequired":true,"valueName":"search_term_string"}}],"inLanguage":"nb-NO"},{"@type":"Organization","@id":"https:\/\/nordnesrepublikken.no\/#organization","name":"Nordnesrepublikken","url":"https:\/\/nordnesrepublikken.no\/","logo":{"@type":"ImageObject","inLanguage":"nb-NO","@id":"https:\/\/nordnesrepublikken.no\/#\/schema\/logo\/image\/","url":"https:\/\/nordnesrepublikken.no\/wp-content\/uploads\/2025\/02\/cropped-nordnesrepublikken-2.png","contentUrl":"https:\/\/nordnesrepublikken.no\/wp-content\/uploads\/2025\/02\/cropped-nordnesrepublikken-2.png","width":1248,"height":362,"caption":"Nordnesrepublikken"},"image":{"@id":"https:\/\/nordnesrepublikken.no\/#\/schema\/logo\/image\/"}},{"@type":"Person","@id":"https:\/\/nordnesrepublikken.no\/#\/schema\/person\/2e7e81935bab77882fffb79296240ff1","name":"Ole Andersen","image":{"@type":"ImageObject","inLanguage":"nb-NO","@id":"https:\/\/nordnesrepublikken.no\/#\/schema\/person\/image\/","url":"https:\/\/nordnesrepublikken.no\/wp-content\/uploads\/2025\/02\/nordnesrepublikken-2-2-150x150.jpg","contentUrl":"https:\/\/nordnesrepublikken.no\/wp-content\/uploads\/2025\/02\/nordnesrepublikken-2-2-150x150.jpg","caption":"Ole Andersen"},"description":"Ettersom jeg vokste opp i Oslo, har jeg alltid v\u00e6rt fascinert av ordenes kraft og deres evne til \u00e5 skape endringer. Etter \u00e5 ha fullf\u00f8rt min utdannelse i kommunikasjon ved Universitetet i Bergen, fikk jeg muligheten til \u00e5 jobbe innen ulike medier, der jeg har s\u00f8kt \u00e5 belyse viktige samfunnssp\u00f8rsm\u00e5l. I dag, som redakt\u00f8r for Nordnesrepublikken, pr\u00f8ver jeg \u00e5 forene min kj\u00e6rlighet for journalistikk med min lidenskap for innovasjon og eventyr.","sameAs":["https:\/\/nordnesrepublikken.no\/"]}]}},"_links":{"self":[{"href":"https:\/\/nordnesrepublikken.no\/index.php\/wp-json\/wp\/v2\/posts\/10174","targetHints":{"allow":["GET"]}}],"collection":[{"href":"https:\/\/nordnesrepublikken.no\/index.php\/wp-json\/wp\/v2\/posts"}],"about":[{"href":"https:\/\/nordnesrepublikken.no\/index.php\/wp-json\/wp\/v2\/types\/post"}],"author":[{"embeddable":true,"href":"https:\/\/nordnesrepublikken.no\/index.php\/wp-json\/wp\/v2\/users\/1"}],"replies":[{"embeddable":true,"href":"https:\/\/nordnesrepublikken.no\/index.php\/wp-json\/wp\/v2\/comments?post=10174"}],"version-history":[{"count":1,"href":"https:\/\/nordnesrepublikken.no\/index.php\/wp-json\/wp\/v2\/posts\/10174\/revisions"}],"predecessor-version":[{"id":10176,"href":"https:\/\/nordnesrepublikken.no\/index.php\/wp-json\/wp\/v2\/posts\/10174\/revisions\/10176"}],"wp:featuredmedia":[{"embeddable":true,"href":"https:\/\/nordnesrepublikken.no\/index.php\/wp-json\/wp\/v2\/media\/10175"}],"wp:attachment":[{"href":"https:\/\/nordnesrepublikken.no\/index.php\/wp-json\/wp\/v2\/media?parent=10174"}],"wp:term":[{"taxonomy":"category","embeddable":true,"href":"https:\/\/nordnesrepublikken.no\/index.php\/wp-json\/wp\/v2\/categories?post=10174"},{"taxonomy":"post_tag","embeddable":true,"href":"https:\/\/nordnesrepublikken.no\/index.php\/wp-json\/wp\/v2\/tags?post=10174"}],"curies":[{"name":"wp","href":"https:\/\/api.w.org\/{rel}","templated":true}]}}