{"id":10165,"date":"2025-10-02T09:50:30","date_gmt":"2025-10-02T07:50:30","guid":{"rendered":"https:\/\/nordnesrepublikken.no\/index.php\/2025\/10\/02\/schengen-sjekker-tilbake-hvor-hvorfor-og-hvor-lenge\/"},"modified":"2025-10-02T09:50:32","modified_gmt":"2025-10-02T07:50:32","slug":"schengen-sjekker-tilbake-hvor-hvorfor-og-hvor-lenge","status":"publish","type":"post","link":"https:\/\/nordnesrepublikken.no\/index.php\/2025\/10\/02\/schengen-sjekker-tilbake-hvor-hvorfor-og-hvor-lenge\/","title":{"rendered":"Schengen sjekker tilbake: hvor, hvorfor og hvor lenge"},"content":{"rendered":"<p><\/p>\n<div class=\"wordpress-content\">\n                    <!-- Article Start --><\/p>\n<p><strong>Europas passfrie sone ble bygget for enkel reise, men reglene har alltid tillatt n\u00f8dbremser.<\/strong><\/p>\n<p>Under Schengen Borders Code (SBC) kan ethvert medlemsland midlertidig gjeninnf\u00f8re grensekontroll ved deler &#8211; eller alle &#8211; av dens interne grenser n\u00e5r det er en alvorlig trussel mot offentlig politikk eller intern sikkerhet.<\/p>\n<p>To avgj\u00f8rende advarsler l\u00f8per gjennom loven: det er et m\u00e5l p\u00e5 siste utvei, og det m\u00e5 v\u00e6re n\u00f8dvendig, proporsjonalt og tidsbegrenset. EU -kommisjonen holder \u00f8ye med varsler, og gir i noen tilfeller meninger om behovet og proporsjonaliteten av hva regjeringer gj\u00f8r &#8211; men beslutningen om \u00e5 gjeninnf\u00f8re sjekker sitter til slutt med medlemsstaten.<\/p>\n<div class=\"sra_unit\"><link rel=\"stylesheet\" id=\"block-sra\" href=\"https:\/\/euroweeklynews.com\/wp-content\/plugins\/snack-related-articles\/dist\/css\/snack-related.min.css?250312-193541\" type=\"text\/css\" media=\"all\">\n<\/div>\n<h2>Hva reglene faktisk sier (p\u00e5 vanlig engelsk)<\/h2>\n<p>Siste utvei og minimalt omfang. Enhver gjeninnf\u00f8rt grensekontroll m\u00e5 v\u00e6re begrenset til det bare minimum som trengs for \u00e5 takle den spesifikke trusselen.<\/p>\n<p>Fast tidsvinduer. SBC -caps -varighetene, og hetten avhenger av hvilken type situasjon et land p\u00e5kaller:<\/p>\n<ul>\n<li><strong>Uforutsigbar alvorlig trussel (Art. 25A (1\u20133))<\/strong><br \/>\n<em>Hva det er:<\/em> Noe som blusser plutselig og trenger \u00f8yeblikkelig handling.<br \/>\n<em>Hvor lenge:<\/em> Et land kan bringe tilbake sjekker samtidig i opptil 1 m\u00e5ned uten forh\u00e5ndsvarsel, og kan forlenge i korte trinn &#8211; men det totale kan ikke overstige 3 m\u00e5neder.<\/li>\n<li><strong>Foreseable Serious Threat (Art. 25A (4\u20136))<\/strong><br \/>\n<em>Hva det er:<\/em> Risiko du kan se komme &#8211; tenk p\u00e5 store hendelser eller tydelig utvikle press.<br \/>\n<em>Hvor lenge:<\/em> Opptil 6 m\u00e5neder til \u00e5 begynne med, fornybar i blokker p\u00e5 opptil 6 m\u00e5neder, maksimalt 2 \u00e5r.<br \/>\n<em>Behandle:<\/em> Gi beskjed til EU -institusjonene minst 4 uker f\u00f8r du starter (eller ASAP hvis varselet er kortere).<br \/>\n<em>Ekstra beskyttelsesregler:<\/em> N\u00e5r intern grensekontroll har g\u00e5tt 6 m\u00e5neder, m\u00e5 hver utvidelse inneholde en risikovurdering som beviser at tiltaket forblir midlertidig og siste utvei. N\u00e5r kontroller l\u00f8ftes &#8211; eller hver gang de har v\u00e6rt p\u00e5 plass 12 m\u00e5neder &#8211; m\u00e5 medlemslandene sende inn en rapport til Europaparlamentet, r\u00e5det og kommisjonen.<\/li>\n<li><strong>Storskala folkehelsetilsyn (art. 28)<\/strong><br \/>\n<em>Hva det er:<\/em> N\u00e5r en helsekrise setter Schengens samlede funksjon i fare.<br \/>\n<em>Hvor lenge:<\/em> R\u00e5det kan etter et kommisjonsforslag autorisere interne grensekontroller i opptil 6 m\u00e5neder, fornybar i 6-m\u00e5neders trinn s\u00e5 lenge n\u00f8dsituasjonen vedvarer.<\/li>\n<li><strong>Eksepsjonelle omstendigheter som truer Schengen (art. 29)<\/strong><br \/>\n<em>Hva det er:<\/em> N\u00e5r alvorlige, vedvarende problemer ved den ytre grensen setter Schengen som helhet.<br \/>\n<em>Hvor lenge:<\/em> R\u00e5det kan anbefale ett eller flere medlemsland \u00e5 gjeninnf\u00f8re interne kontroller i opptil 6 m\u00e5neder, fornybar tre ganger &#8211; maksimalt 2 \u00e5r &#8211; og bare som en siste utvei hvis andre verkt\u00f8y ikke fungerer.<\/li>\n<li><strong>Store eksepsjonelle situasjoner &#8211; endelige utvidelser<\/strong>\n<p>I en stor eksepsjonell situasjon kan en medlemsstat forlenge intern grensekontroll utover det to\u00e5rige maksimumet i ytterligere 6 m\u00e5neder. Hvis det fremdeles ikke er nok til \u00e5 sette alternative tiltak p\u00e5 plass, er en endelig forlengelse p\u00e5 opptil 6 m\u00e5neder mulig &#8211; \u00e5 ta den ytre grensen til tre \u00e5r.<\/li>\n<\/ul>\n<p>Loven bygger seg i bremser, klokker og papirer for \u00e5 holde interne grensekontroller midlertidig og m\u00e5lrettet, ikke en ny normal.<\/p>\n<h2>Hvor sjekker er p\u00e5 plass n\u00e5 (offisielle varsler)<\/h2>\n<p>F\u00f8lgende tiltak er blitt varslet som midlertidig gjeninnf\u00f8rt interne grensekontroller, med hvert land som siterer sine grunner og den n\u00f8yaktige streken av grensen ber\u00f8rt:<\/p>\n<ul>\n<li>\n<h3>Polen &#8211; 05\/10\/2025 til 04\/04\/2026<\/h3>\n<p>Hvorfor: vedvarende trekktrykk og smugling fra Hviterussland p\u00e5 den litauisk-polske grensen; En kraftig \u00f8kning i ulovlige oppf\u00f8ringer ved den tysk -polske grensen og skaper en uforholdsmessig belastning og alvorlige trusler mot offentlig politikk\/intern sikkerhet.<br \/>\nHvor: Land grenser til Tyskland og Litauen.<\/p>\n<\/li>\n<li>\n<h3>Tyskland &#8211; 16\/09\/2025 til 15\/03\/2026<\/h3>\n<p>Hvorfor: alvorlige trusler knyttet til h\u00f8y uregelmessig migrasjon, migrantsmugling og press p\u00e5 asylmottakssystemet; bredere sikkerhetsvirkninger fra Russlands krig mot Ukraina og Midt -\u00d8sten -situasjonen.<br \/>\nHvor: Land grenser til Frankrike, Luxembourg, Belgia, Nederland, Danmark, \u00d8sterrike, Sveits, Tsjekkia og Polen.<\/p>\n<\/li>\n<li>\n<h3>Polen &#8211; 06\/08\/2025 til 14\/10\/2025<\/h3>\n<p>Hvorfor: Fortsatt trekktrykk langs grenser med Litauen og Tyskland.<br \/>\nHvor: Land grenser til Tyskland og Litauen.<\/p>\n<\/li>\n<li>\n<h3>Slovenia &#8211; 22\/06\/2025 til 21\/12\/2025<\/h3>\n<p>Hvorfor: alvorlige trusler fra terrorisme og organisert kriminalitet (inkludert smugling og v\u00e5penhandel), potensielle terrorinfiltrasjoner via Western Balkan, hybridtrusler knyttet til Russland og Hviterussland og ustabilitet i EUs nabolag.<br \/>\nHvor: Land grenser til Kroatia og Ungarn.<\/p>\n<\/li>\n<li>\n<h3>Italia &#8211; 19\/06\/2025 til 18\/12\/2025<\/h3>\n<p>Hvorfor: Risiko for ekstremistiske infiltrasjoner langs den vestlige Balkan -ruten, kriser i Midt -\u00d8sten og Ukraina, h\u00f8y uregelmessig migrasjon knyttet til smugling\/menneskehandel, pluss ytterligere sikkerhetsrisikoer relatert til Universal Jubilee.<br \/>\nHvor: landgrensen til Slovenia.<\/p>\n<\/li>\n<li>\n<h3>\u00d8sterrike &#8211; 12\/05\/2025 til 11\/11\/2025<\/h3>\n<p>Hvorfor: fortsatte h\u00f8y uregelmessig migrasjon og smugling p\u00e5 s\u00f8rlige grenser; press p\u00e5 asylmottak\/grunnleggende tjenester; Sikkerhetseffekter fra Ukraina og Midt -\u00d8sten, og \u00f8ker trusselen fra islamistisk ekstremisme og terrorisme.<br \/>\nHvor: Land grenser til Ungarn og Slovenia.<\/p>\n<\/li>\n<li>\n<h3>Nederland &#8211; 09\/06\/2025 til 08\/12\/2025<\/h3>\n<p>Hvorfor: alvorlig trussel mot offentlig politikk fra h\u00f8ye asylapplikasjoner, uregelmessig migrasjon og smugling, pluss sekund\u00e6re bevegelser som anstrenger migrasjonen og asylsystemet og bredere offentlige tjenester (bolig, helse, utdanning).<br \/>\nHvor: Land og luftgrenser med Belgia og Tyskland.<\/p>\n<\/li>\n<li>\n<h3>\u00d8sterrike &#8211; 16\/04\/2025 til 15\/10\/2025<\/h3>\n<p>Hvorfor: Uregelmessig migrasjon via Balkanruter, press p\u00e5 mottak og tjenester og sikkerhetseffekter fra Ukraina og Midt -\u00d8sten forverret av terrorgrupper.<br \/>\nHvor: Land grenser til Slovakia og Tsjekkia.<\/p>\n<\/li>\n<li>\n<h3>Danmark &#8211; 12\/05\/2025 til 11\/11\/2025<\/h3>\n<p>Hvorfor: alvorlige trusler fra potensiell russisk sabotasje, p\u00e5g\u00e5ende terrorrelaterte bekymringer og organisert kriminalitet knyttet til Israel-hamkonflikten og ekstremistisk radikalisering; Risiko for j\u00f8diske og israelske m\u00e5l.<br \/>\nHvor: land og sj\u00f8grenser med Tyskland (kan strekke seg til alle indre grenser).<\/p>\n<\/li>\n<li>\n<h3>Norge &#8211; 12\/05\/2025 til 11\/11\/2025<\/h3>\n<p>Hvorfor: trusler mot energisektoren, sabotasjerisiko fra russisk etterretning og et behov for \u00e5 forsterke infrastrukturbeskyttelse.<br \/>\nHvor: Porter med fergeforbindelser til Schengen -omr\u00e5det.<\/p>\n<\/li>\n<li>\n<h3>Sverige &#8211; 12\/05\/2025 til 11\/11\/2025<\/h3>\n<p>Hvorfor: alvorlige trusler fra organisert forbrytelser over landegrensene, inkludert angrep ved bruk av eksplosiver av milit\u00e6rklasse, rollen som utenlandske statlige akt\u00f8rer som jobber gjennom kriminelle gjenger, og vedvarende trusler fra voldelige islamistiske grupper\/individer.<br \/>\nHvor: alle indre grenser (land, luft og hav), inkludert landgrensen til Danmark.<\/p>\n<\/li>\n<li>\n<h3>Frankrike &#8211; 01\/05\/2025 til 31\/10\/2025<\/h3>\n<p>Hvorfor: Vedvarende jihadistiske trusler, en \u00f8kning i antisemittiske angrep, voksende smuglernettverk som mater uregelmessig migrasjon, kanal\/nordsj\u00f8skryssing og relatert vold &#8211; spesielt rundt Dunkirk og Calais &#8211; som skaper farlige situasjoner for migranter og politi.<br \/>\nHvor: alle indre grenser (land, luft og hav) med Belgia, Tyskland, Luxembourg, Sveits, Spania og Italia.<\/p>\n<\/li>\n<\/ul>\n<p>Hver varsel beskriver en bestemt periode, \u00e5rsaker og geografisk omfang. Kommisjonen overv\u00e5ker prosessen; Medlemsstatene m\u00e5 rettferdiggj\u00f8re all forlengelse og arkivere de n\u00f8dvendige risikovurderinger og rapporter innen tidslinjene som er fastsatt av SBC.<\/p>\n<h2>Hva dette betyr i praksis<\/h2>\n<p>Prinsippet har ikke endret seg: Schengen forblir som standard grensefritt. Men koden tillater m\u00e5lrettede, kortsiktige sjekker n\u00e5r et land st\u00e5r overfor en alvorlig trussel. Disse sjekkene m\u00e5 v\u00e6re midlertidige, proporsjonale og gjennomg\u00e5s regelmessig.<\/p>\n<p>Listen over viser hvordan flere regjeringer for \u00f8yeblikket bruker det juridiske verkt\u00f8yet &#8211; hver av definerte grunner og tidsrammer. Enten du er en grenseoverskridende arbeider eller planlegger en vinterbil, er takeaway enkel: sjekker kan dukke opp p\u00e5 ruter som alltid var \u00e5pne &laquo;. Hvis du reiser, hold gyldig ID hendig og sjekk de siste nasjonale varslene f\u00f8r du setter av.<\/p>\n<p>                    <!-- This article has been originally published at https:\/\/euroweeklynews.com\/2025\/10\/02\/schengen-checks-return-where-why-and-for-how-long\/ on 02 Oct 2025 at 5:54 by Farah Mokrani --><br \/>\n                    <!-- Article End -->\n                <\/div>\n","protected":false},"excerpt":{"rendered":"<p>Europas passfrie sone ble bygget for enkel reise, men reglene har alltid tillatt n\u00f8dbremser. Under<\/p>\n","protected":false},"author":1,"featured_media":10166,"comment_status":"closed","ping_status":"open","sticky":false,"template":"","format":"standard","meta":{"footnotes":""},"categories":[105],"tags":[449,101,6685,3144,6568,825],"class_list":["post-10165","post","type-post","status-publish","format-standard","has-post-thumbnail","hentry","category-livsstil","tag-hvor","tag-hvorfor","tag-lenge","tag-schengen","tag-sjekker","tag-tilbake","generate-columns","tablet-grid-50","mobile-grid-100","grid-parent","grid-33","resize-featured-image"],"yoast_head":"<!-- This site is optimized with the Yoast SEO plugin v24.4 - https:\/\/yoast.com\/wordpress\/plugins\/seo\/ -->\n<title>Schengen sjekker tilbake: hvor, hvorfor og hvor lenge - Nordnesrepublikken<\/title>\n<meta name=\"robots\" content=\"index, follow, max-snippet:-1, max-image-preview:large, max-video-preview:-1\" \/>\n<link rel=\"canonical\" href=\"https:\/\/nordnesrepublikken.no\/index.php\/2025\/10\/02\/schengen-sjekker-tilbake-hvor-hvorfor-og-hvor-lenge\/\" \/>\n<meta property=\"og:locale\" content=\"nb_NO\" \/>\n<meta property=\"og:type\" content=\"article\" \/>\n<meta property=\"og:title\" content=\"Schengen sjekker tilbake: hvor, hvorfor og hvor lenge - Nordnesrepublikken\" \/>\n<meta property=\"og:description\" content=\"Europas passfrie sone ble bygget for enkel reise, men reglene har alltid tillatt n\u00f8dbremser. Under\" \/>\n<meta property=\"og:url\" content=\"https:\/\/nordnesrepublikken.no\/index.php\/2025\/10\/02\/schengen-sjekker-tilbake-hvor-hvorfor-og-hvor-lenge\/\" \/>\n<meta property=\"og:site_name\" content=\"Nordnesrepublikken\" \/>\n<meta property=\"article:published_time\" content=\"2025-10-02T07:50:30+00:00\" \/>\n<meta property=\"article:modified_time\" content=\"2025-10-02T07:50:32+00:00\" \/>\n<meta property=\"og:image\" content=\"https:\/\/nordnesrepublikken.no\/wp-content\/uploads\/2025\/10\/1759391431_Schengen-sjekker-tilbake-hvor-hvorfor-og-hvor-lenge.jpg\" \/>\n\t<meta property=\"og:image:width\" content=\"1200\" \/>\n\t<meta property=\"og:image:height\" content=\"800\" \/>\n\t<meta property=\"og:image:type\" content=\"image\/jpeg\" \/>\n<meta name=\"author\" content=\"Ole Andersen\" \/>\n<meta name=\"twitter:card\" content=\"summary_large_image\" \/>\n<meta name=\"twitter:label1\" content=\"Skrevet av\" \/>\n\t<meta name=\"twitter:data1\" content=\"Ole Andersen\" \/>\n\t<meta name=\"twitter:label2\" content=\"Ansl. lesetid\" \/>\n\t<meta name=\"twitter:data2\" content=\"6 minutter\" \/>\n<script type=\"application\/ld+json\" class=\"yoast-schema-graph\">{\"@context\":\"https:\/\/schema.org\",\"@graph\":[{\"@type\":\"Article\",\"@id\":\"https:\/\/nordnesrepublikken.no\/index.php\/2025\/10\/02\/schengen-sjekker-tilbake-hvor-hvorfor-og-hvor-lenge\/#article\",\"isPartOf\":{\"@id\":\"https:\/\/nordnesrepublikken.no\/index.php\/2025\/10\/02\/schengen-sjekker-tilbake-hvor-hvorfor-og-hvor-lenge\/\"},\"author\":{\"name\":\"Ole Andersen\",\"@id\":\"https:\/\/nordnesrepublikken.no\/#\/schema\/person\/2e7e81935bab77882fffb79296240ff1\"},\"headline\":\"Schengen sjekker tilbake: hvor, hvorfor og hvor lenge\",\"datePublished\":\"2025-10-02T07:50:30+00:00\",\"dateModified\":\"2025-10-02T07:50:32+00:00\",\"mainEntityOfPage\":{\"@id\":\"https:\/\/nordnesrepublikken.no\/index.php\/2025\/10\/02\/schengen-sjekker-tilbake-hvor-hvorfor-og-hvor-lenge\/\"},\"wordCount\":1151,\"publisher\":{\"@id\":\"https:\/\/nordnesrepublikken.no\/#organization\"},\"image\":{\"@id\":\"https:\/\/nordnesrepublikken.no\/index.php\/2025\/10\/02\/schengen-sjekker-tilbake-hvor-hvorfor-og-hvor-lenge\/#primaryimage\"},\"thumbnailUrl\":\"https:\/\/nordnesrepublikken.no\/wp-content\/uploads\/2025\/10\/1759391431_Schengen-sjekker-tilbake-hvor-hvorfor-og-hvor-lenge.jpg\",\"keywords\":[\"hvor\",\"hvorfor\",\"lenge\",\"Schengen\",\"sjekker\",\"tilbake\"],\"articleSection\":[\"Livsstil\"],\"inLanguage\":\"nb-NO\"},{\"@type\":\"WebPage\",\"@id\":\"https:\/\/nordnesrepublikken.no\/index.php\/2025\/10\/02\/schengen-sjekker-tilbake-hvor-hvorfor-og-hvor-lenge\/\",\"url\":\"https:\/\/nordnesrepublikken.no\/index.php\/2025\/10\/02\/schengen-sjekker-tilbake-hvor-hvorfor-og-hvor-lenge\/\",\"name\":\"Schengen sjekker tilbake: hvor, hvorfor og hvor lenge - Nordnesrepublikken\",\"isPartOf\":{\"@id\":\"https:\/\/nordnesrepublikken.no\/#website\"},\"primaryImageOfPage\":{\"@id\":\"https:\/\/nordnesrepublikken.no\/index.php\/2025\/10\/02\/schengen-sjekker-tilbake-hvor-hvorfor-og-hvor-lenge\/#primaryimage\"},\"image\":{\"@id\":\"https:\/\/nordnesrepublikken.no\/index.php\/2025\/10\/02\/schengen-sjekker-tilbake-hvor-hvorfor-og-hvor-lenge\/#primaryimage\"},\"thumbnailUrl\":\"https:\/\/nordnesrepublikken.no\/wp-content\/uploads\/2025\/10\/1759391431_Schengen-sjekker-tilbake-hvor-hvorfor-og-hvor-lenge.jpg\",\"datePublished\":\"2025-10-02T07:50:30+00:00\",\"dateModified\":\"2025-10-02T07:50:32+00:00\",\"breadcrumb\":{\"@id\":\"https:\/\/nordnesrepublikken.no\/index.php\/2025\/10\/02\/schengen-sjekker-tilbake-hvor-hvorfor-og-hvor-lenge\/#breadcrumb\"},\"inLanguage\":\"nb-NO\",\"potentialAction\":[{\"@type\":\"ReadAction\",\"target\":[\"https:\/\/nordnesrepublikken.no\/index.php\/2025\/10\/02\/schengen-sjekker-tilbake-hvor-hvorfor-og-hvor-lenge\/\"]}]},{\"@type\":\"ImageObject\",\"inLanguage\":\"nb-NO\",\"@id\":\"https:\/\/nordnesrepublikken.no\/index.php\/2025\/10\/02\/schengen-sjekker-tilbake-hvor-hvorfor-og-hvor-lenge\/#primaryimage\",\"url\":\"https:\/\/nordnesrepublikken.no\/wp-content\/uploads\/2025\/10\/1759391431_Schengen-sjekker-tilbake-hvor-hvorfor-og-hvor-lenge.jpg\",\"contentUrl\":\"https:\/\/nordnesrepublikken.no\/wp-content\/uploads\/2025\/10\/1759391431_Schengen-sjekker-tilbake-hvor-hvorfor-og-hvor-lenge.jpg\",\"width\":1200,\"height\":800,\"caption\":\"Schengen sjekker tilbake: hvor, hvorfor og hvor lenge\"},{\"@type\":\"BreadcrumbList\",\"@id\":\"https:\/\/nordnesrepublikken.no\/index.php\/2025\/10\/02\/schengen-sjekker-tilbake-hvor-hvorfor-og-hvor-lenge\/#breadcrumb\",\"itemListElement\":[{\"@type\":\"ListItem\",\"position\":1,\"name\":\"Home\",\"item\":\"https:\/\/nordnesrepublikken.no\/\"},{\"@type\":\"ListItem\",\"position\":2,\"name\":\"Schengen sjekker tilbake: hvor, hvorfor og hvor lenge\"}]},{\"@type\":\"WebSite\",\"@id\":\"https:\/\/nordnesrepublikken.no\/#website\",\"url\":\"https:\/\/nordnesrepublikken.no\/\",\"name\":\"Nordnesrepublikken\",\"description\":\"Stemmer og Visjoner fra Republikkens Hjerte\",\"publisher\":{\"@id\":\"https:\/\/nordnesrepublikken.no\/#organization\"},\"potentialAction\":[{\"@type\":\"SearchAction\",\"target\":{\"@type\":\"EntryPoint\",\"urlTemplate\":\"https:\/\/nordnesrepublikken.no\/?s={search_term_string}\"},\"query-input\":{\"@type\":\"PropertyValueSpecification\",\"valueRequired\":true,\"valueName\":\"search_term_string\"}}],\"inLanguage\":\"nb-NO\"},{\"@type\":\"Organization\",\"@id\":\"https:\/\/nordnesrepublikken.no\/#organization\",\"name\":\"Nordnesrepublikken\",\"url\":\"https:\/\/nordnesrepublikken.no\/\",\"logo\":{\"@type\":\"ImageObject\",\"inLanguage\":\"nb-NO\",\"@id\":\"https:\/\/nordnesrepublikken.no\/#\/schema\/logo\/image\/\",\"url\":\"https:\/\/nordnesrepublikken.no\/wp-content\/uploads\/2025\/02\/cropped-nordnesrepublikken-2.png\",\"contentUrl\":\"https:\/\/nordnesrepublikken.no\/wp-content\/uploads\/2025\/02\/cropped-nordnesrepublikken-2.png\",\"width\":1248,\"height\":362,\"caption\":\"Nordnesrepublikken\"},\"image\":{\"@id\":\"https:\/\/nordnesrepublikken.no\/#\/schema\/logo\/image\/\"}},{\"@type\":\"Person\",\"@id\":\"https:\/\/nordnesrepublikken.no\/#\/schema\/person\/2e7e81935bab77882fffb79296240ff1\",\"name\":\"Ole Andersen\",\"image\":{\"@type\":\"ImageObject\",\"inLanguage\":\"nb-NO\",\"@id\":\"https:\/\/nordnesrepublikken.no\/#\/schema\/person\/image\/\",\"url\":\"https:\/\/nordnesrepublikken.no\/wp-content\/uploads\/2025\/02\/nordnesrepublikken-2-2-150x150.jpg\",\"contentUrl\":\"https:\/\/nordnesrepublikken.no\/wp-content\/uploads\/2025\/02\/nordnesrepublikken-2-2-150x150.jpg\",\"caption\":\"Ole Andersen\"},\"description\":\"Ettersom jeg vokste opp i Oslo, har jeg alltid v\u00e6rt fascinert av ordenes kraft og deres evne til \u00e5 skape endringer. Etter \u00e5 ha fullf\u00f8rt min utdannelse i kommunikasjon ved Universitetet i Bergen, fikk jeg muligheten til \u00e5 jobbe innen ulike medier, der jeg har s\u00f8kt \u00e5 belyse viktige samfunnssp\u00f8rsm\u00e5l. I dag, som redakt\u00f8r for Nordnesrepublikken, pr\u00f8ver jeg \u00e5 forene min kj\u00e6rlighet for journalistikk med min lidenskap for innovasjon og eventyr.\",\"sameAs\":[\"https:\/\/nordnesrepublikken.no\/\"]}]}<\/script>\n<!-- \/ Yoast SEO plugin. -->","yoast_head_json":{"title":"Schengen sjekker tilbake: hvor, hvorfor og hvor lenge - Nordnesrepublikken","robots":{"index":"index","follow":"follow","max-snippet":"max-snippet:-1","max-image-preview":"max-image-preview:large","max-video-preview":"max-video-preview:-1"},"canonical":"https:\/\/nordnesrepublikken.no\/index.php\/2025\/10\/02\/schengen-sjekker-tilbake-hvor-hvorfor-og-hvor-lenge\/","og_locale":"nb_NO","og_type":"article","og_title":"Schengen sjekker tilbake: hvor, hvorfor og hvor lenge - Nordnesrepublikken","og_description":"Europas passfrie sone ble bygget for enkel reise, men reglene har alltid tillatt n\u00f8dbremser. Under","og_url":"https:\/\/nordnesrepublikken.no\/index.php\/2025\/10\/02\/schengen-sjekker-tilbake-hvor-hvorfor-og-hvor-lenge\/","og_site_name":"Nordnesrepublikken","article_published_time":"2025-10-02T07:50:30+00:00","article_modified_time":"2025-10-02T07:50:32+00:00","og_image":[{"width":1200,"height":800,"url":"https:\/\/nordnesrepublikken.no\/wp-content\/uploads\/2025\/10\/1759391431_Schengen-sjekker-tilbake-hvor-hvorfor-og-hvor-lenge.jpg","type":"image\/jpeg"}],"author":"Ole Andersen","twitter_card":"summary_large_image","twitter_misc":{"Skrevet av":"Ole Andersen","Ansl. lesetid":"6 minutter"},"schema":{"@context":"https:\/\/schema.org","@graph":[{"@type":"Article","@id":"https:\/\/nordnesrepublikken.no\/index.php\/2025\/10\/02\/schengen-sjekker-tilbake-hvor-hvorfor-og-hvor-lenge\/#article","isPartOf":{"@id":"https:\/\/nordnesrepublikken.no\/index.php\/2025\/10\/02\/schengen-sjekker-tilbake-hvor-hvorfor-og-hvor-lenge\/"},"author":{"name":"Ole Andersen","@id":"https:\/\/nordnesrepublikken.no\/#\/schema\/person\/2e7e81935bab77882fffb79296240ff1"},"headline":"Schengen sjekker tilbake: hvor, hvorfor og hvor lenge","datePublished":"2025-10-02T07:50:30+00:00","dateModified":"2025-10-02T07:50:32+00:00","mainEntityOfPage":{"@id":"https:\/\/nordnesrepublikken.no\/index.php\/2025\/10\/02\/schengen-sjekker-tilbake-hvor-hvorfor-og-hvor-lenge\/"},"wordCount":1151,"publisher":{"@id":"https:\/\/nordnesrepublikken.no\/#organization"},"image":{"@id":"https:\/\/nordnesrepublikken.no\/index.php\/2025\/10\/02\/schengen-sjekker-tilbake-hvor-hvorfor-og-hvor-lenge\/#primaryimage"},"thumbnailUrl":"https:\/\/nordnesrepublikken.no\/wp-content\/uploads\/2025\/10\/1759391431_Schengen-sjekker-tilbake-hvor-hvorfor-og-hvor-lenge.jpg","keywords":["hvor","hvorfor","lenge","Schengen","sjekker","tilbake"],"articleSection":["Livsstil"],"inLanguage":"nb-NO"},{"@type":"WebPage","@id":"https:\/\/nordnesrepublikken.no\/index.php\/2025\/10\/02\/schengen-sjekker-tilbake-hvor-hvorfor-og-hvor-lenge\/","url":"https:\/\/nordnesrepublikken.no\/index.php\/2025\/10\/02\/schengen-sjekker-tilbake-hvor-hvorfor-og-hvor-lenge\/","name":"Schengen sjekker tilbake: hvor, hvorfor og hvor lenge - Nordnesrepublikken","isPartOf":{"@id":"https:\/\/nordnesrepublikken.no\/#website"},"primaryImageOfPage":{"@id":"https:\/\/nordnesrepublikken.no\/index.php\/2025\/10\/02\/schengen-sjekker-tilbake-hvor-hvorfor-og-hvor-lenge\/#primaryimage"},"image":{"@id":"https:\/\/nordnesrepublikken.no\/index.php\/2025\/10\/02\/schengen-sjekker-tilbake-hvor-hvorfor-og-hvor-lenge\/#primaryimage"},"thumbnailUrl":"https:\/\/nordnesrepublikken.no\/wp-content\/uploads\/2025\/10\/1759391431_Schengen-sjekker-tilbake-hvor-hvorfor-og-hvor-lenge.jpg","datePublished":"2025-10-02T07:50:30+00:00","dateModified":"2025-10-02T07:50:32+00:00","breadcrumb":{"@id":"https:\/\/nordnesrepublikken.no\/index.php\/2025\/10\/02\/schengen-sjekker-tilbake-hvor-hvorfor-og-hvor-lenge\/#breadcrumb"},"inLanguage":"nb-NO","potentialAction":[{"@type":"ReadAction","target":["https:\/\/nordnesrepublikken.no\/index.php\/2025\/10\/02\/schengen-sjekker-tilbake-hvor-hvorfor-og-hvor-lenge\/"]}]},{"@type":"ImageObject","inLanguage":"nb-NO","@id":"https:\/\/nordnesrepublikken.no\/index.php\/2025\/10\/02\/schengen-sjekker-tilbake-hvor-hvorfor-og-hvor-lenge\/#primaryimage","url":"https:\/\/nordnesrepublikken.no\/wp-content\/uploads\/2025\/10\/1759391431_Schengen-sjekker-tilbake-hvor-hvorfor-og-hvor-lenge.jpg","contentUrl":"https:\/\/nordnesrepublikken.no\/wp-content\/uploads\/2025\/10\/1759391431_Schengen-sjekker-tilbake-hvor-hvorfor-og-hvor-lenge.jpg","width":1200,"height":800,"caption":"Schengen sjekker tilbake: hvor, hvorfor og hvor lenge"},{"@type":"BreadcrumbList","@id":"https:\/\/nordnesrepublikken.no\/index.php\/2025\/10\/02\/schengen-sjekker-tilbake-hvor-hvorfor-og-hvor-lenge\/#breadcrumb","itemListElement":[{"@type":"ListItem","position":1,"name":"Home","item":"https:\/\/nordnesrepublikken.no\/"},{"@type":"ListItem","position":2,"name":"Schengen sjekker tilbake: hvor, hvorfor og hvor lenge"}]},{"@type":"WebSite","@id":"https:\/\/nordnesrepublikken.no\/#website","url":"https:\/\/nordnesrepublikken.no\/","name":"Nordnesrepublikken","description":"Stemmer og Visjoner fra Republikkens Hjerte","publisher":{"@id":"https:\/\/nordnesrepublikken.no\/#organization"},"potentialAction":[{"@type":"SearchAction","target":{"@type":"EntryPoint","urlTemplate":"https:\/\/nordnesrepublikken.no\/?s={search_term_string}"},"query-input":{"@type":"PropertyValueSpecification","valueRequired":true,"valueName":"search_term_string"}}],"inLanguage":"nb-NO"},{"@type":"Organization","@id":"https:\/\/nordnesrepublikken.no\/#organization","name":"Nordnesrepublikken","url":"https:\/\/nordnesrepublikken.no\/","logo":{"@type":"ImageObject","inLanguage":"nb-NO","@id":"https:\/\/nordnesrepublikken.no\/#\/schema\/logo\/image\/","url":"https:\/\/nordnesrepublikken.no\/wp-content\/uploads\/2025\/02\/cropped-nordnesrepublikken-2.png","contentUrl":"https:\/\/nordnesrepublikken.no\/wp-content\/uploads\/2025\/02\/cropped-nordnesrepublikken-2.png","width":1248,"height":362,"caption":"Nordnesrepublikken"},"image":{"@id":"https:\/\/nordnesrepublikken.no\/#\/schema\/logo\/image\/"}},{"@type":"Person","@id":"https:\/\/nordnesrepublikken.no\/#\/schema\/person\/2e7e81935bab77882fffb79296240ff1","name":"Ole Andersen","image":{"@type":"ImageObject","inLanguage":"nb-NO","@id":"https:\/\/nordnesrepublikken.no\/#\/schema\/person\/image\/","url":"https:\/\/nordnesrepublikken.no\/wp-content\/uploads\/2025\/02\/nordnesrepublikken-2-2-150x150.jpg","contentUrl":"https:\/\/nordnesrepublikken.no\/wp-content\/uploads\/2025\/02\/nordnesrepublikken-2-2-150x150.jpg","caption":"Ole Andersen"},"description":"Ettersom jeg vokste opp i Oslo, har jeg alltid v\u00e6rt fascinert av ordenes kraft og deres evne til \u00e5 skape endringer. Etter \u00e5 ha fullf\u00f8rt min utdannelse i kommunikasjon ved Universitetet i Bergen, fikk jeg muligheten til \u00e5 jobbe innen ulike medier, der jeg har s\u00f8kt \u00e5 belyse viktige samfunnssp\u00f8rsm\u00e5l. I dag, som redakt\u00f8r for Nordnesrepublikken, pr\u00f8ver jeg \u00e5 forene min kj\u00e6rlighet for journalistikk med min lidenskap for innovasjon og eventyr.","sameAs":["https:\/\/nordnesrepublikken.no\/"]}]}},"_links":{"self":[{"href":"https:\/\/nordnesrepublikken.no\/index.php\/wp-json\/wp\/v2\/posts\/10165","targetHints":{"allow":["GET"]}}],"collection":[{"href":"https:\/\/nordnesrepublikken.no\/index.php\/wp-json\/wp\/v2\/posts"}],"about":[{"href":"https:\/\/nordnesrepublikken.no\/index.php\/wp-json\/wp\/v2\/types\/post"}],"author":[{"embeddable":true,"href":"https:\/\/nordnesrepublikken.no\/index.php\/wp-json\/wp\/v2\/users\/1"}],"replies":[{"embeddable":true,"href":"https:\/\/nordnesrepublikken.no\/index.php\/wp-json\/wp\/v2\/comments?post=10165"}],"version-history":[{"count":1,"href":"https:\/\/nordnesrepublikken.no\/index.php\/wp-json\/wp\/v2\/posts\/10165\/revisions"}],"predecessor-version":[{"id":10167,"href":"https:\/\/nordnesrepublikken.no\/index.php\/wp-json\/wp\/v2\/posts\/10165\/revisions\/10167"}],"wp:featuredmedia":[{"embeddable":true,"href":"https:\/\/nordnesrepublikken.no\/index.php\/wp-json\/wp\/v2\/media\/10166"}],"wp:attachment":[{"href":"https:\/\/nordnesrepublikken.no\/index.php\/wp-json\/wp\/v2\/media?parent=10165"}],"wp:term":[{"taxonomy":"category","embeddable":true,"href":"https:\/\/nordnesrepublikken.no\/index.php\/wp-json\/wp\/v2\/categories?post=10165"},{"taxonomy":"post_tag","embeddable":true,"href":"https:\/\/nordnesrepublikken.no\/index.php\/wp-json\/wp\/v2\/tags?post=10165"}],"curies":[{"name":"wp","href":"https:\/\/api.w.org\/{rel}","templated":true}]}}