{"id":10147,"date":"2025-10-01T17:50:50","date_gmt":"2025-10-01T15:50:50","guid":{"rendered":"https:\/\/nordnesrepublikken.no\/index.php\/2025\/10\/01\/burrasca-di-grecale-pa-adriaterhavet-og-flommen-pa-sicilia-for-den-tidligere-orkanen-gabrielle-forklaringen-pa-darlig-vaer\/"},"modified":"2025-10-01T17:50:51","modified_gmt":"2025-10-01T15:50:51","slug":"burrasca-di-grecale-pa-adriaterhavet-og-flommen-pa-sicilia-for-den-tidligere-orkanen-gabrielle-forklaringen-pa-darlig-vaer","status":"publish","type":"post","link":"https:\/\/nordnesrepublikken.no\/index.php\/2025\/10\/01\/burrasca-di-grecale-pa-adriaterhavet-og-flommen-pa-sicilia-for-den-tidligere-orkanen-gabrielle-forklaringen-pa-darlig-vaer\/","title":{"rendered":"Burrasca di Grecale p\u00e5 Adriaterhavet og flommen p\u00e5 Sicilia for den tidligere orkanen Gabrielle: forklaringen p\u00e5 d\u00e5rlig v\u00e6r"},"content":{"rendered":"<div>\n<div class=\"cp_wrapper cp_wrapper--fw mb-30 mb-20@tablet\">\n<figure class=\"mm\"><picture class=\"img\" style=\"padding-top:56.25%\"><source  media=\"(min-width: 1024px)\"><source  media=\"(min-width: 768px)\"><\/source><\/source><\/picture><\/figure>\n<\/p><\/div>\n<p>Oktober m\u00e5ned begynner med en viktig <strong>Termisk kollaps<\/strong> som ogs\u00e5 bringer temperaturer p\u00e5 <strong>7-8 \u00b0 C under gjennomsnittet<\/strong> av perioden i forskjellige omr\u00e5der av Italia og sterke <strong>d\u00e5rlig v\u00e6r<\/strong>. Situasjonen som er konfigurert er en av en<strong>Italia delt i halvparten<\/strong>: P\u00e5 den ene siden restene av<strong>Tidligere orkan Gabrielle<\/strong> De brakte sterkt d\u00e5rlig v\u00e6r og mange skader p\u00e5 Sicilia og mer generelt p\u00e5 Middelhavet, med mange skader ogs\u00e5 p\u00e5 balearene og Ibiza -\u00f8yene. Spesielt kommunens kommune <strong>Favara<\/strong>i provinsen av <strong>Agrigento<\/strong>ble rammet av en storm produsert av ustabiliteten brakt av restene av<strong>Orkanen Gabrielle<\/strong>ankom Europa fra Atlanterhavet som en tropisk storm. De kraftige regnene for\u00e5rsaket utbredt flom, og en kvinne er fremdeles spredt etter \u00e5 ha blitt overveldet av vannet mens hun var i bilen.<\/p>\n<p>P\u00e5 den annen side ble hele Adriaterhavsbandet p\u00e5virket av det s\u00e5 -kalt &laquo;<strong>Grecale Storm<\/strong>&laquo;, Det vil si en inntrenging av veldig kald luft fra Russland som bringer vindkast av vind til <strong>100 km\/t<\/strong> og en senking av temperaturene under gjennomsnittet av perioden. Gjennom dagen i dag <strong>Civil Protection<\/strong> har utstedt en<strong>Gul varsel<\/strong> For regionene Sicilia, Abruzzo, Molise, Puglia, Basilicata, Calabria og sektorer av Emilia-Romagna og Marche, signaliserer risikoen for dusjer med h\u00f8y intensitet, hyppige elektriske aktiviteter, haglestorm og sterke vindkast av vind.<\/p>\n<h2>Hva skjedde p\u00e5 Sicilia og Ibiza for passering av den tidligere orkanen Gabrielle<\/h2>\n<p>Som nevnt, det d\u00e5rlige v\u00e6ret som treffer Sicilia<strong> er knyttet til restene av den tidligere orkanen Gabrielle,<\/strong> Som bare i g\u00e5r ogs\u00e5 traff provinsen Valencia og Balear\u00f8yene, mindre enn ett \u00e5r etter den forferdelige flommen for\u00e5rsaket av Dana som for\u00e5rsaket over 200 ofre.<\/p>\n<p>Orkanen Gabrielle dannet seg i Atlanterhavet, hvor han n\u00e5dde <strong>Kategori 4<\/strong> 22. september og deretter svekkes og n\u00e5 Portugal i form av <strong>tropisk storm<\/strong>. Etter \u00e5 ha krysset det spanske innlandet og mistet en god del av styrken, kom Gabrielles rester fortsatt inn i atmosf\u00e6ren <strong>Store mengder fuktighet<\/strong>. P\u00e5 grunn av de h\u00f8ye temperaturene p\u00e5 middelhavsoverflaten (spesielt p\u00e5 slutten av sommersesongen), begynte det som gjensto av orkanen \u00e5 transportere store mengder latent energi og varme, noe som \u00f8kte<strong>ustabilitet<\/strong> og favoriserer det <strong>Utvikling av tordenv\u00e6r<\/strong> Ogs\u00e5 veldig intens.<\/p>\n<p>Den mest ber\u00f8rte italienske regionen var faktisk Sicilia, der en voldelig storm for\u00e5rsaket utbredt flom, spesielt i omr\u00e5det til<strong>Agrigento<\/strong>der en kvinne fremdeles er spredt. I l\u00f8pet av i morgen, torsdag 2. oktober, er det ogs\u00e5 planlagt en forverring <strong>Sardinia<\/strong>: str\u00f8mmen av fuktig og varm luft fra vest, faktisk, sammenst\u00f8t med den kj\u00f8ligere luften som er til stede fra \u00f8st, vil f\u00f8re til st\u00f8rre ustabilitet og rikelig regn opp til <strong>100-150 millimeter<\/strong>.<\/p>\n<p>I Ibiza falt de imidlertid <strong>180 millimeter regn<\/strong> P\u00e5 en halv dag, med en blitzflom som lammet \u00f8ya, som synlig ogs\u00e5 i videoen nedenfor. I mellomtiden har de spanske myndighetene utstedt<strong>Maksimal r\u00f8d varsel<\/strong>.<\/p>\n<h2>&laquo;Grecale Storm&raquo; som treffer Adriaterhavsfronten<\/h2>\n<p>P\u00e5 Adriaterhavsfronten, men <strong>Det har p\u00e5dratt seg en kald luftplukking <\/strong>Kommer fra Russland, som etter \u00e5 ha flyr over Balkan, bringer til Italia med sterke stormvinduer til og med opp til 80-90 km\/han senker temperaturene under gjennomsnittet av perioden.<\/p>\n<p>I Trieste the <strong>Gusts of Bora<\/strong> Opptil 100 km\/t vil ankomme, mens inntil fredag \u200b\u200bforventes det storm langs alle Adriaterhavskystene. Den kalde luften bringer viktige termiske kollapser, med de \u00f8stlige regionene av bagasjerommet som ogs\u00e5 kan falle med 10 \u00b0 C og sn\u00f8 p\u00e5 apenninene over 1400 meter. I f\u00f8lge prognosene, men i l\u00f8pet av helgen <strong>stabilitet<\/strong> I hele Italia, med hevede temperaturer, selv om det fortsatt er litt under media.<\/p>\n<\/p><\/div>\n","protected":false},"excerpt":{"rendered":"<p>Oktober m\u00e5ned begynner med en viktig Termisk kollaps som ogs\u00e5 bringer temperaturer p\u00e5 7-8 \u00b0<\/p>\n","protected":false},"author":1,"featured_media":10148,"comment_status":"closed","ping_status":"open","sticky":false,"template":"","format":"standard","meta":{"footnotes":""},"categories":[26],"tags":[6671,6669,468,74,3942,1292,6672,6670,5813,81,82,1051,532],"class_list":["post-10147","post","type-post","status-publish","format-standard","has-post-thumbnail","hentry","category-miljo","tag-adriaterhavet","tag-burrasca","tag-darlig","tag-den","tag-flommen","tag-forklaringen","tag-gabrielle","tag-grecale","tag-orkanen","tag-pa","tag-sicilia","tag-tidligere","tag-vaer","generate-columns","tablet-grid-50","mobile-grid-100","grid-parent","grid-33","resize-featured-image"],"yoast_head":"<!-- This site is optimized with the Yoast SEO plugin v24.4 - https:\/\/yoast.com\/wordpress\/plugins\/seo\/ -->\n<title>Burrasca di Grecale p\u00e5 Adriaterhavet og flommen p\u00e5 Sicilia for den tidligere orkanen Gabrielle: forklaringen p\u00e5 d\u00e5rlig v\u00e6r - Nordnesrepublikken<\/title>\n<meta name=\"robots\" content=\"index, follow, max-snippet:-1, max-image-preview:large, max-video-preview:-1\" \/>\n<link rel=\"canonical\" href=\"https:\/\/nordnesrepublikken.no\/index.php\/2025\/10\/01\/burrasca-di-grecale-pa-adriaterhavet-og-flommen-pa-sicilia-for-den-tidligere-orkanen-gabrielle-forklaringen-pa-darlig-vaer\/\" \/>\n<meta property=\"og:locale\" content=\"nb_NO\" \/>\n<meta property=\"og:type\" content=\"article\" \/>\n<meta property=\"og:title\" content=\"Burrasca di Grecale p\u00e5 Adriaterhavet og flommen p\u00e5 Sicilia for den tidligere orkanen Gabrielle: forklaringen p\u00e5 d\u00e5rlig v\u00e6r - Nordnesrepublikken\" \/>\n<meta property=\"og:description\" content=\"Oktober m\u00e5ned begynner med en viktig Termisk kollaps som ogs\u00e5 bringer temperaturer p\u00e5 7-8 \u00b0\" \/>\n<meta property=\"og:url\" content=\"https:\/\/nordnesrepublikken.no\/index.php\/2025\/10\/01\/burrasca-di-grecale-pa-adriaterhavet-og-flommen-pa-sicilia-for-den-tidligere-orkanen-gabrielle-forklaringen-pa-darlig-vaer\/\" \/>\n<meta property=\"og:site_name\" content=\"Nordnesrepublikken\" \/>\n<meta property=\"article:published_time\" content=\"2025-10-01T15:50:50+00:00\" \/>\n<meta property=\"article:modified_time\" content=\"2025-10-01T15:50:51+00:00\" \/>\n<meta property=\"og:image\" content=\"https:\/\/nordnesrepublikken.no\/wp-content\/uploads\/2025\/10\/1759333851_Burrasca-di-Grecale-pa-Adriaterhavet-og-flommen-pa-Sicilia-for.jpg\" \/>\n\t<meta property=\"og:image:width\" content=\"560\" \/>\n\t<meta property=\"og:image:height\" content=\"382\" \/>\n\t<meta property=\"og:image:type\" content=\"image\/jpeg\" \/>\n<meta name=\"author\" content=\"Ole Andersen\" \/>\n<meta name=\"twitter:card\" content=\"summary_large_image\" \/>\n<meta name=\"twitter:label1\" content=\"Skrevet av\" \/>\n\t<meta name=\"twitter:data1\" content=\"Ole Andersen\" \/>\n\t<meta name=\"twitter:label2\" content=\"Ansl. lesetid\" \/>\n\t<meta name=\"twitter:data2\" content=\"3 minutter\" \/>\n<script type=\"application\/ld+json\" class=\"yoast-schema-graph\">{\"@context\":\"https:\/\/schema.org\",\"@graph\":[{\"@type\":\"Article\",\"@id\":\"https:\/\/nordnesrepublikken.no\/index.php\/2025\/10\/01\/burrasca-di-grecale-pa-adriaterhavet-og-flommen-pa-sicilia-for-den-tidligere-orkanen-gabrielle-forklaringen-pa-darlig-vaer\/#article\",\"isPartOf\":{\"@id\":\"https:\/\/nordnesrepublikken.no\/index.php\/2025\/10\/01\/burrasca-di-grecale-pa-adriaterhavet-og-flommen-pa-sicilia-for-den-tidligere-orkanen-gabrielle-forklaringen-pa-darlig-vaer\/\"},\"author\":{\"name\":\"Ole Andersen\",\"@id\":\"https:\/\/nordnesrepublikken.no\/#\/schema\/person\/2e7e81935bab77882fffb79296240ff1\"},\"headline\":\"Burrasca di Grecale p\u00e5 Adriaterhavet og flommen p\u00e5 Sicilia for den tidligere orkanen Gabrielle: forklaringen p\u00e5 d\u00e5rlig v\u00e6r\",\"datePublished\":\"2025-10-01T15:50:50+00:00\",\"dateModified\":\"2025-10-01T15:50:51+00:00\",\"mainEntityOfPage\":{\"@id\":\"https:\/\/nordnesrepublikken.no\/index.php\/2025\/10\/01\/burrasca-di-grecale-pa-adriaterhavet-og-flommen-pa-sicilia-for-den-tidligere-orkanen-gabrielle-forklaringen-pa-darlig-vaer\/\"},\"wordCount\":607,\"publisher\":{\"@id\":\"https:\/\/nordnesrepublikken.no\/#organization\"},\"image\":{\"@id\":\"https:\/\/nordnesrepublikken.no\/index.php\/2025\/10\/01\/burrasca-di-grecale-pa-adriaterhavet-og-flommen-pa-sicilia-for-den-tidligere-orkanen-gabrielle-forklaringen-pa-darlig-vaer\/#primaryimage\"},\"thumbnailUrl\":\"https:\/\/nordnesrepublikken.no\/wp-content\/uploads\/2025\/10\/1759333851_Burrasca-di-Grecale-pa-Adriaterhavet-og-flommen-pa-Sicilia-for.jpg\",\"keywords\":[\"Adriaterhavet\",\"Burrasca\",\"D\u00e5rlig\",\"den\",\"flommen\",\"forklaringen\",\"Gabrielle\",\"Grecale\",\"orkanen\",\"p\u00e5\",\"Sicilia\",\"tidligere\",\"v\u00e6r\"],\"articleSection\":[\"Milj\u00f8\"],\"inLanguage\":\"nb-NO\"},{\"@type\":\"WebPage\",\"@id\":\"https:\/\/nordnesrepublikken.no\/index.php\/2025\/10\/01\/burrasca-di-grecale-pa-adriaterhavet-og-flommen-pa-sicilia-for-den-tidligere-orkanen-gabrielle-forklaringen-pa-darlig-vaer\/\",\"url\":\"https:\/\/nordnesrepublikken.no\/index.php\/2025\/10\/01\/burrasca-di-grecale-pa-adriaterhavet-og-flommen-pa-sicilia-for-den-tidligere-orkanen-gabrielle-forklaringen-pa-darlig-vaer\/\",\"name\":\"Burrasca di Grecale p\u00e5 Adriaterhavet og flommen p\u00e5 Sicilia for den tidligere orkanen Gabrielle: forklaringen p\u00e5 d\u00e5rlig v\u00e6r - Nordnesrepublikken\",\"isPartOf\":{\"@id\":\"https:\/\/nordnesrepublikken.no\/#website\"},\"primaryImageOfPage\":{\"@id\":\"https:\/\/nordnesrepublikken.no\/index.php\/2025\/10\/01\/burrasca-di-grecale-pa-adriaterhavet-og-flommen-pa-sicilia-for-den-tidligere-orkanen-gabrielle-forklaringen-pa-darlig-vaer\/#primaryimage\"},\"image\":{\"@id\":\"https:\/\/nordnesrepublikken.no\/index.php\/2025\/10\/01\/burrasca-di-grecale-pa-adriaterhavet-og-flommen-pa-sicilia-for-den-tidligere-orkanen-gabrielle-forklaringen-pa-darlig-vaer\/#primaryimage\"},\"thumbnailUrl\":\"https:\/\/nordnesrepublikken.no\/wp-content\/uploads\/2025\/10\/1759333851_Burrasca-di-Grecale-pa-Adriaterhavet-og-flommen-pa-Sicilia-for.jpg\",\"datePublished\":\"2025-10-01T15:50:50+00:00\",\"dateModified\":\"2025-10-01T15:50:51+00:00\",\"breadcrumb\":{\"@id\":\"https:\/\/nordnesrepublikken.no\/index.php\/2025\/10\/01\/burrasca-di-grecale-pa-adriaterhavet-og-flommen-pa-sicilia-for-den-tidligere-orkanen-gabrielle-forklaringen-pa-darlig-vaer\/#breadcrumb\"},\"inLanguage\":\"nb-NO\",\"potentialAction\":[{\"@type\":\"ReadAction\",\"target\":[\"https:\/\/nordnesrepublikken.no\/index.php\/2025\/10\/01\/burrasca-di-grecale-pa-adriaterhavet-og-flommen-pa-sicilia-for-den-tidligere-orkanen-gabrielle-forklaringen-pa-darlig-vaer\/\"]}]},{\"@type\":\"ImageObject\",\"inLanguage\":\"nb-NO\",\"@id\":\"https:\/\/nordnesrepublikken.no\/index.php\/2025\/10\/01\/burrasca-di-grecale-pa-adriaterhavet-og-flommen-pa-sicilia-for-den-tidligere-orkanen-gabrielle-forklaringen-pa-darlig-vaer\/#primaryimage\",\"url\":\"https:\/\/nordnesrepublikken.no\/wp-content\/uploads\/2025\/10\/1759333851_Burrasca-di-Grecale-pa-Adriaterhavet-og-flommen-pa-Sicilia-for.jpg\",\"contentUrl\":\"https:\/\/nordnesrepublikken.no\/wp-content\/uploads\/2025\/10\/1759333851_Burrasca-di-Grecale-pa-Adriaterhavet-og-flommen-pa-Sicilia-for.jpg\",\"width\":560,\"height\":382,\"caption\":\"Burrasca di Grecale p\u00e5 Adriaterhavet og flommen p\u00e5 Sicilia for den tidligere orkanen Gabrielle: forklaringen p\u00e5 d\u00e5rlig v\u00e6r\"},{\"@type\":\"BreadcrumbList\",\"@id\":\"https:\/\/nordnesrepublikken.no\/index.php\/2025\/10\/01\/burrasca-di-grecale-pa-adriaterhavet-og-flommen-pa-sicilia-for-den-tidligere-orkanen-gabrielle-forklaringen-pa-darlig-vaer\/#breadcrumb\",\"itemListElement\":[{\"@type\":\"ListItem\",\"position\":1,\"name\":\"Home\",\"item\":\"https:\/\/nordnesrepublikken.no\/\"},{\"@type\":\"ListItem\",\"position\":2,\"name\":\"Burrasca di Grecale p\u00e5 Adriaterhavet og flommen p\u00e5 Sicilia for den tidligere orkanen Gabrielle: forklaringen p\u00e5 d\u00e5rlig v\u00e6r\"}]},{\"@type\":\"WebSite\",\"@id\":\"https:\/\/nordnesrepublikken.no\/#website\",\"url\":\"https:\/\/nordnesrepublikken.no\/\",\"name\":\"Nordnesrepublikken\",\"description\":\"Stemmer og Visjoner fra Republikkens Hjerte\",\"publisher\":{\"@id\":\"https:\/\/nordnesrepublikken.no\/#organization\"},\"potentialAction\":[{\"@type\":\"SearchAction\",\"target\":{\"@type\":\"EntryPoint\",\"urlTemplate\":\"https:\/\/nordnesrepublikken.no\/?s={search_term_string}\"},\"query-input\":{\"@type\":\"PropertyValueSpecification\",\"valueRequired\":true,\"valueName\":\"search_term_string\"}}],\"inLanguage\":\"nb-NO\"},{\"@type\":\"Organization\",\"@id\":\"https:\/\/nordnesrepublikken.no\/#organization\",\"name\":\"Nordnesrepublikken\",\"url\":\"https:\/\/nordnesrepublikken.no\/\",\"logo\":{\"@type\":\"ImageObject\",\"inLanguage\":\"nb-NO\",\"@id\":\"https:\/\/nordnesrepublikken.no\/#\/schema\/logo\/image\/\",\"url\":\"https:\/\/nordnesrepublikken.no\/wp-content\/uploads\/2025\/02\/cropped-nordnesrepublikken-2.png\",\"contentUrl\":\"https:\/\/nordnesrepublikken.no\/wp-content\/uploads\/2025\/02\/cropped-nordnesrepublikken-2.png\",\"width\":1248,\"height\":362,\"caption\":\"Nordnesrepublikken\"},\"image\":{\"@id\":\"https:\/\/nordnesrepublikken.no\/#\/schema\/logo\/image\/\"}},{\"@type\":\"Person\",\"@id\":\"https:\/\/nordnesrepublikken.no\/#\/schema\/person\/2e7e81935bab77882fffb79296240ff1\",\"name\":\"Ole Andersen\",\"image\":{\"@type\":\"ImageObject\",\"inLanguage\":\"nb-NO\",\"@id\":\"https:\/\/nordnesrepublikken.no\/#\/schema\/person\/image\/\",\"url\":\"https:\/\/nordnesrepublikken.no\/wp-content\/uploads\/2025\/02\/nordnesrepublikken-2-2-150x150.jpg\",\"contentUrl\":\"https:\/\/nordnesrepublikken.no\/wp-content\/uploads\/2025\/02\/nordnesrepublikken-2-2-150x150.jpg\",\"caption\":\"Ole Andersen\"},\"description\":\"Ettersom jeg vokste opp i Oslo, har jeg alltid v\u00e6rt fascinert av ordenes kraft og deres evne til \u00e5 skape endringer. Etter \u00e5 ha fullf\u00f8rt min utdannelse i kommunikasjon ved Universitetet i Bergen, fikk jeg muligheten til \u00e5 jobbe innen ulike medier, der jeg har s\u00f8kt \u00e5 belyse viktige samfunnssp\u00f8rsm\u00e5l. I dag, som redakt\u00f8r for Nordnesrepublikken, pr\u00f8ver jeg \u00e5 forene min kj\u00e6rlighet for journalistikk med min lidenskap for innovasjon og eventyr.\",\"sameAs\":[\"https:\/\/nordnesrepublikken.no\/\"]}]}<\/script>\n<!-- \/ Yoast SEO plugin. -->","yoast_head_json":{"title":"Burrasca di Grecale p\u00e5 Adriaterhavet og flommen p\u00e5 Sicilia for den tidligere orkanen Gabrielle: forklaringen p\u00e5 d\u00e5rlig v\u00e6r - Nordnesrepublikken","robots":{"index":"index","follow":"follow","max-snippet":"max-snippet:-1","max-image-preview":"max-image-preview:large","max-video-preview":"max-video-preview:-1"},"canonical":"https:\/\/nordnesrepublikken.no\/index.php\/2025\/10\/01\/burrasca-di-grecale-pa-adriaterhavet-og-flommen-pa-sicilia-for-den-tidligere-orkanen-gabrielle-forklaringen-pa-darlig-vaer\/","og_locale":"nb_NO","og_type":"article","og_title":"Burrasca di Grecale p\u00e5 Adriaterhavet og flommen p\u00e5 Sicilia for den tidligere orkanen Gabrielle: forklaringen p\u00e5 d\u00e5rlig v\u00e6r - Nordnesrepublikken","og_description":"Oktober m\u00e5ned begynner med en viktig Termisk kollaps som ogs\u00e5 bringer temperaturer p\u00e5 7-8 \u00b0","og_url":"https:\/\/nordnesrepublikken.no\/index.php\/2025\/10\/01\/burrasca-di-grecale-pa-adriaterhavet-og-flommen-pa-sicilia-for-den-tidligere-orkanen-gabrielle-forklaringen-pa-darlig-vaer\/","og_site_name":"Nordnesrepublikken","article_published_time":"2025-10-01T15:50:50+00:00","article_modified_time":"2025-10-01T15:50:51+00:00","og_image":[{"width":560,"height":382,"url":"https:\/\/nordnesrepublikken.no\/wp-content\/uploads\/2025\/10\/1759333851_Burrasca-di-Grecale-pa-Adriaterhavet-og-flommen-pa-Sicilia-for.jpg","type":"image\/jpeg"}],"author":"Ole Andersen","twitter_card":"summary_large_image","twitter_misc":{"Skrevet av":"Ole Andersen","Ansl. lesetid":"3 minutter"},"schema":{"@context":"https:\/\/schema.org","@graph":[{"@type":"Article","@id":"https:\/\/nordnesrepublikken.no\/index.php\/2025\/10\/01\/burrasca-di-grecale-pa-adriaterhavet-og-flommen-pa-sicilia-for-den-tidligere-orkanen-gabrielle-forklaringen-pa-darlig-vaer\/#article","isPartOf":{"@id":"https:\/\/nordnesrepublikken.no\/index.php\/2025\/10\/01\/burrasca-di-grecale-pa-adriaterhavet-og-flommen-pa-sicilia-for-den-tidligere-orkanen-gabrielle-forklaringen-pa-darlig-vaer\/"},"author":{"name":"Ole Andersen","@id":"https:\/\/nordnesrepublikken.no\/#\/schema\/person\/2e7e81935bab77882fffb79296240ff1"},"headline":"Burrasca di Grecale p\u00e5 Adriaterhavet og flommen p\u00e5 Sicilia for den tidligere orkanen Gabrielle: forklaringen p\u00e5 d\u00e5rlig v\u00e6r","datePublished":"2025-10-01T15:50:50+00:00","dateModified":"2025-10-01T15:50:51+00:00","mainEntityOfPage":{"@id":"https:\/\/nordnesrepublikken.no\/index.php\/2025\/10\/01\/burrasca-di-grecale-pa-adriaterhavet-og-flommen-pa-sicilia-for-den-tidligere-orkanen-gabrielle-forklaringen-pa-darlig-vaer\/"},"wordCount":607,"publisher":{"@id":"https:\/\/nordnesrepublikken.no\/#organization"},"image":{"@id":"https:\/\/nordnesrepublikken.no\/index.php\/2025\/10\/01\/burrasca-di-grecale-pa-adriaterhavet-og-flommen-pa-sicilia-for-den-tidligere-orkanen-gabrielle-forklaringen-pa-darlig-vaer\/#primaryimage"},"thumbnailUrl":"https:\/\/nordnesrepublikken.no\/wp-content\/uploads\/2025\/10\/1759333851_Burrasca-di-Grecale-pa-Adriaterhavet-og-flommen-pa-Sicilia-for.jpg","keywords":["Adriaterhavet","Burrasca","D\u00e5rlig","den","flommen","forklaringen","Gabrielle","Grecale","orkanen","p\u00e5","Sicilia","tidligere","v\u00e6r"],"articleSection":["Milj\u00f8"],"inLanguage":"nb-NO"},{"@type":"WebPage","@id":"https:\/\/nordnesrepublikken.no\/index.php\/2025\/10\/01\/burrasca-di-grecale-pa-adriaterhavet-og-flommen-pa-sicilia-for-den-tidligere-orkanen-gabrielle-forklaringen-pa-darlig-vaer\/","url":"https:\/\/nordnesrepublikken.no\/index.php\/2025\/10\/01\/burrasca-di-grecale-pa-adriaterhavet-og-flommen-pa-sicilia-for-den-tidligere-orkanen-gabrielle-forklaringen-pa-darlig-vaer\/","name":"Burrasca di Grecale p\u00e5 Adriaterhavet og flommen p\u00e5 Sicilia for den tidligere orkanen Gabrielle: forklaringen p\u00e5 d\u00e5rlig v\u00e6r - Nordnesrepublikken","isPartOf":{"@id":"https:\/\/nordnesrepublikken.no\/#website"},"primaryImageOfPage":{"@id":"https:\/\/nordnesrepublikken.no\/index.php\/2025\/10\/01\/burrasca-di-grecale-pa-adriaterhavet-og-flommen-pa-sicilia-for-den-tidligere-orkanen-gabrielle-forklaringen-pa-darlig-vaer\/#primaryimage"},"image":{"@id":"https:\/\/nordnesrepublikken.no\/index.php\/2025\/10\/01\/burrasca-di-grecale-pa-adriaterhavet-og-flommen-pa-sicilia-for-den-tidligere-orkanen-gabrielle-forklaringen-pa-darlig-vaer\/#primaryimage"},"thumbnailUrl":"https:\/\/nordnesrepublikken.no\/wp-content\/uploads\/2025\/10\/1759333851_Burrasca-di-Grecale-pa-Adriaterhavet-og-flommen-pa-Sicilia-for.jpg","datePublished":"2025-10-01T15:50:50+00:00","dateModified":"2025-10-01T15:50:51+00:00","breadcrumb":{"@id":"https:\/\/nordnesrepublikken.no\/index.php\/2025\/10\/01\/burrasca-di-grecale-pa-adriaterhavet-og-flommen-pa-sicilia-for-den-tidligere-orkanen-gabrielle-forklaringen-pa-darlig-vaer\/#breadcrumb"},"inLanguage":"nb-NO","potentialAction":[{"@type":"ReadAction","target":["https:\/\/nordnesrepublikken.no\/index.php\/2025\/10\/01\/burrasca-di-grecale-pa-adriaterhavet-og-flommen-pa-sicilia-for-den-tidligere-orkanen-gabrielle-forklaringen-pa-darlig-vaer\/"]}]},{"@type":"ImageObject","inLanguage":"nb-NO","@id":"https:\/\/nordnesrepublikken.no\/index.php\/2025\/10\/01\/burrasca-di-grecale-pa-adriaterhavet-og-flommen-pa-sicilia-for-den-tidligere-orkanen-gabrielle-forklaringen-pa-darlig-vaer\/#primaryimage","url":"https:\/\/nordnesrepublikken.no\/wp-content\/uploads\/2025\/10\/1759333851_Burrasca-di-Grecale-pa-Adriaterhavet-og-flommen-pa-Sicilia-for.jpg","contentUrl":"https:\/\/nordnesrepublikken.no\/wp-content\/uploads\/2025\/10\/1759333851_Burrasca-di-Grecale-pa-Adriaterhavet-og-flommen-pa-Sicilia-for.jpg","width":560,"height":382,"caption":"Burrasca di Grecale p\u00e5 Adriaterhavet og flommen p\u00e5 Sicilia for den tidligere orkanen Gabrielle: forklaringen p\u00e5 d\u00e5rlig v\u00e6r"},{"@type":"BreadcrumbList","@id":"https:\/\/nordnesrepublikken.no\/index.php\/2025\/10\/01\/burrasca-di-grecale-pa-adriaterhavet-og-flommen-pa-sicilia-for-den-tidligere-orkanen-gabrielle-forklaringen-pa-darlig-vaer\/#breadcrumb","itemListElement":[{"@type":"ListItem","position":1,"name":"Home","item":"https:\/\/nordnesrepublikken.no\/"},{"@type":"ListItem","position":2,"name":"Burrasca di Grecale p\u00e5 Adriaterhavet og flommen p\u00e5 Sicilia for den tidligere orkanen Gabrielle: forklaringen p\u00e5 d\u00e5rlig v\u00e6r"}]},{"@type":"WebSite","@id":"https:\/\/nordnesrepublikken.no\/#website","url":"https:\/\/nordnesrepublikken.no\/","name":"Nordnesrepublikken","description":"Stemmer og Visjoner fra Republikkens Hjerte","publisher":{"@id":"https:\/\/nordnesrepublikken.no\/#organization"},"potentialAction":[{"@type":"SearchAction","target":{"@type":"EntryPoint","urlTemplate":"https:\/\/nordnesrepublikken.no\/?s={search_term_string}"},"query-input":{"@type":"PropertyValueSpecification","valueRequired":true,"valueName":"search_term_string"}}],"inLanguage":"nb-NO"},{"@type":"Organization","@id":"https:\/\/nordnesrepublikken.no\/#organization","name":"Nordnesrepublikken","url":"https:\/\/nordnesrepublikken.no\/","logo":{"@type":"ImageObject","inLanguage":"nb-NO","@id":"https:\/\/nordnesrepublikken.no\/#\/schema\/logo\/image\/","url":"https:\/\/nordnesrepublikken.no\/wp-content\/uploads\/2025\/02\/cropped-nordnesrepublikken-2.png","contentUrl":"https:\/\/nordnesrepublikken.no\/wp-content\/uploads\/2025\/02\/cropped-nordnesrepublikken-2.png","width":1248,"height":362,"caption":"Nordnesrepublikken"},"image":{"@id":"https:\/\/nordnesrepublikken.no\/#\/schema\/logo\/image\/"}},{"@type":"Person","@id":"https:\/\/nordnesrepublikken.no\/#\/schema\/person\/2e7e81935bab77882fffb79296240ff1","name":"Ole Andersen","image":{"@type":"ImageObject","inLanguage":"nb-NO","@id":"https:\/\/nordnesrepublikken.no\/#\/schema\/person\/image\/","url":"https:\/\/nordnesrepublikken.no\/wp-content\/uploads\/2025\/02\/nordnesrepublikken-2-2-150x150.jpg","contentUrl":"https:\/\/nordnesrepublikken.no\/wp-content\/uploads\/2025\/02\/nordnesrepublikken-2-2-150x150.jpg","caption":"Ole Andersen"},"description":"Ettersom jeg vokste opp i Oslo, har jeg alltid v\u00e6rt fascinert av ordenes kraft og deres evne til \u00e5 skape endringer. Etter \u00e5 ha fullf\u00f8rt min utdannelse i kommunikasjon ved Universitetet i Bergen, fikk jeg muligheten til \u00e5 jobbe innen ulike medier, der jeg har s\u00f8kt \u00e5 belyse viktige samfunnssp\u00f8rsm\u00e5l. I dag, som redakt\u00f8r for Nordnesrepublikken, pr\u00f8ver jeg \u00e5 forene min kj\u00e6rlighet for journalistikk med min lidenskap for innovasjon og eventyr.","sameAs":["https:\/\/nordnesrepublikken.no\/"]}]}},"_links":{"self":[{"href":"https:\/\/nordnesrepublikken.no\/index.php\/wp-json\/wp\/v2\/posts\/10147","targetHints":{"allow":["GET"]}}],"collection":[{"href":"https:\/\/nordnesrepublikken.no\/index.php\/wp-json\/wp\/v2\/posts"}],"about":[{"href":"https:\/\/nordnesrepublikken.no\/index.php\/wp-json\/wp\/v2\/types\/post"}],"author":[{"embeddable":true,"href":"https:\/\/nordnesrepublikken.no\/index.php\/wp-json\/wp\/v2\/users\/1"}],"replies":[{"embeddable":true,"href":"https:\/\/nordnesrepublikken.no\/index.php\/wp-json\/wp\/v2\/comments?post=10147"}],"version-history":[{"count":1,"href":"https:\/\/nordnesrepublikken.no\/index.php\/wp-json\/wp\/v2\/posts\/10147\/revisions"}],"predecessor-version":[{"id":10149,"href":"https:\/\/nordnesrepublikken.no\/index.php\/wp-json\/wp\/v2\/posts\/10147\/revisions\/10149"}],"wp:featuredmedia":[{"embeddable":true,"href":"https:\/\/nordnesrepublikken.no\/index.php\/wp-json\/wp\/v2\/media\/10148"}],"wp:attachment":[{"href":"https:\/\/nordnesrepublikken.no\/index.php\/wp-json\/wp\/v2\/media?parent=10147"}],"wp:term":[{"taxonomy":"category","embeddable":true,"href":"https:\/\/nordnesrepublikken.no\/index.php\/wp-json\/wp\/v2\/categories?post=10147"},{"taxonomy":"post_tag","embeddable":true,"href":"https:\/\/nordnesrepublikken.no\/index.php\/wp-json\/wp\/v2\/tags?post=10147"}],"curies":[{"name":"wp","href":"https:\/\/api.w.org\/{rel}","templated":true}]}}