{"id":10120,"date":"2025-09-30T22:49:42","date_gmt":"2025-09-30T20:49:42","guid":{"rendered":"https:\/\/nordnesrepublikken.no\/index.php\/2025\/09\/30\/higueron-boligutvikling-far-gront-lys\/"},"modified":"2025-09-30T22:49:45","modified_gmt":"2025-09-30T20:49:45","slug":"higueron-boligutvikling-far-gront-lys","status":"publish","type":"post","link":"https:\/\/nordnesrepublikken.no\/index.php\/2025\/09\/30\/higueron-boligutvikling-far-gront-lys\/","title":{"rendered":"Higueron boligutvikling f\u00e5r gr\u00f8nt lys"},"content":{"rendered":"<p><\/p>\n<div class=\"wordpress-content\">\n                    <!-- Article Start --><\/p>\n<p><strong>En massiv byplanleggingsjustering har endelig f\u00e5tt gr\u00f8nt lys for El Higueron, et eksklusivt boligomr\u00e5de i Fuengirola, p\u00e5 Costa del Sol. <\/strong><\/p>\n<p>Den andalucianske regionale regjeringen har gitt ut en gunstig milj\u00f8messig rapport for en modifisering av Fuengirolas generelle byutviklingsplan (PGOU), som p\u00e5virker to tomter i El Higueron -sektoren. Prosjektet introduserer en strategisk omorganisering av bolig- og tjenesteomr\u00e5der for \u00e5 forbedre samfunnets fasiliteter og milj\u00f8hensyn.<\/p>\n<p>Overf\u00f8ring av bygningsrettighetene er kjernen i ombyggingen, som inneb\u00e6rer omfordeling av \u00e5tte planlagte boliger, et skifte som konsoliderer all boligutvikling p\u00e5 stedet, og frigj\u00f8r plass for nye samfunnsfokuserte fasiliteter. Den fraflyttede tomten vil n\u00e5 v\u00e6re vertskap for et dekket parkeringshus med 142-rom for innbyggerne, toppet med fire nye tennisbaner. Disse tilleggene er planlagt \u00e5 forbedre omr\u00e5dets idrettsanlegg og transportalternativer betydelig og er strategisk plassert for maksimal tilgjengelighet for innbyggerne.<\/p>\n<div class=\"sra_unit\"><link rel=\"stylesheet\" id=\"block-sra\" href=\"https:\/\/euroweeklynews.com\/wp-content\/plugins\/snack-related-articles\/dist\/css\/snack-related.min.css?250312-193541\" type=\"text\/css\" media=\"all\">\n<\/div>\n<p>Prosjektet har blitt ansett som milj\u00f8vennlig av den regionale delegasjonen av b\u00e6rekraft og milj\u00f8, forutsatt at obligatoriske forebyggende og korrigerende tiltak f\u00f8lges. Hovedkravene inkluderer \u00e5 plante innf\u00f8dte trearter for \u00e5 fungere som karbonvasker, tilf\u00f8rer naturlig luftrensing og streng overholdelse av forskrifter om vann, avfall og jordkvalitet. Fuengirola r\u00e5dhus vil v\u00e6re ansvarlig for \u00e5 sende inn regelmessige rapporter under bygging og drift for \u00e5 sikre overholdelse av milj\u00f8messige tiltak, inkludert hydrologiske studier og ansvarlig vannforvaltning.<\/p>\n<p>Fuengirolas r\u00e5d er forn\u00f8yd med denne urbane moderniseringsinnsatsen, ettersom den faller i tr\u00e5d med sin forpliktelse til \u00e5 forbedre tilgjengeligheten, mobiliteten og b\u00e6rekraften i omr\u00e5det uten \u00e5 \u00f8ke det totale antallet hjem eller sette en belastning p\u00e5 lokale naturressurser. Ombyggingen av El Higueron, en av Costa del Sols mest fremtredende boligutvikling, viser dens \u00f8kende betydning som en modell for b\u00e6rekraftig byplanlegging p\u00e5 Costa del Sol.<\/p>\n<p>                    <!-- This article has been originally published at https:\/\/euroweeklynews.com\/2025\/09\/30\/higueron-housing-development-gets-green-light\/ on 30 Sep 2025 at 22:12 by Adam Woodward --><br \/>\n                    <!-- Article End -->\n                <\/div>\n","protected":false},"excerpt":{"rendered":"<p>En massiv byplanleggingsjustering har endelig f\u00e5tt gr\u00f8nt lys for El Higueron, et eksklusivt boligomr\u00e5de i<\/p>\n","protected":false},"author":1,"featured_media":10121,"comment_status":"closed","ping_status":"open","sticky":false,"template":"","format":"standard","meta":{"footnotes":""},"categories":[105],"tags":[3367,1111,5777,6654,197],"class_list":["post-10120","post","type-post","status-publish","format-standard","has-post-thumbnail","hentry","category-livsstil","tag-boligutvikling","tag-far","tag-gront","tag-higueron","tag-lys","generate-columns","tablet-grid-50","mobile-grid-100","grid-parent","grid-33"],"yoast_head":"<!-- This site is optimized with the Yoast SEO plugin v24.4 - https:\/\/yoast.com\/wordpress\/plugins\/seo\/ -->\n<title>Higueron boligutvikling f\u00e5r gr\u00f8nt lys - Nordnesrepublikken<\/title>\n<meta name=\"robots\" content=\"index, follow, max-snippet:-1, max-image-preview:large, max-video-preview:-1\" \/>\n<link rel=\"canonical\" href=\"https:\/\/nordnesrepublikken.no\/index.php\/2025\/09\/30\/higueron-boligutvikling-far-gront-lys\/\" \/>\n<meta property=\"og:locale\" content=\"nb_NO\" \/>\n<meta property=\"og:type\" content=\"article\" \/>\n<meta property=\"og:title\" content=\"Higueron boligutvikling f\u00e5r gr\u00f8nt lys - Nordnesrepublikken\" \/>\n<meta property=\"og:description\" content=\"En massiv byplanleggingsjustering har endelig f\u00e5tt gr\u00f8nt lys for El Higueron, et eksklusivt boligomr\u00e5de i\" \/>\n<meta property=\"og:url\" content=\"https:\/\/nordnesrepublikken.no\/index.php\/2025\/09\/30\/higueron-boligutvikling-far-gront-lys\/\" \/>\n<meta property=\"og:site_name\" content=\"Nordnesrepublikken\" \/>\n<meta property=\"article:published_time\" content=\"2025-09-30T20:49:42+00:00\" \/>\n<meta property=\"article:modified_time\" content=\"2025-09-30T20:49:45+00:00\" \/>\n<meta property=\"og:image\" content=\"https:\/\/nordnesrepublikken.no\/wp-content\/uploads\/2025\/09\/1759265384_Higueron-boligutvikling-far-gront-lys.jpeg\" \/>\n\t<meta property=\"og:image:width\" content=\"1024\" \/>\n\t<meta property=\"og:image:height\" content=\"640\" \/>\n\t<meta property=\"og:image:type\" content=\"image\/jpeg\" \/>\n<meta name=\"author\" content=\"Ole Andersen\" \/>\n<meta name=\"twitter:card\" content=\"summary_large_image\" \/>\n<meta name=\"twitter:label1\" content=\"Skrevet av\" \/>\n\t<meta name=\"twitter:data1\" content=\"Ole Andersen\" \/>\n\t<meta name=\"twitter:label2\" content=\"Ansl. lesetid\" \/>\n\t<meta name=\"twitter:data2\" content=\"1 minutt\" \/>\n<script type=\"application\/ld+json\" class=\"yoast-schema-graph\">{\"@context\":\"https:\/\/schema.org\",\"@graph\":[{\"@type\":\"Article\",\"@id\":\"https:\/\/nordnesrepublikken.no\/index.php\/2025\/09\/30\/higueron-boligutvikling-far-gront-lys\/#article\",\"isPartOf\":{\"@id\":\"https:\/\/nordnesrepublikken.no\/index.php\/2025\/09\/30\/higueron-boligutvikling-far-gront-lys\/\"},\"author\":{\"name\":\"Ole Andersen\",\"@id\":\"https:\/\/nordnesrepublikken.no\/#\/schema\/person\/2e7e81935bab77882fffb79296240ff1\"},\"headline\":\"Higueron boligutvikling f\u00e5r gr\u00f8nt lys\",\"datePublished\":\"2025-09-30T20:49:42+00:00\",\"dateModified\":\"2025-09-30T20:49:45+00:00\",\"mainEntityOfPage\":{\"@id\":\"https:\/\/nordnesrepublikken.no\/index.php\/2025\/09\/30\/higueron-boligutvikling-far-gront-lys\/\"},\"wordCount\":296,\"publisher\":{\"@id\":\"https:\/\/nordnesrepublikken.no\/#organization\"},\"image\":{\"@id\":\"https:\/\/nordnesrepublikken.no\/index.php\/2025\/09\/30\/higueron-boligutvikling-far-gront-lys\/#primaryimage\"},\"thumbnailUrl\":\"https:\/\/nordnesrepublikken.no\/wp-content\/uploads\/2025\/09\/1759265384_Higueron-boligutvikling-far-gront-lys.jpeg\",\"keywords\":[\"boligutvikling\",\"f\u00e5r\",\"gr\u00f8nt\",\"Higueron\",\"lys\"],\"articleSection\":[\"Livsstil\"],\"inLanguage\":\"nb-NO\"},{\"@type\":\"WebPage\",\"@id\":\"https:\/\/nordnesrepublikken.no\/index.php\/2025\/09\/30\/higueron-boligutvikling-far-gront-lys\/\",\"url\":\"https:\/\/nordnesrepublikken.no\/index.php\/2025\/09\/30\/higueron-boligutvikling-far-gront-lys\/\",\"name\":\"Higueron boligutvikling f\u00e5r gr\u00f8nt lys - Nordnesrepublikken\",\"isPartOf\":{\"@id\":\"https:\/\/nordnesrepublikken.no\/#website\"},\"primaryImageOfPage\":{\"@id\":\"https:\/\/nordnesrepublikken.no\/index.php\/2025\/09\/30\/higueron-boligutvikling-far-gront-lys\/#primaryimage\"},\"image\":{\"@id\":\"https:\/\/nordnesrepublikken.no\/index.php\/2025\/09\/30\/higueron-boligutvikling-far-gront-lys\/#primaryimage\"},\"thumbnailUrl\":\"https:\/\/nordnesrepublikken.no\/wp-content\/uploads\/2025\/09\/1759265384_Higueron-boligutvikling-far-gront-lys.jpeg\",\"datePublished\":\"2025-09-30T20:49:42+00:00\",\"dateModified\":\"2025-09-30T20:49:45+00:00\",\"breadcrumb\":{\"@id\":\"https:\/\/nordnesrepublikken.no\/index.php\/2025\/09\/30\/higueron-boligutvikling-far-gront-lys\/#breadcrumb\"},\"inLanguage\":\"nb-NO\",\"potentialAction\":[{\"@type\":\"ReadAction\",\"target\":[\"https:\/\/nordnesrepublikken.no\/index.php\/2025\/09\/30\/higueron-boligutvikling-far-gront-lys\/\"]}]},{\"@type\":\"ImageObject\",\"inLanguage\":\"nb-NO\",\"@id\":\"https:\/\/nordnesrepublikken.no\/index.php\/2025\/09\/30\/higueron-boligutvikling-far-gront-lys\/#primaryimage\",\"url\":\"https:\/\/nordnesrepublikken.no\/wp-content\/uploads\/2025\/09\/1759265384_Higueron-boligutvikling-far-gront-lys.jpeg\",\"contentUrl\":\"https:\/\/nordnesrepublikken.no\/wp-content\/uploads\/2025\/09\/1759265384_Higueron-boligutvikling-far-gront-lys.jpeg\",\"width\":1024,\"height\":640,\"caption\":\"Higueron boligutvikling f\u00e5r gr\u00f8nt lys\"},{\"@type\":\"BreadcrumbList\",\"@id\":\"https:\/\/nordnesrepublikken.no\/index.php\/2025\/09\/30\/higueron-boligutvikling-far-gront-lys\/#breadcrumb\",\"itemListElement\":[{\"@type\":\"ListItem\",\"position\":1,\"name\":\"Home\",\"item\":\"https:\/\/nordnesrepublikken.no\/\"},{\"@type\":\"ListItem\",\"position\":2,\"name\":\"Higueron boligutvikling f\u00e5r gr\u00f8nt lys\"}]},{\"@type\":\"WebSite\",\"@id\":\"https:\/\/nordnesrepublikken.no\/#website\",\"url\":\"https:\/\/nordnesrepublikken.no\/\",\"name\":\"Nordnesrepublikken\",\"description\":\"Stemmer og Visjoner fra Republikkens Hjerte\",\"publisher\":{\"@id\":\"https:\/\/nordnesrepublikken.no\/#organization\"},\"potentialAction\":[{\"@type\":\"SearchAction\",\"target\":{\"@type\":\"EntryPoint\",\"urlTemplate\":\"https:\/\/nordnesrepublikken.no\/?s={search_term_string}\"},\"query-input\":{\"@type\":\"PropertyValueSpecification\",\"valueRequired\":true,\"valueName\":\"search_term_string\"}}],\"inLanguage\":\"nb-NO\"},{\"@type\":\"Organization\",\"@id\":\"https:\/\/nordnesrepublikken.no\/#organization\",\"name\":\"Nordnesrepublikken\",\"url\":\"https:\/\/nordnesrepublikken.no\/\",\"logo\":{\"@type\":\"ImageObject\",\"inLanguage\":\"nb-NO\",\"@id\":\"https:\/\/nordnesrepublikken.no\/#\/schema\/logo\/image\/\",\"url\":\"https:\/\/nordnesrepublikken.no\/wp-content\/uploads\/2025\/02\/cropped-nordnesrepublikken-2.png\",\"contentUrl\":\"https:\/\/nordnesrepublikken.no\/wp-content\/uploads\/2025\/02\/cropped-nordnesrepublikken-2.png\",\"width\":1248,\"height\":362,\"caption\":\"Nordnesrepublikken\"},\"image\":{\"@id\":\"https:\/\/nordnesrepublikken.no\/#\/schema\/logo\/image\/\"}},{\"@type\":\"Person\",\"@id\":\"https:\/\/nordnesrepublikken.no\/#\/schema\/person\/2e7e81935bab77882fffb79296240ff1\",\"name\":\"Ole Andersen\",\"image\":{\"@type\":\"ImageObject\",\"inLanguage\":\"nb-NO\",\"@id\":\"https:\/\/nordnesrepublikken.no\/#\/schema\/person\/image\/\",\"url\":\"https:\/\/nordnesrepublikken.no\/wp-content\/uploads\/2025\/02\/nordnesrepublikken-2-2-150x150.jpg\",\"contentUrl\":\"https:\/\/nordnesrepublikken.no\/wp-content\/uploads\/2025\/02\/nordnesrepublikken-2-2-150x150.jpg\",\"caption\":\"Ole Andersen\"},\"description\":\"Ettersom jeg vokste opp i Oslo, har jeg alltid v\u00e6rt fascinert av ordenes kraft og deres evne til \u00e5 skape endringer. Etter \u00e5 ha fullf\u00f8rt min utdannelse i kommunikasjon ved Universitetet i Bergen, fikk jeg muligheten til \u00e5 jobbe innen ulike medier, der jeg har s\u00f8kt \u00e5 belyse viktige samfunnssp\u00f8rsm\u00e5l. I dag, som redakt\u00f8r for Nordnesrepublikken, pr\u00f8ver jeg \u00e5 forene min kj\u00e6rlighet for journalistikk med min lidenskap for innovasjon og eventyr.\",\"sameAs\":[\"https:\/\/nordnesrepublikken.no\/\"]}]}<\/script>\n<!-- \/ Yoast SEO plugin. -->","yoast_head_json":{"title":"Higueron boligutvikling f\u00e5r gr\u00f8nt lys - Nordnesrepublikken","robots":{"index":"index","follow":"follow","max-snippet":"max-snippet:-1","max-image-preview":"max-image-preview:large","max-video-preview":"max-video-preview:-1"},"canonical":"https:\/\/nordnesrepublikken.no\/index.php\/2025\/09\/30\/higueron-boligutvikling-far-gront-lys\/","og_locale":"nb_NO","og_type":"article","og_title":"Higueron boligutvikling f\u00e5r gr\u00f8nt lys - Nordnesrepublikken","og_description":"En massiv byplanleggingsjustering har endelig f\u00e5tt gr\u00f8nt lys for El Higueron, et eksklusivt boligomr\u00e5de i","og_url":"https:\/\/nordnesrepublikken.no\/index.php\/2025\/09\/30\/higueron-boligutvikling-far-gront-lys\/","og_site_name":"Nordnesrepublikken","article_published_time":"2025-09-30T20:49:42+00:00","article_modified_time":"2025-09-30T20:49:45+00:00","og_image":[{"width":1024,"height":640,"url":"https:\/\/nordnesrepublikken.no\/wp-content\/uploads\/2025\/09\/1759265384_Higueron-boligutvikling-far-gront-lys.jpeg","type":"image\/jpeg"}],"author":"Ole Andersen","twitter_card":"summary_large_image","twitter_misc":{"Skrevet av":"Ole Andersen","Ansl. lesetid":"1 minutt"},"schema":{"@context":"https:\/\/schema.org","@graph":[{"@type":"Article","@id":"https:\/\/nordnesrepublikken.no\/index.php\/2025\/09\/30\/higueron-boligutvikling-far-gront-lys\/#article","isPartOf":{"@id":"https:\/\/nordnesrepublikken.no\/index.php\/2025\/09\/30\/higueron-boligutvikling-far-gront-lys\/"},"author":{"name":"Ole Andersen","@id":"https:\/\/nordnesrepublikken.no\/#\/schema\/person\/2e7e81935bab77882fffb79296240ff1"},"headline":"Higueron boligutvikling f\u00e5r gr\u00f8nt lys","datePublished":"2025-09-30T20:49:42+00:00","dateModified":"2025-09-30T20:49:45+00:00","mainEntityOfPage":{"@id":"https:\/\/nordnesrepublikken.no\/index.php\/2025\/09\/30\/higueron-boligutvikling-far-gront-lys\/"},"wordCount":296,"publisher":{"@id":"https:\/\/nordnesrepublikken.no\/#organization"},"image":{"@id":"https:\/\/nordnesrepublikken.no\/index.php\/2025\/09\/30\/higueron-boligutvikling-far-gront-lys\/#primaryimage"},"thumbnailUrl":"https:\/\/nordnesrepublikken.no\/wp-content\/uploads\/2025\/09\/1759265384_Higueron-boligutvikling-far-gront-lys.jpeg","keywords":["boligutvikling","f\u00e5r","gr\u00f8nt","Higueron","lys"],"articleSection":["Livsstil"],"inLanguage":"nb-NO"},{"@type":"WebPage","@id":"https:\/\/nordnesrepublikken.no\/index.php\/2025\/09\/30\/higueron-boligutvikling-far-gront-lys\/","url":"https:\/\/nordnesrepublikken.no\/index.php\/2025\/09\/30\/higueron-boligutvikling-far-gront-lys\/","name":"Higueron boligutvikling f\u00e5r gr\u00f8nt lys - Nordnesrepublikken","isPartOf":{"@id":"https:\/\/nordnesrepublikken.no\/#website"},"primaryImageOfPage":{"@id":"https:\/\/nordnesrepublikken.no\/index.php\/2025\/09\/30\/higueron-boligutvikling-far-gront-lys\/#primaryimage"},"image":{"@id":"https:\/\/nordnesrepublikken.no\/index.php\/2025\/09\/30\/higueron-boligutvikling-far-gront-lys\/#primaryimage"},"thumbnailUrl":"https:\/\/nordnesrepublikken.no\/wp-content\/uploads\/2025\/09\/1759265384_Higueron-boligutvikling-far-gront-lys.jpeg","datePublished":"2025-09-30T20:49:42+00:00","dateModified":"2025-09-30T20:49:45+00:00","breadcrumb":{"@id":"https:\/\/nordnesrepublikken.no\/index.php\/2025\/09\/30\/higueron-boligutvikling-far-gront-lys\/#breadcrumb"},"inLanguage":"nb-NO","potentialAction":[{"@type":"ReadAction","target":["https:\/\/nordnesrepublikken.no\/index.php\/2025\/09\/30\/higueron-boligutvikling-far-gront-lys\/"]}]},{"@type":"ImageObject","inLanguage":"nb-NO","@id":"https:\/\/nordnesrepublikken.no\/index.php\/2025\/09\/30\/higueron-boligutvikling-far-gront-lys\/#primaryimage","url":"https:\/\/nordnesrepublikken.no\/wp-content\/uploads\/2025\/09\/1759265384_Higueron-boligutvikling-far-gront-lys.jpeg","contentUrl":"https:\/\/nordnesrepublikken.no\/wp-content\/uploads\/2025\/09\/1759265384_Higueron-boligutvikling-far-gront-lys.jpeg","width":1024,"height":640,"caption":"Higueron boligutvikling f\u00e5r gr\u00f8nt lys"},{"@type":"BreadcrumbList","@id":"https:\/\/nordnesrepublikken.no\/index.php\/2025\/09\/30\/higueron-boligutvikling-far-gront-lys\/#breadcrumb","itemListElement":[{"@type":"ListItem","position":1,"name":"Home","item":"https:\/\/nordnesrepublikken.no\/"},{"@type":"ListItem","position":2,"name":"Higueron boligutvikling f\u00e5r gr\u00f8nt lys"}]},{"@type":"WebSite","@id":"https:\/\/nordnesrepublikken.no\/#website","url":"https:\/\/nordnesrepublikken.no\/","name":"Nordnesrepublikken","description":"Stemmer og Visjoner fra Republikkens Hjerte","publisher":{"@id":"https:\/\/nordnesrepublikken.no\/#organization"},"potentialAction":[{"@type":"SearchAction","target":{"@type":"EntryPoint","urlTemplate":"https:\/\/nordnesrepublikken.no\/?s={search_term_string}"},"query-input":{"@type":"PropertyValueSpecification","valueRequired":true,"valueName":"search_term_string"}}],"inLanguage":"nb-NO"},{"@type":"Organization","@id":"https:\/\/nordnesrepublikken.no\/#organization","name":"Nordnesrepublikken","url":"https:\/\/nordnesrepublikken.no\/","logo":{"@type":"ImageObject","inLanguage":"nb-NO","@id":"https:\/\/nordnesrepublikken.no\/#\/schema\/logo\/image\/","url":"https:\/\/nordnesrepublikken.no\/wp-content\/uploads\/2025\/02\/cropped-nordnesrepublikken-2.png","contentUrl":"https:\/\/nordnesrepublikken.no\/wp-content\/uploads\/2025\/02\/cropped-nordnesrepublikken-2.png","width":1248,"height":362,"caption":"Nordnesrepublikken"},"image":{"@id":"https:\/\/nordnesrepublikken.no\/#\/schema\/logo\/image\/"}},{"@type":"Person","@id":"https:\/\/nordnesrepublikken.no\/#\/schema\/person\/2e7e81935bab77882fffb79296240ff1","name":"Ole Andersen","image":{"@type":"ImageObject","inLanguage":"nb-NO","@id":"https:\/\/nordnesrepublikken.no\/#\/schema\/person\/image\/","url":"https:\/\/nordnesrepublikken.no\/wp-content\/uploads\/2025\/02\/nordnesrepublikken-2-2-150x150.jpg","contentUrl":"https:\/\/nordnesrepublikken.no\/wp-content\/uploads\/2025\/02\/nordnesrepublikken-2-2-150x150.jpg","caption":"Ole Andersen"},"description":"Ettersom jeg vokste opp i Oslo, har jeg alltid v\u00e6rt fascinert av ordenes kraft og deres evne til \u00e5 skape endringer. Etter \u00e5 ha fullf\u00f8rt min utdannelse i kommunikasjon ved Universitetet i Bergen, fikk jeg muligheten til \u00e5 jobbe innen ulike medier, der jeg har s\u00f8kt \u00e5 belyse viktige samfunnssp\u00f8rsm\u00e5l. I dag, som redakt\u00f8r for Nordnesrepublikken, pr\u00f8ver jeg \u00e5 forene min kj\u00e6rlighet for journalistikk med min lidenskap for innovasjon og eventyr.","sameAs":["https:\/\/nordnesrepublikken.no\/"]}]}},"_links":{"self":[{"href":"https:\/\/nordnesrepublikken.no\/index.php\/wp-json\/wp\/v2\/posts\/10120","targetHints":{"allow":["GET"]}}],"collection":[{"href":"https:\/\/nordnesrepublikken.no\/index.php\/wp-json\/wp\/v2\/posts"}],"about":[{"href":"https:\/\/nordnesrepublikken.no\/index.php\/wp-json\/wp\/v2\/types\/post"}],"author":[{"embeddable":true,"href":"https:\/\/nordnesrepublikken.no\/index.php\/wp-json\/wp\/v2\/users\/1"}],"replies":[{"embeddable":true,"href":"https:\/\/nordnesrepublikken.no\/index.php\/wp-json\/wp\/v2\/comments?post=10120"}],"version-history":[{"count":1,"href":"https:\/\/nordnesrepublikken.no\/index.php\/wp-json\/wp\/v2\/posts\/10120\/revisions"}],"predecessor-version":[{"id":10122,"href":"https:\/\/nordnesrepublikken.no\/index.php\/wp-json\/wp\/v2\/posts\/10120\/revisions\/10122"}],"wp:featuredmedia":[{"embeddable":true,"href":"https:\/\/nordnesrepublikken.no\/index.php\/wp-json\/wp\/v2\/media\/10121"}],"wp:attachment":[{"href":"https:\/\/nordnesrepublikken.no\/index.php\/wp-json\/wp\/v2\/media?parent=10120"}],"wp:term":[{"taxonomy":"category","embeddable":true,"href":"https:\/\/nordnesrepublikken.no\/index.php\/wp-json\/wp\/v2\/categories?post=10120"},{"taxonomy":"post_tag","embeddable":true,"href":"https:\/\/nordnesrepublikken.no\/index.php\/wp-json\/wp\/v2\/tags?post=10120"}],"curies":[{"name":"wp","href":"https:\/\/api.w.org\/{rel}","templated":true}]}}