{"id":10111,"date":"2025-09-30T16:49:31","date_gmt":"2025-09-30T14:49:31","guid":{"rendered":"https:\/\/nordnesrepublikken.no\/index.php\/2025\/09\/30\/som-oppfant-den-lovlige-tiden-og-da-girkassen-ble-fodt-med-solskinns-tid\/"},"modified":"2025-09-30T16:49:38","modified_gmt":"2025-09-30T14:49:38","slug":"som-oppfant-den-lovlige-tiden-og-da-girkassen-ble-fodt-med-solskinns-tid","status":"publish","type":"post","link":"https:\/\/nordnesrepublikken.no\/index.php\/2025\/09\/30\/som-oppfant-den-lovlige-tiden-og-da-girkassen-ble-fodt-med-solskinns-tid\/","title":{"rendered":"Som oppfant den lovlige tiden og da girkassen ble f\u00f8dt med solskinns tid"},"content":{"rendered":"<div>\n<div class=\"cp_wrapper cp_wrapper--fw mb-30 mb-20@tablet\">\n<figure class=\"mm\"><picture class=\"img\" style=\"padding-top:56.25%\"><source  media=\"(min-width: 1024px)\"><source  media=\"(min-width: 768px)\"><\/source><\/source><\/picture><\/figure>\n<\/p><\/div>\n<p>Mindre enn en m\u00e5ned mangler fra endringen fra<strong>juridisk<\/strong> p\u00e5<strong>soltid<\/strong>: Natten mellom<strong> L\u00f8rdag 25. oktober<\/strong> Og <strong>S\u00f8ndag 26. oktober<\/strong> 2025, klokken 03:00, klokken som blir flyttet en time tilbake. Men hvem oppfant den lovlige tiden og fra n\u00e5r er det i kraft i Italia? Den f\u00f8rste som foreslo at ideen ville v\u00e6rt den amerikanske forskeren og politikeren <strong>Benjamin Franklin<\/strong> Mens han var i Paris: M\u00e5let, selv den gangen, skulle f\u00e5 mest mulig ut av <strong>soltimer<\/strong> For \u00e5 redusere avfallet av lys p\u00e5 dagtid. Ideen hans ble imidlertid opprinnelig kastet, for deretter \u00e5 bli gjenopprettet i 1916 under f\u00f8rste verdenskrig og tr\u00e5dte i kraft i Italia <strong>p\u00e5 1960 -tallet<\/strong>.<\/p>\n<p>Som hvert \u00e5r vil overgangen til kalendertimen tillate oss \u00e5 &laquo;tjene&raquo; en times s\u00f8vn e <strong>vil forutse<\/strong> 60 minutter tidsplanen for<strong>soloppgang<\/strong> og av <strong>solnedgang<\/strong>gir oss en times lys tidlig om morgenen, men fjerner en om kvelden.<\/p>\n<h2>Som oppfant den lovlige tiden: Benjamin Franklin og William Willett<\/h2>\n<p>I f\u00f8lge de historiske rekonstruksjonene har de f\u00f8rste som har foresl\u00e5tt \u00e5 bevege klokkehender for \u00e5 bruke maksimalt <strong>sollys<\/strong> Det var amerikaneren <strong>Benjamin Franklin<\/strong>politiker og forsker (oppfinner, blant annet av <strong>Lynstang<\/strong> og bifokale linser): Under oppholdet i Paris i 1784 publiserte han en artikkel om <em>Journal de Paris, <\/em>der han p\u00e5 en sp\u00f8kefull m\u00e5te stryket p\u00e5 de franske vanene for \u00e5 g\u00e5 ut sent p\u00e5 kvelden og sove til sent dag.<\/p>\n<p>Nettopp av denne grunn antok han det eventuelle <strong>sparer<\/strong> av stearinlys om bare hadde flyttet timen tilbake: hans intuisjon, opprinnelig tatt i betraktning, ble imidlertid glemt til <strong>1909<\/strong>n\u00e5r den britiske gr\u00fcnderen<strong> William Willett <\/strong>Han publiserte til og med trykte brosjyrer, der han forklarte sl\u00f8sing med dagslys i sommerhalv\u00e5ret og den p\u00e5f\u00f8lgende energisparingen med adopsjonen av So -Called <em><strong>Britisk sommertid<\/strong>.<\/em><\/p>\n<p>Til tross for vedheft av fremtredende karakterer, inkludert forfatteren <strong>Arthur Conan Doyle<\/strong> og den fremtidige britiske statsministeren <strong>Winston Churchill<\/strong>Willetts forslag ble opprinnelig imot, og ble deretter gjenopptatt 7 \u00e5r senere under f\u00f8rste verdenskrig.<\/p>\n<h2>Da den lovlige tiden ble introdusert i Italia<\/h2>\n<p>Men hvor lenge har det v\u00e6rt i kraft <strong>Juridisk tidsplan i Italia <\/strong>Og hvem har bestemt seg for \u00e5 bevege hendene to ganger i \u00e5ret?<\/p>\n<p>Ogs\u00e5 i v\u00e5rt land ble det innf\u00f8rt juridiske timer for f\u00f8rste gang i <strong>1916<\/strong>da energisparing gjorde seg uunnv\u00e6rlig p\u00e5 grunn av <strong>konflikt<\/strong> <strong>verden<\/strong> p\u00e5g\u00e5r. I de p\u00e5f\u00f8lgende \u00e5rene var adopsjonen hans imidlertid svingende, vekslende \u00e5r der han ble undertrykt til andre der han ble gjenopprettet: med opprettelsen av <strong>Italiensk sosial republikk<\/strong> I 1943, og Italia delte seg halvveis mellom den nazi-fascistiske regjeringen i <strong>Benito Mussolini<\/strong> Og kongeriket Italia, til og med to forskjellige tidssikringer, gitt at republikken Sal\u00f2 i 1944 bestemte seg for \u00e5 ta i bruk den lovlige tiden.<\/p>\n<p>Etter omtrent 20 \u00e5r med usikkerhet, vedtok loven i 1966 N.1144<strong>Inntreden i kraft<\/strong> av lovlig time i Italia, med &laquo;den vanlige timen som er forventet, p\u00e5 alle m\u00e5ter, p\u00e5 seksti de f\u00f8rste f\u00f8rste minuttene&raquo;. P\u00e5 samme m\u00e5te, i 1996, ble timens endring vedtatt med en felles kalender i resten av<strong>EU<\/strong>.<\/p>\n<p>Fortsatt i dag, men den <strong>debatt<\/strong> P\u00e5 lovlig og solrik tid er det spesielt opphetet, til det punktet at det inntil for noen \u00e5r siden har Europaparlamentet begynt \u00e5 diskutere en mulig <strong>avskaffelse<\/strong> av vekslingen. I alle fall har endringen av timene for sommerm\u00e5nedene flere fordeler og ulemper: Mellom april og oktober 2025 er det ansl\u00e5tt at de vil ha blitt lagret <strong>100 millioner euro<\/strong> takket v\u00e6re et forbruk av <strong>330 millioner kWh<\/strong> mindre str\u00f8m, lik omtrent omtrent <strong>160 tusen tonn co<sub>2 <\/sub><\/strong> I mindre enn i atmosf\u00e6ren (terna data). P\u00e5 den annen side er det imidlertid noen vitenskapelige studier som har fremhevet mulig negative innvirkninger p\u00e5 <strong>Helse<\/strong> og p\u00e5 <strong>sove<\/strong>.<\/p>\n<\/p><\/div>\n","protected":false},"excerpt":{"rendered":"<p>Mindre enn en m\u00e5ned mangler fra endringen frajuridisk p\u00e5soltid: Natten mellom L\u00f8rdag 25. oktober Og<\/p>\n","protected":false},"author":1,"featured_media":10112,"comment_status":"closed","ping_status":"open","sticky":false,"template":"","format":"standard","meta":{"footnotes":""},"categories":[104],"tags":[373,74,97,6646,4017,79,2022,6647,31,636,4554],"class_list":["post-10111","post","type-post","status-publish","format-standard","has-post-thumbnail","hentry","category-samfunn","tag-ble","tag-den","tag-fodt","tag-girkassen","tag-lovlige","tag-med","tag-oppfant","tag-solskinns","tag-som","tag-tid","tag-tiden","generate-columns","tablet-grid-50","mobile-grid-100","grid-parent","grid-33","resize-featured-image"],"yoast_head":"<!-- This site is optimized with the Yoast SEO plugin v24.4 - https:\/\/yoast.com\/wordpress\/plugins\/seo\/ -->\n<title>Som oppfant den lovlige tiden og da girkassen ble f\u00f8dt med solskinns tid - Nordnesrepublikken<\/title>\n<meta name=\"robots\" content=\"index, follow, max-snippet:-1, max-image-preview:large, max-video-preview:-1\" \/>\n<link rel=\"canonical\" href=\"https:\/\/nordnesrepublikken.no\/index.php\/2025\/09\/30\/som-oppfant-den-lovlige-tiden-og-da-girkassen-ble-fodt-med-solskinns-tid\/\" \/>\n<meta property=\"og:locale\" content=\"nb_NO\" \/>\n<meta property=\"og:type\" content=\"article\" \/>\n<meta property=\"og:title\" content=\"Som oppfant den lovlige tiden og da girkassen ble f\u00f8dt med solskinns tid - Nordnesrepublikken\" \/>\n<meta property=\"og:description\" content=\"Mindre enn en m\u00e5ned mangler fra endringen frajuridisk p\u00e5soltid: Natten mellom L\u00f8rdag 25. oktober Og\" \/>\n<meta property=\"og:url\" content=\"https:\/\/nordnesrepublikken.no\/index.php\/2025\/09\/30\/som-oppfant-den-lovlige-tiden-og-da-girkassen-ble-fodt-med-solskinns-tid\/\" \/>\n<meta property=\"og:site_name\" content=\"Nordnesrepublikken\" \/>\n<meta property=\"article:published_time\" content=\"2025-09-30T14:49:31+00:00\" \/>\n<meta property=\"article:modified_time\" content=\"2025-09-30T14:49:38+00:00\" \/>\n<meta property=\"og:image\" content=\"https:\/\/nordnesrepublikken.no\/wp-content\/uploads\/2025\/09\/1759243772_Som-oppfant-den-lovlige-tiden-og-da-girkassen-ble-fodt.jpg\" \/>\n\t<meta property=\"og:image:width\" content=\"2121\" \/>\n\t<meta property=\"og:image:height\" content=\"1414\" \/>\n\t<meta property=\"og:image:type\" content=\"image\/jpeg\" \/>\n<meta name=\"author\" content=\"Ole Andersen\" \/>\n<meta name=\"twitter:card\" content=\"summary_large_image\" \/>\n<meta name=\"twitter:label1\" content=\"Skrevet av\" \/>\n\t<meta name=\"twitter:data1\" content=\"Ole Andersen\" \/>\n\t<meta name=\"twitter:label2\" content=\"Ansl. lesetid\" \/>\n\t<meta name=\"twitter:data2\" content=\"3 minutter\" \/>\n<script type=\"application\/ld+json\" class=\"yoast-schema-graph\">{\"@context\":\"https:\/\/schema.org\",\"@graph\":[{\"@type\":\"Article\",\"@id\":\"https:\/\/nordnesrepublikken.no\/index.php\/2025\/09\/30\/som-oppfant-den-lovlige-tiden-og-da-girkassen-ble-fodt-med-solskinns-tid\/#article\",\"isPartOf\":{\"@id\":\"https:\/\/nordnesrepublikken.no\/index.php\/2025\/09\/30\/som-oppfant-den-lovlige-tiden-og-da-girkassen-ble-fodt-med-solskinns-tid\/\"},\"author\":{\"name\":\"Ole Andersen\",\"@id\":\"https:\/\/nordnesrepublikken.no\/#\/schema\/person\/2e7e81935bab77882fffb79296240ff1\"},\"headline\":\"Som oppfant den lovlige tiden og da girkassen ble f\u00f8dt med solskinns tid\",\"datePublished\":\"2025-09-30T14:49:31+00:00\",\"dateModified\":\"2025-09-30T14:49:38+00:00\",\"mainEntityOfPage\":{\"@id\":\"https:\/\/nordnesrepublikken.no\/index.php\/2025\/09\/30\/som-oppfant-den-lovlige-tiden-og-da-girkassen-ble-fodt-med-solskinns-tid\/\"},\"wordCount\":628,\"publisher\":{\"@id\":\"https:\/\/nordnesrepublikken.no\/#organization\"},\"image\":{\"@id\":\"https:\/\/nordnesrepublikken.no\/index.php\/2025\/09\/30\/som-oppfant-den-lovlige-tiden-og-da-girkassen-ble-fodt-med-solskinns-tid\/#primaryimage\"},\"thumbnailUrl\":\"https:\/\/nordnesrepublikken.no\/wp-content\/uploads\/2025\/09\/1759243772_Som-oppfant-den-lovlige-tiden-og-da-girkassen-ble-fodt.jpg\",\"keywords\":[\"ble\",\"den\",\"f\u00f8dt\",\"girkassen\",\"lovlige\",\"med\",\"oppfant\",\"solskinns\",\"som\",\"tid\",\"tiden\"],\"articleSection\":[\"Samfunn\"],\"inLanguage\":\"nb-NO\"},{\"@type\":\"WebPage\",\"@id\":\"https:\/\/nordnesrepublikken.no\/index.php\/2025\/09\/30\/som-oppfant-den-lovlige-tiden-og-da-girkassen-ble-fodt-med-solskinns-tid\/\",\"url\":\"https:\/\/nordnesrepublikken.no\/index.php\/2025\/09\/30\/som-oppfant-den-lovlige-tiden-og-da-girkassen-ble-fodt-med-solskinns-tid\/\",\"name\":\"Som oppfant den lovlige tiden og da girkassen ble f\u00f8dt med solskinns tid - Nordnesrepublikken\",\"isPartOf\":{\"@id\":\"https:\/\/nordnesrepublikken.no\/#website\"},\"primaryImageOfPage\":{\"@id\":\"https:\/\/nordnesrepublikken.no\/index.php\/2025\/09\/30\/som-oppfant-den-lovlige-tiden-og-da-girkassen-ble-fodt-med-solskinns-tid\/#primaryimage\"},\"image\":{\"@id\":\"https:\/\/nordnesrepublikken.no\/index.php\/2025\/09\/30\/som-oppfant-den-lovlige-tiden-og-da-girkassen-ble-fodt-med-solskinns-tid\/#primaryimage\"},\"thumbnailUrl\":\"https:\/\/nordnesrepublikken.no\/wp-content\/uploads\/2025\/09\/1759243772_Som-oppfant-den-lovlige-tiden-og-da-girkassen-ble-fodt.jpg\",\"datePublished\":\"2025-09-30T14:49:31+00:00\",\"dateModified\":\"2025-09-30T14:49:38+00:00\",\"breadcrumb\":{\"@id\":\"https:\/\/nordnesrepublikken.no\/index.php\/2025\/09\/30\/som-oppfant-den-lovlige-tiden-og-da-girkassen-ble-fodt-med-solskinns-tid\/#breadcrumb\"},\"inLanguage\":\"nb-NO\",\"potentialAction\":[{\"@type\":\"ReadAction\",\"target\":[\"https:\/\/nordnesrepublikken.no\/index.php\/2025\/09\/30\/som-oppfant-den-lovlige-tiden-og-da-girkassen-ble-fodt-med-solskinns-tid\/\"]}]},{\"@type\":\"ImageObject\",\"inLanguage\":\"nb-NO\",\"@id\":\"https:\/\/nordnesrepublikken.no\/index.php\/2025\/09\/30\/som-oppfant-den-lovlige-tiden-og-da-girkassen-ble-fodt-med-solskinns-tid\/#primaryimage\",\"url\":\"https:\/\/nordnesrepublikken.no\/wp-content\/uploads\/2025\/09\/1759243772_Som-oppfant-den-lovlige-tiden-og-da-girkassen-ble-fodt.jpg\",\"contentUrl\":\"https:\/\/nordnesrepublikken.no\/wp-content\/uploads\/2025\/09\/1759243772_Som-oppfant-den-lovlige-tiden-og-da-girkassen-ble-fodt.jpg\",\"width\":2121,\"height\":1414,\"caption\":\"Som oppfant den lovlige tiden og da girkassen ble f\u00f8dt med solskinns tid\"},{\"@type\":\"BreadcrumbList\",\"@id\":\"https:\/\/nordnesrepublikken.no\/index.php\/2025\/09\/30\/som-oppfant-den-lovlige-tiden-og-da-girkassen-ble-fodt-med-solskinns-tid\/#breadcrumb\",\"itemListElement\":[{\"@type\":\"ListItem\",\"position\":1,\"name\":\"Home\",\"item\":\"https:\/\/nordnesrepublikken.no\/\"},{\"@type\":\"ListItem\",\"position\":2,\"name\":\"Som oppfant den lovlige tiden og da girkassen ble f\u00f8dt med solskinns tid\"}]},{\"@type\":\"WebSite\",\"@id\":\"https:\/\/nordnesrepublikken.no\/#website\",\"url\":\"https:\/\/nordnesrepublikken.no\/\",\"name\":\"Nordnesrepublikken\",\"description\":\"Stemmer og Visjoner fra Republikkens Hjerte\",\"publisher\":{\"@id\":\"https:\/\/nordnesrepublikken.no\/#organization\"},\"potentialAction\":[{\"@type\":\"SearchAction\",\"target\":{\"@type\":\"EntryPoint\",\"urlTemplate\":\"https:\/\/nordnesrepublikken.no\/?s={search_term_string}\"},\"query-input\":{\"@type\":\"PropertyValueSpecification\",\"valueRequired\":true,\"valueName\":\"search_term_string\"}}],\"inLanguage\":\"nb-NO\"},{\"@type\":\"Organization\",\"@id\":\"https:\/\/nordnesrepublikken.no\/#organization\",\"name\":\"Nordnesrepublikken\",\"url\":\"https:\/\/nordnesrepublikken.no\/\",\"logo\":{\"@type\":\"ImageObject\",\"inLanguage\":\"nb-NO\",\"@id\":\"https:\/\/nordnesrepublikken.no\/#\/schema\/logo\/image\/\",\"url\":\"https:\/\/nordnesrepublikken.no\/wp-content\/uploads\/2025\/02\/cropped-nordnesrepublikken-2.png\",\"contentUrl\":\"https:\/\/nordnesrepublikken.no\/wp-content\/uploads\/2025\/02\/cropped-nordnesrepublikken-2.png\",\"width\":1248,\"height\":362,\"caption\":\"Nordnesrepublikken\"},\"image\":{\"@id\":\"https:\/\/nordnesrepublikken.no\/#\/schema\/logo\/image\/\"}},{\"@type\":\"Person\",\"@id\":\"https:\/\/nordnesrepublikken.no\/#\/schema\/person\/2e7e81935bab77882fffb79296240ff1\",\"name\":\"Ole Andersen\",\"image\":{\"@type\":\"ImageObject\",\"inLanguage\":\"nb-NO\",\"@id\":\"https:\/\/nordnesrepublikken.no\/#\/schema\/person\/image\/\",\"url\":\"https:\/\/nordnesrepublikken.no\/wp-content\/uploads\/2025\/02\/nordnesrepublikken-2-2-150x150.jpg\",\"contentUrl\":\"https:\/\/nordnesrepublikken.no\/wp-content\/uploads\/2025\/02\/nordnesrepublikken-2-2-150x150.jpg\",\"caption\":\"Ole Andersen\"},\"description\":\"Ettersom jeg vokste opp i Oslo, har jeg alltid v\u00e6rt fascinert av ordenes kraft og deres evne til \u00e5 skape endringer. Etter \u00e5 ha fullf\u00f8rt min utdannelse i kommunikasjon ved Universitetet i Bergen, fikk jeg muligheten til \u00e5 jobbe innen ulike medier, der jeg har s\u00f8kt \u00e5 belyse viktige samfunnssp\u00f8rsm\u00e5l. I dag, som redakt\u00f8r for Nordnesrepublikken, pr\u00f8ver jeg \u00e5 forene min kj\u00e6rlighet for journalistikk med min lidenskap for innovasjon og eventyr.\",\"sameAs\":[\"https:\/\/nordnesrepublikken.no\/\"]}]}<\/script>\n<!-- \/ Yoast SEO plugin. -->","yoast_head_json":{"title":"Som oppfant den lovlige tiden og da girkassen ble f\u00f8dt med solskinns tid - Nordnesrepublikken","robots":{"index":"index","follow":"follow","max-snippet":"max-snippet:-1","max-image-preview":"max-image-preview:large","max-video-preview":"max-video-preview:-1"},"canonical":"https:\/\/nordnesrepublikken.no\/index.php\/2025\/09\/30\/som-oppfant-den-lovlige-tiden-og-da-girkassen-ble-fodt-med-solskinns-tid\/","og_locale":"nb_NO","og_type":"article","og_title":"Som oppfant den lovlige tiden og da girkassen ble f\u00f8dt med solskinns tid - Nordnesrepublikken","og_description":"Mindre enn en m\u00e5ned mangler fra endringen frajuridisk p\u00e5soltid: Natten mellom L\u00f8rdag 25. oktober Og","og_url":"https:\/\/nordnesrepublikken.no\/index.php\/2025\/09\/30\/som-oppfant-den-lovlige-tiden-og-da-girkassen-ble-fodt-med-solskinns-tid\/","og_site_name":"Nordnesrepublikken","article_published_time":"2025-09-30T14:49:31+00:00","article_modified_time":"2025-09-30T14:49:38+00:00","og_image":[{"width":2121,"height":1414,"url":"https:\/\/nordnesrepublikken.no\/wp-content\/uploads\/2025\/09\/1759243772_Som-oppfant-den-lovlige-tiden-og-da-girkassen-ble-fodt.jpg","type":"image\/jpeg"}],"author":"Ole Andersen","twitter_card":"summary_large_image","twitter_misc":{"Skrevet av":"Ole Andersen","Ansl. lesetid":"3 minutter"},"schema":{"@context":"https:\/\/schema.org","@graph":[{"@type":"Article","@id":"https:\/\/nordnesrepublikken.no\/index.php\/2025\/09\/30\/som-oppfant-den-lovlige-tiden-og-da-girkassen-ble-fodt-med-solskinns-tid\/#article","isPartOf":{"@id":"https:\/\/nordnesrepublikken.no\/index.php\/2025\/09\/30\/som-oppfant-den-lovlige-tiden-og-da-girkassen-ble-fodt-med-solskinns-tid\/"},"author":{"name":"Ole Andersen","@id":"https:\/\/nordnesrepublikken.no\/#\/schema\/person\/2e7e81935bab77882fffb79296240ff1"},"headline":"Som oppfant den lovlige tiden og da girkassen ble f\u00f8dt med solskinns tid","datePublished":"2025-09-30T14:49:31+00:00","dateModified":"2025-09-30T14:49:38+00:00","mainEntityOfPage":{"@id":"https:\/\/nordnesrepublikken.no\/index.php\/2025\/09\/30\/som-oppfant-den-lovlige-tiden-og-da-girkassen-ble-fodt-med-solskinns-tid\/"},"wordCount":628,"publisher":{"@id":"https:\/\/nordnesrepublikken.no\/#organization"},"image":{"@id":"https:\/\/nordnesrepublikken.no\/index.php\/2025\/09\/30\/som-oppfant-den-lovlige-tiden-og-da-girkassen-ble-fodt-med-solskinns-tid\/#primaryimage"},"thumbnailUrl":"https:\/\/nordnesrepublikken.no\/wp-content\/uploads\/2025\/09\/1759243772_Som-oppfant-den-lovlige-tiden-og-da-girkassen-ble-fodt.jpg","keywords":["ble","den","f\u00f8dt","girkassen","lovlige","med","oppfant","solskinns","som","tid","tiden"],"articleSection":["Samfunn"],"inLanguage":"nb-NO"},{"@type":"WebPage","@id":"https:\/\/nordnesrepublikken.no\/index.php\/2025\/09\/30\/som-oppfant-den-lovlige-tiden-og-da-girkassen-ble-fodt-med-solskinns-tid\/","url":"https:\/\/nordnesrepublikken.no\/index.php\/2025\/09\/30\/som-oppfant-den-lovlige-tiden-og-da-girkassen-ble-fodt-med-solskinns-tid\/","name":"Som oppfant den lovlige tiden og da girkassen ble f\u00f8dt med solskinns tid - Nordnesrepublikken","isPartOf":{"@id":"https:\/\/nordnesrepublikken.no\/#website"},"primaryImageOfPage":{"@id":"https:\/\/nordnesrepublikken.no\/index.php\/2025\/09\/30\/som-oppfant-den-lovlige-tiden-og-da-girkassen-ble-fodt-med-solskinns-tid\/#primaryimage"},"image":{"@id":"https:\/\/nordnesrepublikken.no\/index.php\/2025\/09\/30\/som-oppfant-den-lovlige-tiden-og-da-girkassen-ble-fodt-med-solskinns-tid\/#primaryimage"},"thumbnailUrl":"https:\/\/nordnesrepublikken.no\/wp-content\/uploads\/2025\/09\/1759243772_Som-oppfant-den-lovlige-tiden-og-da-girkassen-ble-fodt.jpg","datePublished":"2025-09-30T14:49:31+00:00","dateModified":"2025-09-30T14:49:38+00:00","breadcrumb":{"@id":"https:\/\/nordnesrepublikken.no\/index.php\/2025\/09\/30\/som-oppfant-den-lovlige-tiden-og-da-girkassen-ble-fodt-med-solskinns-tid\/#breadcrumb"},"inLanguage":"nb-NO","potentialAction":[{"@type":"ReadAction","target":["https:\/\/nordnesrepublikken.no\/index.php\/2025\/09\/30\/som-oppfant-den-lovlige-tiden-og-da-girkassen-ble-fodt-med-solskinns-tid\/"]}]},{"@type":"ImageObject","inLanguage":"nb-NO","@id":"https:\/\/nordnesrepublikken.no\/index.php\/2025\/09\/30\/som-oppfant-den-lovlige-tiden-og-da-girkassen-ble-fodt-med-solskinns-tid\/#primaryimage","url":"https:\/\/nordnesrepublikken.no\/wp-content\/uploads\/2025\/09\/1759243772_Som-oppfant-den-lovlige-tiden-og-da-girkassen-ble-fodt.jpg","contentUrl":"https:\/\/nordnesrepublikken.no\/wp-content\/uploads\/2025\/09\/1759243772_Som-oppfant-den-lovlige-tiden-og-da-girkassen-ble-fodt.jpg","width":2121,"height":1414,"caption":"Som oppfant den lovlige tiden og da girkassen ble f\u00f8dt med solskinns tid"},{"@type":"BreadcrumbList","@id":"https:\/\/nordnesrepublikken.no\/index.php\/2025\/09\/30\/som-oppfant-den-lovlige-tiden-og-da-girkassen-ble-fodt-med-solskinns-tid\/#breadcrumb","itemListElement":[{"@type":"ListItem","position":1,"name":"Home","item":"https:\/\/nordnesrepublikken.no\/"},{"@type":"ListItem","position":2,"name":"Som oppfant den lovlige tiden og da girkassen ble f\u00f8dt med solskinns tid"}]},{"@type":"WebSite","@id":"https:\/\/nordnesrepublikken.no\/#website","url":"https:\/\/nordnesrepublikken.no\/","name":"Nordnesrepublikken","description":"Stemmer og Visjoner fra Republikkens Hjerte","publisher":{"@id":"https:\/\/nordnesrepublikken.no\/#organization"},"potentialAction":[{"@type":"SearchAction","target":{"@type":"EntryPoint","urlTemplate":"https:\/\/nordnesrepublikken.no\/?s={search_term_string}"},"query-input":{"@type":"PropertyValueSpecification","valueRequired":true,"valueName":"search_term_string"}}],"inLanguage":"nb-NO"},{"@type":"Organization","@id":"https:\/\/nordnesrepublikken.no\/#organization","name":"Nordnesrepublikken","url":"https:\/\/nordnesrepublikken.no\/","logo":{"@type":"ImageObject","inLanguage":"nb-NO","@id":"https:\/\/nordnesrepublikken.no\/#\/schema\/logo\/image\/","url":"https:\/\/nordnesrepublikken.no\/wp-content\/uploads\/2025\/02\/cropped-nordnesrepublikken-2.png","contentUrl":"https:\/\/nordnesrepublikken.no\/wp-content\/uploads\/2025\/02\/cropped-nordnesrepublikken-2.png","width":1248,"height":362,"caption":"Nordnesrepublikken"},"image":{"@id":"https:\/\/nordnesrepublikken.no\/#\/schema\/logo\/image\/"}},{"@type":"Person","@id":"https:\/\/nordnesrepublikken.no\/#\/schema\/person\/2e7e81935bab77882fffb79296240ff1","name":"Ole Andersen","image":{"@type":"ImageObject","inLanguage":"nb-NO","@id":"https:\/\/nordnesrepublikken.no\/#\/schema\/person\/image\/","url":"https:\/\/nordnesrepublikken.no\/wp-content\/uploads\/2025\/02\/nordnesrepublikken-2-2-150x150.jpg","contentUrl":"https:\/\/nordnesrepublikken.no\/wp-content\/uploads\/2025\/02\/nordnesrepublikken-2-2-150x150.jpg","caption":"Ole Andersen"},"description":"Ettersom jeg vokste opp i Oslo, har jeg alltid v\u00e6rt fascinert av ordenes kraft og deres evne til \u00e5 skape endringer. Etter \u00e5 ha fullf\u00f8rt min utdannelse i kommunikasjon ved Universitetet i Bergen, fikk jeg muligheten til \u00e5 jobbe innen ulike medier, der jeg har s\u00f8kt \u00e5 belyse viktige samfunnssp\u00f8rsm\u00e5l. I dag, som redakt\u00f8r for Nordnesrepublikken, pr\u00f8ver jeg \u00e5 forene min kj\u00e6rlighet for journalistikk med min lidenskap for innovasjon og eventyr.","sameAs":["https:\/\/nordnesrepublikken.no\/"]}]}},"_links":{"self":[{"href":"https:\/\/nordnesrepublikken.no\/index.php\/wp-json\/wp\/v2\/posts\/10111","targetHints":{"allow":["GET"]}}],"collection":[{"href":"https:\/\/nordnesrepublikken.no\/index.php\/wp-json\/wp\/v2\/posts"}],"about":[{"href":"https:\/\/nordnesrepublikken.no\/index.php\/wp-json\/wp\/v2\/types\/post"}],"author":[{"embeddable":true,"href":"https:\/\/nordnesrepublikken.no\/index.php\/wp-json\/wp\/v2\/users\/1"}],"replies":[{"embeddable":true,"href":"https:\/\/nordnesrepublikken.no\/index.php\/wp-json\/wp\/v2\/comments?post=10111"}],"version-history":[{"count":1,"href":"https:\/\/nordnesrepublikken.no\/index.php\/wp-json\/wp\/v2\/posts\/10111\/revisions"}],"predecessor-version":[{"id":10113,"href":"https:\/\/nordnesrepublikken.no\/index.php\/wp-json\/wp\/v2\/posts\/10111\/revisions\/10113"}],"wp:featuredmedia":[{"embeddable":true,"href":"https:\/\/nordnesrepublikken.no\/index.php\/wp-json\/wp\/v2\/media\/10112"}],"wp:attachment":[{"href":"https:\/\/nordnesrepublikken.no\/index.php\/wp-json\/wp\/v2\/media?parent=10111"}],"wp:term":[{"taxonomy":"category","embeddable":true,"href":"https:\/\/nordnesrepublikken.no\/index.php\/wp-json\/wp\/v2\/categories?post=10111"},{"taxonomy":"post_tag","embeddable":true,"href":"https:\/\/nordnesrepublikken.no\/index.php\/wp-json\/wp\/v2\/tags?post=10111"}],"curies":[{"name":"wp","href":"https:\/\/api.w.org\/{rel}","templated":true}]}}