{"id":10102,"date":"2025-09-30T09:49:37","date_gmt":"2025-09-30T07:49:37","guid":{"rendered":"https:\/\/nordnesrepublikken.no\/index.php\/2025\/09\/30\/hvorfor-hadde-pest-leger-urovekkende-nebbformet-masker\/"},"modified":"2025-09-30T09:49:49","modified_gmt":"2025-09-30T07:49:49","slug":"hvorfor-hadde-pest-leger-urovekkende-nebbformet-masker","status":"publish","type":"post","link":"https:\/\/nordnesrepublikken.no\/index.php\/2025\/09\/30\/hvorfor-hadde-pest-leger-urovekkende-nebbformet-masker\/","title":{"rendered":"Hvorfor hadde &laquo;pest leger&raquo; urovekkende nebbformet masker?"},"content":{"rendered":"<div>\n<div class=\"cp_wrapper cp_wrapper--fw mb-30 mb-20@tablet\">\n<figure class=\"mm\"><picture class=\"img\" style=\"padding-top:56.25%\"><source  media=\"(min-width: 1024px)\"><source  media=\"(min-width: 768px)\"><\/source><\/source><\/picture><\/figure>\n<\/p><\/div>\n<p>Plagen legens kjole var sammensatt av en <strong>lang<\/strong> <strong>Tunika<\/strong> og fra en <strong>Maske med briller og et langt buet nebb<\/strong>. Den ble brukt til \u00e5 forhindre at legene ble kontakt <strong>for\u00e5rsaket av MySMS<\/strong>som d\u00e5rlig lukter utbredt i luften. Historien til kjolen er ikke kjent med sikkerhet: den f\u00f8rste nyheten om bruk av masker av legene som bes\u00f8kte pasientene til pest dateres tilbake <strong>til det fjortende \u00e5rhundre <\/strong>Men i sin komplette form er kjolen <strong>sertifisert bare fra 1600 -tallet <\/strong>\u00c5 holde seg i bruk til det f\u00f8lgende \u00e5rhundre, da pesten forsvant fra Europa, for deretter \u00e5 bli et element av folklore, s\u00e5 mye at i dag har det buede nebbet blitt en venetiansk maske.<\/p>\n<h2>Hva var maskenes rolle med fuglens nebb<\/h2>\n<p>Plagenes kjole var det skikket som ble brukt gjennom \u00e5rhundrer av sen middelalder og moderne tidsalder av <strong>Leger som bes\u00f8kte syke under epidemier<\/strong>. Kjolen var sammensatt av en lang svart tunika og en maske med buede briller og nebb, som utgjorde det mest karakteristiske elementet. Nebbet serverte en <strong>Filtrer luften<\/strong>: I henhold til datidens vitenskapelige tro var smittsomme sykdommer for\u00e5rsaket av MySM -er, skadelige stoffer som var til stede, under visse omstendigheter, i luften. Miasma -teorien forble popul\u00e6r til det nittende \u00e5rhundre, da det, takket v\u00e6re forskere som Louis Pasteur, Robert Koch og andre, har blitt vitenskapelig vist at smittsomme sykdommer er <strong>for\u00e5rsaket av bakterier og virus<\/strong>.<\/p>\n<p>P\u00e5 tidspunktet for mysatisk teori ble det antatt at for \u00e5 unng\u00e5 smitte var det n\u00f8dvendig \u00e5 ikke puste den &laquo;infiserte&raquo; luften. Av denne grunn satte legene inn <strong>I nebbet av maske urter og t\u00f8rre blomster<\/strong>som roser og nelliker, som burde ha holdt d\u00e5rlig lukter unna. Kl\u00e6rne til pestelegen trakk derfor sin opprinnelse fra teorier som vi kjenner i dag. Imidlertid &laquo;\u00e5 beskytte&raquo; pust, er det sannsynlig at <strong>garantert en form for beskyttelse til de som hadde p\u00e5 seg den<\/strong>.<\/p>\n<div class=\"cp_wrapper cp_wrapper--fw mb-50\">\n<figure class=\"mm\"><picture class=\"img\" style=\"padding-top:105.234375%\"><source  media=\"(min-width: 1024px)\"><source  media=\"(min-width: 768px)\"><img decoding=\"async\" loading=\"lazy\" src=\"https:\/\/nordnesrepublikken.no\/wp-content\/uploads\/2025\/09\/1759218576_391_Hvorfor-hadde-pest-leger-urovekkende-nebbformet-masker.jpg\" alt=\"Maske som dateres tilbake til XVI-XVII Century (German Historical Museum Berlin) (Wikimedia Commons)\" width=\"1280\" height=\"1347\"\/><\/source><\/source><\/picture><\/figure>\n<\/p><\/div>\n<h2>Historien om pestens legekjole<\/h2>\n<p>Den f\u00f8rste nyheten om bruken av masker for \u00e5 beskytte seg mot smittedato tilbake til <strong>1373<\/strong>n\u00e5r <strong>Andre pandemier av pest<\/strong> som hadde startet med &laquo;Black Death&raquo; fra 1347-48 for \u00e5 vare til det attende \u00e5rhundre. Vi vet ikke med presisjon hvilke former som hadde de f\u00f8rste maskene, men det er sannsynlig at de fra opprinnelsen hadde det lenge buede nebbet. Mer presise dokumenter dateres tilbake til 1600 -tallet: i 1619 domstolens lege i Louis XIII, <strong>Charles de Lorma,<\/strong> Han utviklet en komplett klesmodell for \u00e5 beskytte seg mot miasmer, og hentet inspirasjon fra forsterkningen av soldatene. I Italia, i samme \u00e5rhundre, ble et dikt som beskrev det komponert. Vi vet ogs\u00e5 at kjolen, i sin fullstendige form, ble brukt av leger under <strong>St\u00f8rre pestepidemier fra 1600 -tallet<\/strong>: Den som ber\u00f8rte sentrale nord-Italia i 1630-31 (pesten kalte &laquo;Manzoniana&raquo;, fordi den ble beskrevet i Promessi Sposi), den som utviklet seg i den nederlandske byen Nimega i 1637, den som traff Napoli og Roma i 1656<\/p>\n<div class=\"cp_wrapper cp_wrapper--fw mb-50\">\n<figure class=\"mm\"><picture class=\"img\" style=\"padding-top:137.6953125%\"><source  media=\"(min-width: 1024px)\"><source  media=\"(min-width: 768px)\"><img decoding=\"async\" loading=\"lazy\" src=\"https:\/\/nordnesrepublikken.no\/wp-content\/uploads\/2025\/09\/1759218577_58_Hvorfor-hadde-pest-leger-urovekkende-nebbformet-masker.jpg\" alt=\"Skriv ut fra 1656 (Wikimedia Commons)\" width=\"1024\" height=\"1410\" class=\"js-seedtag-img\"\/><\/source><\/source><\/picture><\/figure>\n<\/p><\/div>\n<p>Bruken av kjolen faller i misbruk i det attende \u00e5rhundre, i forbindelse med forsvinningen <strong>av pesten fra Europa<\/strong> (Den siste store epidemien traff byen Marseille i 1720). Siden den gang har masken med det buede nebbet blitt <strong>et element av folklore<\/strong> og brukes i anledning<strong> Venezia karneval<\/strong>. Videre har populariteten til kjolen \u00f8kt i 2020, p\u00e5 grunn av Covid-19-pandemien, som har gjort interessen for epidemiene i fortiden vokser over hele verden.<\/p>\n<\/p><\/div>\n","protected":false},"excerpt":{"rendered":"<p>Plagen legens kjole var sammensatt av en lang Tunika og fra en Maske med briller<\/p>\n","protected":false},"author":1,"featured_media":10103,"comment_status":"closed","ping_status":"open","sticky":false,"template":"","format":"standard","meta":{"footnotes":""},"categories":[104],"tags":[2169,101,6638,6641,6640,6637,6639],"class_list":["post-10102","post","type-post","status-publish","format-standard","has-post-thumbnail","hentry","category-samfunn","tag-hadde","tag-hvorfor","tag-leger","tag-masker","tag-nebbformet","tag-pest","tag-urovekkende","generate-columns","tablet-grid-50","mobile-grid-100","grid-parent","grid-33","resize-featured-image"],"yoast_head":"<!-- This site is optimized with the Yoast SEO plugin v24.4 - https:\/\/yoast.com\/wordpress\/plugins\/seo\/ -->\n<title>Hvorfor hadde &quot;pest leger&quot; urovekkende nebbformet masker? - Nordnesrepublikken<\/title>\n<meta name=\"robots\" content=\"index, follow, max-snippet:-1, max-image-preview:large, max-video-preview:-1\" \/>\n<link rel=\"canonical\" href=\"https:\/\/nordnesrepublikken.no\/index.php\/2025\/09\/30\/hvorfor-hadde-pest-leger-urovekkende-nebbformet-masker\/\" \/>\n<meta property=\"og:locale\" content=\"nb_NO\" \/>\n<meta property=\"og:type\" content=\"article\" \/>\n<meta property=\"og:title\" content=\"Hvorfor hadde &quot;pest leger&quot; urovekkende nebbformet masker? - Nordnesrepublikken\" \/>\n<meta property=\"og:description\" content=\"Plagen legens kjole var sammensatt av en lang Tunika og fra en Maske med briller\" \/>\n<meta property=\"og:url\" content=\"https:\/\/nordnesrepublikken.no\/index.php\/2025\/09\/30\/hvorfor-hadde-pest-leger-urovekkende-nebbformet-masker\/\" \/>\n<meta property=\"og:site_name\" content=\"Nordnesrepublikken\" \/>\n<meta property=\"article:published_time\" content=\"2025-09-30T07:49:37+00:00\" \/>\n<meta property=\"article:modified_time\" content=\"2025-09-30T07:49:49+00:00\" \/>\n<meta property=\"og:image\" content=\"https:\/\/nordnesrepublikken.no\/wp-content\/uploads\/2025\/09\/1759218577_Hvorfor-hadde-pest-leger-urovekkende-nebbformet-masker-scaled.jpg\" \/>\n\t<meta property=\"og:image:width\" content=\"2560\" \/>\n\t<meta property=\"og:image:height\" content=\"1706\" \/>\n\t<meta property=\"og:image:type\" content=\"image\/jpeg\" \/>\n<meta name=\"author\" content=\"Ole Andersen\" \/>\n<meta name=\"twitter:card\" content=\"summary_large_image\" \/>\n<meta name=\"twitter:label1\" content=\"Skrevet av\" \/>\n\t<meta name=\"twitter:data1\" content=\"Ole Andersen\" \/>\n\t<meta name=\"twitter:label2\" content=\"Ansl. lesetid\" \/>\n\t<meta name=\"twitter:data2\" content=\"3 minutter\" \/>\n<script type=\"application\/ld+json\" class=\"yoast-schema-graph\">{\"@context\":\"https:\/\/schema.org\",\"@graph\":[{\"@type\":\"Article\",\"@id\":\"https:\/\/nordnesrepublikken.no\/index.php\/2025\/09\/30\/hvorfor-hadde-pest-leger-urovekkende-nebbformet-masker\/#article\",\"isPartOf\":{\"@id\":\"https:\/\/nordnesrepublikken.no\/index.php\/2025\/09\/30\/hvorfor-hadde-pest-leger-urovekkende-nebbformet-masker\/\"},\"author\":{\"name\":\"Ole Andersen\",\"@id\":\"https:\/\/nordnesrepublikken.no\/#\/schema\/person\/2e7e81935bab77882fffb79296240ff1\"},\"headline\":\"Hvorfor hadde &laquo;pest leger&raquo; urovekkende nebbformet masker?\",\"datePublished\":\"2025-09-30T07:49:37+00:00\",\"dateModified\":\"2025-09-30T07:49:49+00:00\",\"mainEntityOfPage\":{\"@id\":\"https:\/\/nordnesrepublikken.no\/index.php\/2025\/09\/30\/hvorfor-hadde-pest-leger-urovekkende-nebbformet-masker\/\"},\"wordCount\":555,\"publisher\":{\"@id\":\"https:\/\/nordnesrepublikken.no\/#organization\"},\"image\":{\"@id\":\"https:\/\/nordnesrepublikken.no\/index.php\/2025\/09\/30\/hvorfor-hadde-pest-leger-urovekkende-nebbformet-masker\/#primaryimage\"},\"thumbnailUrl\":\"https:\/\/nordnesrepublikken.no\/wp-content\/uploads\/2025\/09\/1759218577_Hvorfor-hadde-pest-leger-urovekkende-nebbformet-masker-scaled.jpg\",\"keywords\":[\"hadde\",\"hvorfor\",\"leger\",\"masker\",\"nebbformet\",\"pest\",\"urovekkende\"],\"articleSection\":[\"Samfunn\"],\"inLanguage\":\"nb-NO\"},{\"@type\":\"WebPage\",\"@id\":\"https:\/\/nordnesrepublikken.no\/index.php\/2025\/09\/30\/hvorfor-hadde-pest-leger-urovekkende-nebbformet-masker\/\",\"url\":\"https:\/\/nordnesrepublikken.no\/index.php\/2025\/09\/30\/hvorfor-hadde-pest-leger-urovekkende-nebbformet-masker\/\",\"name\":\"Hvorfor hadde \\\"pest leger\\\" urovekkende nebbformet masker? - Nordnesrepublikken\",\"isPartOf\":{\"@id\":\"https:\/\/nordnesrepublikken.no\/#website\"},\"primaryImageOfPage\":{\"@id\":\"https:\/\/nordnesrepublikken.no\/index.php\/2025\/09\/30\/hvorfor-hadde-pest-leger-urovekkende-nebbformet-masker\/#primaryimage\"},\"image\":{\"@id\":\"https:\/\/nordnesrepublikken.no\/index.php\/2025\/09\/30\/hvorfor-hadde-pest-leger-urovekkende-nebbformet-masker\/#primaryimage\"},\"thumbnailUrl\":\"https:\/\/nordnesrepublikken.no\/wp-content\/uploads\/2025\/09\/1759218577_Hvorfor-hadde-pest-leger-urovekkende-nebbformet-masker-scaled.jpg\",\"datePublished\":\"2025-09-30T07:49:37+00:00\",\"dateModified\":\"2025-09-30T07:49:49+00:00\",\"breadcrumb\":{\"@id\":\"https:\/\/nordnesrepublikken.no\/index.php\/2025\/09\/30\/hvorfor-hadde-pest-leger-urovekkende-nebbformet-masker\/#breadcrumb\"},\"inLanguage\":\"nb-NO\",\"potentialAction\":[{\"@type\":\"ReadAction\",\"target\":[\"https:\/\/nordnesrepublikken.no\/index.php\/2025\/09\/30\/hvorfor-hadde-pest-leger-urovekkende-nebbformet-masker\/\"]}]},{\"@type\":\"ImageObject\",\"inLanguage\":\"nb-NO\",\"@id\":\"https:\/\/nordnesrepublikken.no\/index.php\/2025\/09\/30\/hvorfor-hadde-pest-leger-urovekkende-nebbformet-masker\/#primaryimage\",\"url\":\"https:\/\/nordnesrepublikken.no\/wp-content\/uploads\/2025\/09\/1759218577_Hvorfor-hadde-pest-leger-urovekkende-nebbformet-masker-scaled.jpg\",\"contentUrl\":\"https:\/\/nordnesrepublikken.no\/wp-content\/uploads\/2025\/09\/1759218577_Hvorfor-hadde-pest-leger-urovekkende-nebbformet-masker-scaled.jpg\",\"width\":2560,\"height\":1706,\"caption\":\"Hvorfor hadde \\\"pest leger\\\" urovekkende nebbformet masker?\"},{\"@type\":\"BreadcrumbList\",\"@id\":\"https:\/\/nordnesrepublikken.no\/index.php\/2025\/09\/30\/hvorfor-hadde-pest-leger-urovekkende-nebbformet-masker\/#breadcrumb\",\"itemListElement\":[{\"@type\":\"ListItem\",\"position\":1,\"name\":\"Home\",\"item\":\"https:\/\/nordnesrepublikken.no\/\"},{\"@type\":\"ListItem\",\"position\":2,\"name\":\"Hvorfor hadde &laquo;pest leger&raquo; urovekkende nebbformet masker?\"}]},{\"@type\":\"WebSite\",\"@id\":\"https:\/\/nordnesrepublikken.no\/#website\",\"url\":\"https:\/\/nordnesrepublikken.no\/\",\"name\":\"Nordnesrepublikken\",\"description\":\"Stemmer og Visjoner fra Republikkens Hjerte\",\"publisher\":{\"@id\":\"https:\/\/nordnesrepublikken.no\/#organization\"},\"potentialAction\":[{\"@type\":\"SearchAction\",\"target\":{\"@type\":\"EntryPoint\",\"urlTemplate\":\"https:\/\/nordnesrepublikken.no\/?s={search_term_string}\"},\"query-input\":{\"@type\":\"PropertyValueSpecification\",\"valueRequired\":true,\"valueName\":\"search_term_string\"}}],\"inLanguage\":\"nb-NO\"},{\"@type\":\"Organization\",\"@id\":\"https:\/\/nordnesrepublikken.no\/#organization\",\"name\":\"Nordnesrepublikken\",\"url\":\"https:\/\/nordnesrepublikken.no\/\",\"logo\":{\"@type\":\"ImageObject\",\"inLanguage\":\"nb-NO\",\"@id\":\"https:\/\/nordnesrepublikken.no\/#\/schema\/logo\/image\/\",\"url\":\"https:\/\/nordnesrepublikken.no\/wp-content\/uploads\/2025\/02\/cropped-nordnesrepublikken-2.png\",\"contentUrl\":\"https:\/\/nordnesrepublikken.no\/wp-content\/uploads\/2025\/02\/cropped-nordnesrepublikken-2.png\",\"width\":1248,\"height\":362,\"caption\":\"Nordnesrepublikken\"},\"image\":{\"@id\":\"https:\/\/nordnesrepublikken.no\/#\/schema\/logo\/image\/\"}},{\"@type\":\"Person\",\"@id\":\"https:\/\/nordnesrepublikken.no\/#\/schema\/person\/2e7e81935bab77882fffb79296240ff1\",\"name\":\"Ole Andersen\",\"image\":{\"@type\":\"ImageObject\",\"inLanguage\":\"nb-NO\",\"@id\":\"https:\/\/nordnesrepublikken.no\/#\/schema\/person\/image\/\",\"url\":\"https:\/\/nordnesrepublikken.no\/wp-content\/uploads\/2025\/02\/nordnesrepublikken-2-2-150x150.jpg\",\"contentUrl\":\"https:\/\/nordnesrepublikken.no\/wp-content\/uploads\/2025\/02\/nordnesrepublikken-2-2-150x150.jpg\",\"caption\":\"Ole Andersen\"},\"description\":\"Ettersom jeg vokste opp i Oslo, har jeg alltid v\u00e6rt fascinert av ordenes kraft og deres evne til \u00e5 skape endringer. Etter \u00e5 ha fullf\u00f8rt min utdannelse i kommunikasjon ved Universitetet i Bergen, fikk jeg muligheten til \u00e5 jobbe innen ulike medier, der jeg har s\u00f8kt \u00e5 belyse viktige samfunnssp\u00f8rsm\u00e5l. I dag, som redakt\u00f8r for Nordnesrepublikken, pr\u00f8ver jeg \u00e5 forene min kj\u00e6rlighet for journalistikk med min lidenskap for innovasjon og eventyr.\",\"sameAs\":[\"https:\/\/nordnesrepublikken.no\/\"]}]}<\/script>\n<!-- \/ Yoast SEO plugin. -->","yoast_head_json":{"title":"Hvorfor hadde \"pest leger\" urovekkende nebbformet masker? - Nordnesrepublikken","robots":{"index":"index","follow":"follow","max-snippet":"max-snippet:-1","max-image-preview":"max-image-preview:large","max-video-preview":"max-video-preview:-1"},"canonical":"https:\/\/nordnesrepublikken.no\/index.php\/2025\/09\/30\/hvorfor-hadde-pest-leger-urovekkende-nebbformet-masker\/","og_locale":"nb_NO","og_type":"article","og_title":"Hvorfor hadde \"pest leger\" urovekkende nebbformet masker? - Nordnesrepublikken","og_description":"Plagen legens kjole var sammensatt av en lang Tunika og fra en Maske med briller","og_url":"https:\/\/nordnesrepublikken.no\/index.php\/2025\/09\/30\/hvorfor-hadde-pest-leger-urovekkende-nebbformet-masker\/","og_site_name":"Nordnesrepublikken","article_published_time":"2025-09-30T07:49:37+00:00","article_modified_time":"2025-09-30T07:49:49+00:00","og_image":[{"width":2560,"height":1706,"url":"https:\/\/nordnesrepublikken.no\/wp-content\/uploads\/2025\/09\/1759218577_Hvorfor-hadde-pest-leger-urovekkende-nebbformet-masker-scaled.jpg","type":"image\/jpeg"}],"author":"Ole Andersen","twitter_card":"summary_large_image","twitter_misc":{"Skrevet av":"Ole Andersen","Ansl. lesetid":"3 minutter"},"schema":{"@context":"https:\/\/schema.org","@graph":[{"@type":"Article","@id":"https:\/\/nordnesrepublikken.no\/index.php\/2025\/09\/30\/hvorfor-hadde-pest-leger-urovekkende-nebbformet-masker\/#article","isPartOf":{"@id":"https:\/\/nordnesrepublikken.no\/index.php\/2025\/09\/30\/hvorfor-hadde-pest-leger-urovekkende-nebbformet-masker\/"},"author":{"name":"Ole Andersen","@id":"https:\/\/nordnesrepublikken.no\/#\/schema\/person\/2e7e81935bab77882fffb79296240ff1"},"headline":"Hvorfor hadde &laquo;pest leger&raquo; urovekkende nebbformet masker?","datePublished":"2025-09-30T07:49:37+00:00","dateModified":"2025-09-30T07:49:49+00:00","mainEntityOfPage":{"@id":"https:\/\/nordnesrepublikken.no\/index.php\/2025\/09\/30\/hvorfor-hadde-pest-leger-urovekkende-nebbformet-masker\/"},"wordCount":555,"publisher":{"@id":"https:\/\/nordnesrepublikken.no\/#organization"},"image":{"@id":"https:\/\/nordnesrepublikken.no\/index.php\/2025\/09\/30\/hvorfor-hadde-pest-leger-urovekkende-nebbformet-masker\/#primaryimage"},"thumbnailUrl":"https:\/\/nordnesrepublikken.no\/wp-content\/uploads\/2025\/09\/1759218577_Hvorfor-hadde-pest-leger-urovekkende-nebbformet-masker-scaled.jpg","keywords":["hadde","hvorfor","leger","masker","nebbformet","pest","urovekkende"],"articleSection":["Samfunn"],"inLanguage":"nb-NO"},{"@type":"WebPage","@id":"https:\/\/nordnesrepublikken.no\/index.php\/2025\/09\/30\/hvorfor-hadde-pest-leger-urovekkende-nebbformet-masker\/","url":"https:\/\/nordnesrepublikken.no\/index.php\/2025\/09\/30\/hvorfor-hadde-pest-leger-urovekkende-nebbformet-masker\/","name":"Hvorfor hadde \"pest leger\" urovekkende nebbformet masker? - Nordnesrepublikken","isPartOf":{"@id":"https:\/\/nordnesrepublikken.no\/#website"},"primaryImageOfPage":{"@id":"https:\/\/nordnesrepublikken.no\/index.php\/2025\/09\/30\/hvorfor-hadde-pest-leger-urovekkende-nebbformet-masker\/#primaryimage"},"image":{"@id":"https:\/\/nordnesrepublikken.no\/index.php\/2025\/09\/30\/hvorfor-hadde-pest-leger-urovekkende-nebbformet-masker\/#primaryimage"},"thumbnailUrl":"https:\/\/nordnesrepublikken.no\/wp-content\/uploads\/2025\/09\/1759218577_Hvorfor-hadde-pest-leger-urovekkende-nebbformet-masker-scaled.jpg","datePublished":"2025-09-30T07:49:37+00:00","dateModified":"2025-09-30T07:49:49+00:00","breadcrumb":{"@id":"https:\/\/nordnesrepublikken.no\/index.php\/2025\/09\/30\/hvorfor-hadde-pest-leger-urovekkende-nebbformet-masker\/#breadcrumb"},"inLanguage":"nb-NO","potentialAction":[{"@type":"ReadAction","target":["https:\/\/nordnesrepublikken.no\/index.php\/2025\/09\/30\/hvorfor-hadde-pest-leger-urovekkende-nebbformet-masker\/"]}]},{"@type":"ImageObject","inLanguage":"nb-NO","@id":"https:\/\/nordnesrepublikken.no\/index.php\/2025\/09\/30\/hvorfor-hadde-pest-leger-urovekkende-nebbformet-masker\/#primaryimage","url":"https:\/\/nordnesrepublikken.no\/wp-content\/uploads\/2025\/09\/1759218577_Hvorfor-hadde-pest-leger-urovekkende-nebbformet-masker-scaled.jpg","contentUrl":"https:\/\/nordnesrepublikken.no\/wp-content\/uploads\/2025\/09\/1759218577_Hvorfor-hadde-pest-leger-urovekkende-nebbformet-masker-scaled.jpg","width":2560,"height":1706,"caption":"Hvorfor hadde \"pest leger\" urovekkende nebbformet masker?"},{"@type":"BreadcrumbList","@id":"https:\/\/nordnesrepublikken.no\/index.php\/2025\/09\/30\/hvorfor-hadde-pest-leger-urovekkende-nebbformet-masker\/#breadcrumb","itemListElement":[{"@type":"ListItem","position":1,"name":"Home","item":"https:\/\/nordnesrepublikken.no\/"},{"@type":"ListItem","position":2,"name":"Hvorfor hadde &laquo;pest leger&raquo; urovekkende nebbformet masker?"}]},{"@type":"WebSite","@id":"https:\/\/nordnesrepublikken.no\/#website","url":"https:\/\/nordnesrepublikken.no\/","name":"Nordnesrepublikken","description":"Stemmer og Visjoner fra Republikkens Hjerte","publisher":{"@id":"https:\/\/nordnesrepublikken.no\/#organization"},"potentialAction":[{"@type":"SearchAction","target":{"@type":"EntryPoint","urlTemplate":"https:\/\/nordnesrepublikken.no\/?s={search_term_string}"},"query-input":{"@type":"PropertyValueSpecification","valueRequired":true,"valueName":"search_term_string"}}],"inLanguage":"nb-NO"},{"@type":"Organization","@id":"https:\/\/nordnesrepublikken.no\/#organization","name":"Nordnesrepublikken","url":"https:\/\/nordnesrepublikken.no\/","logo":{"@type":"ImageObject","inLanguage":"nb-NO","@id":"https:\/\/nordnesrepublikken.no\/#\/schema\/logo\/image\/","url":"https:\/\/nordnesrepublikken.no\/wp-content\/uploads\/2025\/02\/cropped-nordnesrepublikken-2.png","contentUrl":"https:\/\/nordnesrepublikken.no\/wp-content\/uploads\/2025\/02\/cropped-nordnesrepublikken-2.png","width":1248,"height":362,"caption":"Nordnesrepublikken"},"image":{"@id":"https:\/\/nordnesrepublikken.no\/#\/schema\/logo\/image\/"}},{"@type":"Person","@id":"https:\/\/nordnesrepublikken.no\/#\/schema\/person\/2e7e81935bab77882fffb79296240ff1","name":"Ole Andersen","image":{"@type":"ImageObject","inLanguage":"nb-NO","@id":"https:\/\/nordnesrepublikken.no\/#\/schema\/person\/image\/","url":"https:\/\/nordnesrepublikken.no\/wp-content\/uploads\/2025\/02\/nordnesrepublikken-2-2-150x150.jpg","contentUrl":"https:\/\/nordnesrepublikken.no\/wp-content\/uploads\/2025\/02\/nordnesrepublikken-2-2-150x150.jpg","caption":"Ole Andersen"},"description":"Ettersom jeg vokste opp i Oslo, har jeg alltid v\u00e6rt fascinert av ordenes kraft og deres evne til \u00e5 skape endringer. Etter \u00e5 ha fullf\u00f8rt min utdannelse i kommunikasjon ved Universitetet i Bergen, fikk jeg muligheten til \u00e5 jobbe innen ulike medier, der jeg har s\u00f8kt \u00e5 belyse viktige samfunnssp\u00f8rsm\u00e5l. I dag, som redakt\u00f8r for Nordnesrepublikken, pr\u00f8ver jeg \u00e5 forene min kj\u00e6rlighet for journalistikk med min lidenskap for innovasjon og eventyr.","sameAs":["https:\/\/nordnesrepublikken.no\/"]}]}},"_links":{"self":[{"href":"https:\/\/nordnesrepublikken.no\/index.php\/wp-json\/wp\/v2\/posts\/10102","targetHints":{"allow":["GET"]}}],"collection":[{"href":"https:\/\/nordnesrepublikken.no\/index.php\/wp-json\/wp\/v2\/posts"}],"about":[{"href":"https:\/\/nordnesrepublikken.no\/index.php\/wp-json\/wp\/v2\/types\/post"}],"author":[{"embeddable":true,"href":"https:\/\/nordnesrepublikken.no\/index.php\/wp-json\/wp\/v2\/users\/1"}],"replies":[{"embeddable":true,"href":"https:\/\/nordnesrepublikken.no\/index.php\/wp-json\/wp\/v2\/comments?post=10102"}],"version-history":[{"count":1,"href":"https:\/\/nordnesrepublikken.no\/index.php\/wp-json\/wp\/v2\/posts\/10102\/revisions"}],"predecessor-version":[{"id":10104,"href":"https:\/\/nordnesrepublikken.no\/index.php\/wp-json\/wp\/v2\/posts\/10102\/revisions\/10104"}],"wp:featuredmedia":[{"embeddable":true,"href":"https:\/\/nordnesrepublikken.no\/index.php\/wp-json\/wp\/v2\/media\/10103"}],"wp:attachment":[{"href":"https:\/\/nordnesrepublikken.no\/index.php\/wp-json\/wp\/v2\/media?parent=10102"}],"wp:term":[{"taxonomy":"category","embeddable":true,"href":"https:\/\/nordnesrepublikken.no\/index.php\/wp-json\/wp\/v2\/categories?post=10102"},{"taxonomy":"post_tag","embeddable":true,"href":"https:\/\/nordnesrepublikken.no\/index.php\/wp-json\/wp\/v2\/tags?post=10102"}],"curies":[{"name":"wp","href":"https:\/\/api.w.org\/{rel}","templated":true}]}}