{"id":10099,"date":"2025-09-30T03:50:08","date_gmt":"2025-09-30T01:50:08","guid":{"rendered":"https:\/\/nordnesrepublikken.no\/index.php\/2025\/09\/30\/5-bilder-som-gjorde-historien-til-internett-og-teknologi\/"},"modified":"2025-09-30T03:50:10","modified_gmt":"2025-09-30T01:50:10","slug":"5-bilder-som-gjorde-historien-til-internett-og-teknologi","status":"publish","type":"post","link":"https:\/\/nordnesrepublikken.no\/index.php\/2025\/09\/30\/5-bilder-som-gjorde-historien-til-internett-og-teknologi\/","title":{"rendered":"5 bilder som gjorde historien til Internett og teknologi"},"content":{"rendered":"<div>\n<div class=\"cp_wrapper cp_wrapper--fw mb-30 mb-20@tablet\">\n<figure class=\"mm\"><picture class=\"img\" style=\"padding-top:56.25%\"><source  media=\"(min-width: 1024px)\"><source  media=\"(min-width: 768px)\"><\/source><\/source><\/picture><\/figure>\n<\/p><\/div>\n<p>Hvis vi m\u00e5tte velge <strong>5 bilder som gjorde historien til teknologi og internett<\/strong>hvilken kunne vi velge? Det er klart det ikke er noen objektiv respons, men det er bilder som har markert &#8211; kanskje ubevisst &#8211; begynnelsen p\u00e5 en epoke og har forvandlet v\u00e5r digitale opplevelse synliggjort det som tidligere var umulig \u00e5 vise. S\u00e5 her er v\u00e5re topp 5.<\/p>\n<p>I <strong>1987<\/strong> en viss <strong>Steve Willite<\/strong> Han designet <strong>GIF -format<\/strong> For \u00e5 lette overf\u00f8ringen av fargebilder p\u00e5 langsomme og inkompatible datamaskiner, \u00e5pner du veien for de animerte GIF -ene som vi kjenner i dag og alle bruker i samtalene v\u00e5re. Noen \u00e5r senere, i <strong>1992<\/strong>et bilde av kvinnegruppen <strong>Les horribles cernettes<\/strong> Lastet p\u00e5 nettet det representerte det f\u00f8rste &laquo;personlige&raquo; bildet som ble publisert p\u00e5 nettet, og skilte seg fra bildene som ble brukt til vitenskapelige form\u00e5l p\u00e5 den tiden. I <strong>1997<\/strong> Den nylig <strong>Philippe Kahn<\/strong> Han sendte et bilde med en mobiltelefon for f\u00f8rste gang, og markerte begynnelsen p\u00e5 en praksis som vi tar for gitt i dag. I <strong>2001<\/strong>Deretter bildet av <strong>Bliss Green Hill<\/strong>den forh\u00e5ndsdefinerte bakgrunnen til Windows XP, demonstrerte fotografien til \u00e5 transformere seg selv til gjenkjennelige digitale symboler overalt. Til slutt, in <strong>2005<\/strong>forsiden av den f\u00f8rste videoen som ble delt p\u00e5 YouTube, innviet en epoke med sosial deling som ville ha revolusjonert m\u00e5ten vi forteller livet v\u00e5rt p\u00e5 nettet.<\/p>\n<p> <!-- SUMMARY --><\/p>\n<div class=\"cp_wrapper mb-20 mb-40@desktop\">\n<div class=\"smy\" data-sticky-btn-text=\"\">\n<p>5 bilder som gjorde historien til Internett<\/p>\n<\/div>\n<\/div>\n<h2 id=\"la-prima-gif-animata-1987\">Den f\u00f8rste animerte gif (1987)<\/h2>\n<p>De <strong>Grafikk mellom format<\/strong>eller <strong>Gif<\/strong>ble utviklet i <strong>1987<\/strong> fra <strong>Steve Willite<\/strong> For \u00e5 tillate effektiv overf\u00f8ring av fargebilder p\u00e5 forskjellige datamaskiner og systemer. Det f\u00f8rste eksemplet avbildet en <strong>Klippekunstplan som krysset en pikselert himmel<\/strong>. Opprinnelig statisk, ble GIF -ene tenkt for \u00e5 v\u00e6re &laquo;utvidbare&raquo;, slik at utviklere kunne legge til personlige elementer. Siden midten av -90 -tallet ble de animerte GIF -ene popul\u00e6re, og ga liv til flyktige og virale symboler p\u00e5 Internett, som dansende barn, som var i stand til \u00e5 fange oppmerksomheten til brukere av de f\u00f8rste nettstedene.<\/p>\n<div class=\"cp_wrapper cp_wrapper--fw mb-50\">\n<figure class=\"mm\"><picture class=\"img\" style=\"padding-top:37.417218543046%\"><source  media=\"(min-width: 1024px)\"><source  media=\"(min-width: 768px)\"><img decoding=\"async\" loading=\"lazy\" src=\"https:\/\/nordnesrepublikken.no\/wp-content\/uploads\/2025\/09\/5-bilder-som-gjorde-historien-til-Internett-og-teknologi.gif\" alt=\"Den f\u00f8rste animerte gif.\" width=\"302\" height=\"113\"\/><\/source><\/source><\/picture><\/figure>\n<\/p><\/div>\n<h2 id=\"les-horribles-cernettes-1992\">Les Horribles Cernettes (1992)<\/h2>\n<p>De <strong>18. juli 1992<\/strong> Et bilde av kvinnebandet <strong>Les horribles cernettes<\/strong>kjent for parodisk fysikk og liv til <strong>CERN<\/strong> (<em>Conseil Europ\u00e9en Pour La Recherche Nucl\u00e9aire<\/em>), ble lastet p\u00e5 World Wide Web. Dette bildet regnes som det f\u00f8rste &laquo;personlige&raquo; som deles p\u00e5 nettet og det f\u00f8rste av et band p\u00e5 nettet. Bildet, bittesm\u00e5 sammenlignet med dagens standarder (ca. 120 x 50 piksler), tok et minutt \u00e5 laste, men representerte et viktig \u00f8yeblikk: ta med uvitenskapelig innhold p\u00e5 nettet og \u00e5pne veien for \u00e5 dele liv og online kreativitet.<\/p>\n<div class=\"cp_wrapper cp_wrapper--fw mb-50\">\n<figure class=\"mm\"><picture class=\"img\" style=\"padding-top:79.545454545455%\"><source  media=\"(min-width: 1024px)\"><source  media=\"(min-width: 768px)\"><img decoding=\"async\" loading=\"lazy\" src=\"https:\/\/nordnesrepublikken.no\/wp-content\/uploads\/2025\/09\/1759197008_390_5-bilder-som-gjorde-historien-til-Internett-og-teknologi.jpg\" alt=\"F\u00f8rste bilde lastet opp til nettet\" width=\"748\" height=\"595\" class=\"js-seedtag-img\"\/><\/source><\/source><\/picture><\/figure>\n<\/p><\/div>\n<h2 id=\"la-prima-foto-condivisa-con-un-cellulare-1997\">Det f\u00f8rste bildet delte med en mobiltelefon (1997)<\/h2>\n<p>Send bilder med en mobiltelefon var utenkelig p\u00e5 90 -tallet, men<strong>11. juni 1997<\/strong> Herr <strong>Philippe Kahn<\/strong> Han gjorde den f\u00f8rste delingen av denne typen. Ved hjelp av en b\u00e6rbar PC, en Motorola -mobiltelefon og et Casio -kamera, sendte Kahn bildet av sin nyf\u00f8dte datter Sophie. Teknisk sett ble ikke bildet tatt med telefonen, siden den f\u00f8rste modellen med kamera bare dukket opp i 1999, men Kahns oppfinnsomme kombinasjon markerte begynnelsen p\u00e5 delt mobilfotografering.<\/p>\n<div class=\"cp_wrapper cp_wrapper--fw mb-50\">\n<figure class=\"mm\"><picture class=\"img\" style=\"padding-top:75.062656641604%\"><source  media=\"(min-width: 1024px)\"><source  media=\"(min-width: 768px)\"><img decoding=\"async\" loading=\"lazy\" src=\"https:\/\/nordnesrepublikken.no\/wp-content\/uploads\/2025\/09\/1759197008_983_5-bilder-som-gjorde-historien-til-Internett-og-teknologi.jpg\" alt=\"F\u00f8rste bilde delt med mobiltelefon | Geopop\" width=\"1596\" height=\"1198\"\/><\/source><\/source><\/picture><\/figure>\n<\/p><\/div>\n<h2 id=\"bliss-liconica-collina-di-windows-xp2001\">Bliss: The Green Hill of Windows XP (2001)<\/h2>\n<p>Bakgrunnen til Windows XP, kalt <strong>Lykke<\/strong>viser a <strong>Green Hill og en bl\u00e5 himmel med hvite skyer<\/strong>ud\u00f8deliggjort av <strong>Charles O&#8217;Rear<\/strong> I <strong>1996<\/strong> I fylket Sonoma, California. Landskapet var fritt for ving\u00e5rder p\u00e5 grunn av en Philossera -angrep, et insekt som angriper r\u00f8ttene til vintreet, og vinterregnene hadde gjort gresset utrolig gr\u00f8nt. Tatt med et mamiya rz67 -kamera p\u00e5 Fujifilm Velvia -film, var bildet <strong>Kj\u00f8pt av Microsoft i 2000<\/strong> og med utgangen av <strong>Windows XP<\/strong> I <strong>2001<\/strong>ble et av de mest sett bildene i historien.<\/p>\n<div class=\"cp_wrapper cp_wrapper--fw mb-50\">\n<figure class=\"mm\"><picture class=\"img\" style=\"padding-top:56.235294117647%\"><source  media=\"(min-width: 1024px)\"><source  media=\"(min-width: 768px)\"><img decoding=\"async\" loading=\"lazy\" src=\"https:\/\/nordnesrepublikken.no\/wp-content\/uploads\/2025\/09\/1759197008_218_5-bilder-som-gjorde-historien-til-Internett-og-teknologi.jpg\" alt=\"Bliss bakgrunn av Windows XP\" width=\"850\" height=\"478\" class=\"js-seedtag-img\"\/><\/source><\/source><\/picture><\/figure>\n<\/p><\/div>\n<h2 id=\"la-prima-foto-condivisa-su-facebook-2004\" class=\"\">Omslaget til den f\u00f8rste YouTube -videoen (2005)<\/h2>\n<p>Med <strong>F\u00f8dsel av YouTube<\/strong> I <strong>2005<\/strong>brukerne kunne dele personlige videoer i stor skala p\u00e5 nettet. Den f\u00f8rste videoen som ble publisert p\u00e5 plattformen hadde tittelen <em>Meg i dyrehagen<\/em> og skildret <strong>Jawed Karim<\/strong>en av medstifterne av plattformen, foran gjerdet til elefantene i en dyrehage nettopp. Derfra hadde plattformen en fantastisk suksess, s\u00e5 mye at han vakte oppmerksomheten til Google som skaffet den i <strong>2006 <\/strong>Til<strong> 1,65 milliarder dollar<\/strong>. I dag er YouTube en av s\u00f8ylene p\u00e5 nettet. Og \u00e5 tro at det hadde blitt antatt som et datingside der \u00e5 laste inn videopresentasjoner!<\/p>\n<div class=\"cp_wrapper cp_wrapper--fw mb-50\">\n<figure class=\"mm\"><picture class=\"img\" style=\"padding-top:68.666666666667%\"><source  media=\"(min-width: 1024px)\"><source  media=\"(min-width: 768px)\"><img decoding=\"async\" loading=\"lazy\" src=\"https:\/\/nordnesrepublikken.no\/wp-content\/uploads\/2025\/09\/1759197008_848_5-bilder-som-gjorde-historien-til-Internett-og-teknologi.jpg\" alt=\"Bilde\" width=\"600\" height=\"412\"\/><\/source><\/source><\/picture><\/figure>\n<\/p><\/div>\n<\/p><\/div>\n","protected":false},"excerpt":{"rendered":"<p>Hvis vi m\u00e5tte velge 5 bilder som gjorde historien til teknologi og internetthvilken kunne vi<\/p>\n","protected":false},"author":1,"featured_media":10100,"comment_status":"closed","ping_status":"open","sticky":false,"template":"","format":"standard","meta":{"footnotes":""},"categories":[25],"tags":[1019,1230,521,1337,31,1451,117],"class_list":["post-10099","post","type-post","status-publish","format-standard","has-post-thumbnail","hentry","category-teknologi","tag-bilder","tag-gjorde","tag-historien","tag-internett","tag-som","tag-teknologi","tag-til","generate-columns","tablet-grid-50","mobile-grid-100","grid-parent","grid-33","resize-featured-image"],"yoast_head":"<!-- This site is optimized with the Yoast SEO plugin v24.4 - https:\/\/yoast.com\/wordpress\/plugins\/seo\/ -->\n<title>5 bilder som gjorde historien til Internett og teknologi - Nordnesrepublikken<\/title>\n<meta name=\"robots\" content=\"index, follow, max-snippet:-1, max-image-preview:large, max-video-preview:-1\" \/>\n<link rel=\"canonical\" href=\"https:\/\/nordnesrepublikken.no\/index.php\/2025\/09\/30\/5-bilder-som-gjorde-historien-til-internett-og-teknologi\/\" \/>\n<meta property=\"og:locale\" content=\"nb_NO\" \/>\n<meta property=\"og:type\" content=\"article\" \/>\n<meta property=\"og:title\" content=\"5 bilder som gjorde historien til Internett og teknologi - Nordnesrepublikken\" \/>\n<meta property=\"og:description\" content=\"Hvis vi m\u00e5tte velge 5 bilder som gjorde historien til teknologi og internetthvilken kunne vi\" \/>\n<meta property=\"og:url\" content=\"https:\/\/nordnesrepublikken.no\/index.php\/2025\/09\/30\/5-bilder-som-gjorde-historien-til-internett-og-teknologi\/\" \/>\n<meta property=\"og:site_name\" content=\"Nordnesrepublikken\" \/>\n<meta property=\"article:published_time\" content=\"2025-09-30T01:50:08+00:00\" \/>\n<meta property=\"article:modified_time\" content=\"2025-09-30T01:50:10+00:00\" \/>\n<meta property=\"og:image\" content=\"https:\/\/nordnesrepublikken.no\/wp-content\/uploads\/2025\/09\/1759197009_5-bilder-som-gjorde-historien-til-Internett-og-teknologi.jpg\" \/>\n\t<meta property=\"og:image:width\" content=\"1400\" \/>\n\t<meta property=\"og:image:height\" content=\"741\" \/>\n\t<meta property=\"og:image:type\" content=\"image\/jpeg\" \/>\n<meta name=\"author\" content=\"Ole Andersen\" \/>\n<meta name=\"twitter:card\" content=\"summary_large_image\" \/>\n<meta name=\"twitter:label1\" content=\"Skrevet av\" \/>\n\t<meta name=\"twitter:data1\" content=\"Ole Andersen\" \/>\n\t<meta name=\"twitter:label2\" content=\"Ansl. lesetid\" \/>\n\t<meta name=\"twitter:data2\" content=\"3 minutter\" \/>\n<script type=\"application\/ld+json\" class=\"yoast-schema-graph\">{\"@context\":\"https:\/\/schema.org\",\"@graph\":[{\"@type\":\"Article\",\"@id\":\"https:\/\/nordnesrepublikken.no\/index.php\/2025\/09\/30\/5-bilder-som-gjorde-historien-til-internett-og-teknologi\/#article\",\"isPartOf\":{\"@id\":\"https:\/\/nordnesrepublikken.no\/index.php\/2025\/09\/30\/5-bilder-som-gjorde-historien-til-internett-og-teknologi\/\"},\"author\":{\"name\":\"Ole Andersen\",\"@id\":\"https:\/\/nordnesrepublikken.no\/#\/schema\/person\/2e7e81935bab77882fffb79296240ff1\"},\"headline\":\"5 bilder som gjorde historien til Internett og teknologi\",\"datePublished\":\"2025-09-30T01:50:08+00:00\",\"dateModified\":\"2025-09-30T01:50:10+00:00\",\"mainEntityOfPage\":{\"@id\":\"https:\/\/nordnesrepublikken.no\/index.php\/2025\/09\/30\/5-bilder-som-gjorde-historien-til-internett-og-teknologi\/\"},\"wordCount\":698,\"publisher\":{\"@id\":\"https:\/\/nordnesrepublikken.no\/#organization\"},\"image\":{\"@id\":\"https:\/\/nordnesrepublikken.no\/index.php\/2025\/09\/30\/5-bilder-som-gjorde-historien-til-internett-og-teknologi\/#primaryimage\"},\"thumbnailUrl\":\"https:\/\/nordnesrepublikken.no\/wp-content\/uploads\/2025\/09\/1759197009_5-bilder-som-gjorde-historien-til-Internett-og-teknologi.jpg\",\"keywords\":[\"bilder\",\"gjorde\",\"Historien\",\"internett\",\"som\",\"teknologi\",\"til\"],\"articleSection\":[\"Teknologi\"],\"inLanguage\":\"nb-NO\"},{\"@type\":\"WebPage\",\"@id\":\"https:\/\/nordnesrepublikken.no\/index.php\/2025\/09\/30\/5-bilder-som-gjorde-historien-til-internett-og-teknologi\/\",\"url\":\"https:\/\/nordnesrepublikken.no\/index.php\/2025\/09\/30\/5-bilder-som-gjorde-historien-til-internett-og-teknologi\/\",\"name\":\"5 bilder som gjorde historien til Internett og teknologi - Nordnesrepublikken\",\"isPartOf\":{\"@id\":\"https:\/\/nordnesrepublikken.no\/#website\"},\"primaryImageOfPage\":{\"@id\":\"https:\/\/nordnesrepublikken.no\/index.php\/2025\/09\/30\/5-bilder-som-gjorde-historien-til-internett-og-teknologi\/#primaryimage\"},\"image\":{\"@id\":\"https:\/\/nordnesrepublikken.no\/index.php\/2025\/09\/30\/5-bilder-som-gjorde-historien-til-internett-og-teknologi\/#primaryimage\"},\"thumbnailUrl\":\"https:\/\/nordnesrepublikken.no\/wp-content\/uploads\/2025\/09\/1759197009_5-bilder-som-gjorde-historien-til-Internett-og-teknologi.jpg\",\"datePublished\":\"2025-09-30T01:50:08+00:00\",\"dateModified\":\"2025-09-30T01:50:10+00:00\",\"breadcrumb\":{\"@id\":\"https:\/\/nordnesrepublikken.no\/index.php\/2025\/09\/30\/5-bilder-som-gjorde-historien-til-internett-og-teknologi\/#breadcrumb\"},\"inLanguage\":\"nb-NO\",\"potentialAction\":[{\"@type\":\"ReadAction\",\"target\":[\"https:\/\/nordnesrepublikken.no\/index.php\/2025\/09\/30\/5-bilder-som-gjorde-historien-til-internett-og-teknologi\/\"]}]},{\"@type\":\"ImageObject\",\"inLanguage\":\"nb-NO\",\"@id\":\"https:\/\/nordnesrepublikken.no\/index.php\/2025\/09\/30\/5-bilder-som-gjorde-historien-til-internett-og-teknologi\/#primaryimage\",\"url\":\"https:\/\/nordnesrepublikken.no\/wp-content\/uploads\/2025\/09\/1759197009_5-bilder-som-gjorde-historien-til-Internett-og-teknologi.jpg\",\"contentUrl\":\"https:\/\/nordnesrepublikken.no\/wp-content\/uploads\/2025\/09\/1759197009_5-bilder-som-gjorde-historien-til-Internett-og-teknologi.jpg\",\"width\":1400,\"height\":741,\"caption\":\"5 bilder som gjorde historien til Internett og teknologi\"},{\"@type\":\"BreadcrumbList\",\"@id\":\"https:\/\/nordnesrepublikken.no\/index.php\/2025\/09\/30\/5-bilder-som-gjorde-historien-til-internett-og-teknologi\/#breadcrumb\",\"itemListElement\":[{\"@type\":\"ListItem\",\"position\":1,\"name\":\"Home\",\"item\":\"https:\/\/nordnesrepublikken.no\/\"},{\"@type\":\"ListItem\",\"position\":2,\"name\":\"5 bilder som gjorde historien til Internett og teknologi\"}]},{\"@type\":\"WebSite\",\"@id\":\"https:\/\/nordnesrepublikken.no\/#website\",\"url\":\"https:\/\/nordnesrepublikken.no\/\",\"name\":\"Nordnesrepublikken\",\"description\":\"Stemmer og Visjoner fra Republikkens Hjerte\",\"publisher\":{\"@id\":\"https:\/\/nordnesrepublikken.no\/#organization\"},\"potentialAction\":[{\"@type\":\"SearchAction\",\"target\":{\"@type\":\"EntryPoint\",\"urlTemplate\":\"https:\/\/nordnesrepublikken.no\/?s={search_term_string}\"},\"query-input\":{\"@type\":\"PropertyValueSpecification\",\"valueRequired\":true,\"valueName\":\"search_term_string\"}}],\"inLanguage\":\"nb-NO\"},{\"@type\":\"Organization\",\"@id\":\"https:\/\/nordnesrepublikken.no\/#organization\",\"name\":\"Nordnesrepublikken\",\"url\":\"https:\/\/nordnesrepublikken.no\/\",\"logo\":{\"@type\":\"ImageObject\",\"inLanguage\":\"nb-NO\",\"@id\":\"https:\/\/nordnesrepublikken.no\/#\/schema\/logo\/image\/\",\"url\":\"https:\/\/nordnesrepublikken.no\/wp-content\/uploads\/2025\/02\/cropped-nordnesrepublikken-2.png\",\"contentUrl\":\"https:\/\/nordnesrepublikken.no\/wp-content\/uploads\/2025\/02\/cropped-nordnesrepublikken-2.png\",\"width\":1248,\"height\":362,\"caption\":\"Nordnesrepublikken\"},\"image\":{\"@id\":\"https:\/\/nordnesrepublikken.no\/#\/schema\/logo\/image\/\"}},{\"@type\":\"Person\",\"@id\":\"https:\/\/nordnesrepublikken.no\/#\/schema\/person\/2e7e81935bab77882fffb79296240ff1\",\"name\":\"Ole Andersen\",\"image\":{\"@type\":\"ImageObject\",\"inLanguage\":\"nb-NO\",\"@id\":\"https:\/\/nordnesrepublikken.no\/#\/schema\/person\/image\/\",\"url\":\"https:\/\/nordnesrepublikken.no\/wp-content\/uploads\/2025\/02\/nordnesrepublikken-2-2-150x150.jpg\",\"contentUrl\":\"https:\/\/nordnesrepublikken.no\/wp-content\/uploads\/2025\/02\/nordnesrepublikken-2-2-150x150.jpg\",\"caption\":\"Ole Andersen\"},\"description\":\"Ettersom jeg vokste opp i Oslo, har jeg alltid v\u00e6rt fascinert av ordenes kraft og deres evne til \u00e5 skape endringer. Etter \u00e5 ha fullf\u00f8rt min utdannelse i kommunikasjon ved Universitetet i Bergen, fikk jeg muligheten til \u00e5 jobbe innen ulike medier, der jeg har s\u00f8kt \u00e5 belyse viktige samfunnssp\u00f8rsm\u00e5l. I dag, som redakt\u00f8r for Nordnesrepublikken, pr\u00f8ver jeg \u00e5 forene min kj\u00e6rlighet for journalistikk med min lidenskap for innovasjon og eventyr.\",\"sameAs\":[\"https:\/\/nordnesrepublikken.no\/\"]}]}<\/script>\n<!-- \/ Yoast SEO plugin. -->","yoast_head_json":{"title":"5 bilder som gjorde historien til Internett og teknologi - Nordnesrepublikken","robots":{"index":"index","follow":"follow","max-snippet":"max-snippet:-1","max-image-preview":"max-image-preview:large","max-video-preview":"max-video-preview:-1"},"canonical":"https:\/\/nordnesrepublikken.no\/index.php\/2025\/09\/30\/5-bilder-som-gjorde-historien-til-internett-og-teknologi\/","og_locale":"nb_NO","og_type":"article","og_title":"5 bilder som gjorde historien til Internett og teknologi - Nordnesrepublikken","og_description":"Hvis vi m\u00e5tte velge 5 bilder som gjorde historien til teknologi og internetthvilken kunne vi","og_url":"https:\/\/nordnesrepublikken.no\/index.php\/2025\/09\/30\/5-bilder-som-gjorde-historien-til-internett-og-teknologi\/","og_site_name":"Nordnesrepublikken","article_published_time":"2025-09-30T01:50:08+00:00","article_modified_time":"2025-09-30T01:50:10+00:00","og_image":[{"width":1400,"height":741,"url":"https:\/\/nordnesrepublikken.no\/wp-content\/uploads\/2025\/09\/1759197009_5-bilder-som-gjorde-historien-til-Internett-og-teknologi.jpg","type":"image\/jpeg"}],"author":"Ole Andersen","twitter_card":"summary_large_image","twitter_misc":{"Skrevet av":"Ole Andersen","Ansl. lesetid":"3 minutter"},"schema":{"@context":"https:\/\/schema.org","@graph":[{"@type":"Article","@id":"https:\/\/nordnesrepublikken.no\/index.php\/2025\/09\/30\/5-bilder-som-gjorde-historien-til-internett-og-teknologi\/#article","isPartOf":{"@id":"https:\/\/nordnesrepublikken.no\/index.php\/2025\/09\/30\/5-bilder-som-gjorde-historien-til-internett-og-teknologi\/"},"author":{"name":"Ole Andersen","@id":"https:\/\/nordnesrepublikken.no\/#\/schema\/person\/2e7e81935bab77882fffb79296240ff1"},"headline":"5 bilder som gjorde historien til Internett og teknologi","datePublished":"2025-09-30T01:50:08+00:00","dateModified":"2025-09-30T01:50:10+00:00","mainEntityOfPage":{"@id":"https:\/\/nordnesrepublikken.no\/index.php\/2025\/09\/30\/5-bilder-som-gjorde-historien-til-internett-og-teknologi\/"},"wordCount":698,"publisher":{"@id":"https:\/\/nordnesrepublikken.no\/#organization"},"image":{"@id":"https:\/\/nordnesrepublikken.no\/index.php\/2025\/09\/30\/5-bilder-som-gjorde-historien-til-internett-og-teknologi\/#primaryimage"},"thumbnailUrl":"https:\/\/nordnesrepublikken.no\/wp-content\/uploads\/2025\/09\/1759197009_5-bilder-som-gjorde-historien-til-Internett-og-teknologi.jpg","keywords":["bilder","gjorde","Historien","internett","som","teknologi","til"],"articleSection":["Teknologi"],"inLanguage":"nb-NO"},{"@type":"WebPage","@id":"https:\/\/nordnesrepublikken.no\/index.php\/2025\/09\/30\/5-bilder-som-gjorde-historien-til-internett-og-teknologi\/","url":"https:\/\/nordnesrepublikken.no\/index.php\/2025\/09\/30\/5-bilder-som-gjorde-historien-til-internett-og-teknologi\/","name":"5 bilder som gjorde historien til Internett og teknologi - Nordnesrepublikken","isPartOf":{"@id":"https:\/\/nordnesrepublikken.no\/#website"},"primaryImageOfPage":{"@id":"https:\/\/nordnesrepublikken.no\/index.php\/2025\/09\/30\/5-bilder-som-gjorde-historien-til-internett-og-teknologi\/#primaryimage"},"image":{"@id":"https:\/\/nordnesrepublikken.no\/index.php\/2025\/09\/30\/5-bilder-som-gjorde-historien-til-internett-og-teknologi\/#primaryimage"},"thumbnailUrl":"https:\/\/nordnesrepublikken.no\/wp-content\/uploads\/2025\/09\/1759197009_5-bilder-som-gjorde-historien-til-Internett-og-teknologi.jpg","datePublished":"2025-09-30T01:50:08+00:00","dateModified":"2025-09-30T01:50:10+00:00","breadcrumb":{"@id":"https:\/\/nordnesrepublikken.no\/index.php\/2025\/09\/30\/5-bilder-som-gjorde-historien-til-internett-og-teknologi\/#breadcrumb"},"inLanguage":"nb-NO","potentialAction":[{"@type":"ReadAction","target":["https:\/\/nordnesrepublikken.no\/index.php\/2025\/09\/30\/5-bilder-som-gjorde-historien-til-internett-og-teknologi\/"]}]},{"@type":"ImageObject","inLanguage":"nb-NO","@id":"https:\/\/nordnesrepublikken.no\/index.php\/2025\/09\/30\/5-bilder-som-gjorde-historien-til-internett-og-teknologi\/#primaryimage","url":"https:\/\/nordnesrepublikken.no\/wp-content\/uploads\/2025\/09\/1759197009_5-bilder-som-gjorde-historien-til-Internett-og-teknologi.jpg","contentUrl":"https:\/\/nordnesrepublikken.no\/wp-content\/uploads\/2025\/09\/1759197009_5-bilder-som-gjorde-historien-til-Internett-og-teknologi.jpg","width":1400,"height":741,"caption":"5 bilder som gjorde historien til Internett og teknologi"},{"@type":"BreadcrumbList","@id":"https:\/\/nordnesrepublikken.no\/index.php\/2025\/09\/30\/5-bilder-som-gjorde-historien-til-internett-og-teknologi\/#breadcrumb","itemListElement":[{"@type":"ListItem","position":1,"name":"Home","item":"https:\/\/nordnesrepublikken.no\/"},{"@type":"ListItem","position":2,"name":"5 bilder som gjorde historien til Internett og teknologi"}]},{"@type":"WebSite","@id":"https:\/\/nordnesrepublikken.no\/#website","url":"https:\/\/nordnesrepublikken.no\/","name":"Nordnesrepublikken","description":"Stemmer og Visjoner fra Republikkens Hjerte","publisher":{"@id":"https:\/\/nordnesrepublikken.no\/#organization"},"potentialAction":[{"@type":"SearchAction","target":{"@type":"EntryPoint","urlTemplate":"https:\/\/nordnesrepublikken.no\/?s={search_term_string}"},"query-input":{"@type":"PropertyValueSpecification","valueRequired":true,"valueName":"search_term_string"}}],"inLanguage":"nb-NO"},{"@type":"Organization","@id":"https:\/\/nordnesrepublikken.no\/#organization","name":"Nordnesrepublikken","url":"https:\/\/nordnesrepublikken.no\/","logo":{"@type":"ImageObject","inLanguage":"nb-NO","@id":"https:\/\/nordnesrepublikken.no\/#\/schema\/logo\/image\/","url":"https:\/\/nordnesrepublikken.no\/wp-content\/uploads\/2025\/02\/cropped-nordnesrepublikken-2.png","contentUrl":"https:\/\/nordnesrepublikken.no\/wp-content\/uploads\/2025\/02\/cropped-nordnesrepublikken-2.png","width":1248,"height":362,"caption":"Nordnesrepublikken"},"image":{"@id":"https:\/\/nordnesrepublikken.no\/#\/schema\/logo\/image\/"}},{"@type":"Person","@id":"https:\/\/nordnesrepublikken.no\/#\/schema\/person\/2e7e81935bab77882fffb79296240ff1","name":"Ole Andersen","image":{"@type":"ImageObject","inLanguage":"nb-NO","@id":"https:\/\/nordnesrepublikken.no\/#\/schema\/person\/image\/","url":"https:\/\/nordnesrepublikken.no\/wp-content\/uploads\/2025\/02\/nordnesrepublikken-2-2-150x150.jpg","contentUrl":"https:\/\/nordnesrepublikken.no\/wp-content\/uploads\/2025\/02\/nordnesrepublikken-2-2-150x150.jpg","caption":"Ole Andersen"},"description":"Ettersom jeg vokste opp i Oslo, har jeg alltid v\u00e6rt fascinert av ordenes kraft og deres evne til \u00e5 skape endringer. Etter \u00e5 ha fullf\u00f8rt min utdannelse i kommunikasjon ved Universitetet i Bergen, fikk jeg muligheten til \u00e5 jobbe innen ulike medier, der jeg har s\u00f8kt \u00e5 belyse viktige samfunnssp\u00f8rsm\u00e5l. I dag, som redakt\u00f8r for Nordnesrepublikken, pr\u00f8ver jeg \u00e5 forene min kj\u00e6rlighet for journalistikk med min lidenskap for innovasjon og eventyr.","sameAs":["https:\/\/nordnesrepublikken.no\/"]}]}},"_links":{"self":[{"href":"https:\/\/nordnesrepublikken.no\/index.php\/wp-json\/wp\/v2\/posts\/10099","targetHints":{"allow":["GET"]}}],"collection":[{"href":"https:\/\/nordnesrepublikken.no\/index.php\/wp-json\/wp\/v2\/posts"}],"about":[{"href":"https:\/\/nordnesrepublikken.no\/index.php\/wp-json\/wp\/v2\/types\/post"}],"author":[{"embeddable":true,"href":"https:\/\/nordnesrepublikken.no\/index.php\/wp-json\/wp\/v2\/users\/1"}],"replies":[{"embeddable":true,"href":"https:\/\/nordnesrepublikken.no\/index.php\/wp-json\/wp\/v2\/comments?post=10099"}],"version-history":[{"count":1,"href":"https:\/\/nordnesrepublikken.no\/index.php\/wp-json\/wp\/v2\/posts\/10099\/revisions"}],"predecessor-version":[{"id":10101,"href":"https:\/\/nordnesrepublikken.no\/index.php\/wp-json\/wp\/v2\/posts\/10099\/revisions\/10101"}],"wp:featuredmedia":[{"embeddable":true,"href":"https:\/\/nordnesrepublikken.no\/index.php\/wp-json\/wp\/v2\/media\/10100"}],"wp:attachment":[{"href":"https:\/\/nordnesrepublikken.no\/index.php\/wp-json\/wp\/v2\/media?parent=10099"}],"wp:term":[{"taxonomy":"category","embeddable":true,"href":"https:\/\/nordnesrepublikken.no\/index.php\/wp-json\/wp\/v2\/categories?post=10099"},{"taxonomy":"post_tag","embeddable":true,"href":"https:\/\/nordnesrepublikken.no\/index.php\/wp-json\/wp\/v2\/tags?post=10099"}],"curies":[{"name":"wp","href":"https:\/\/api.w.org\/{rel}","templated":true}]}}