{"id":10090,"date":"2025-09-29T20:50:22","date_gmt":"2025-09-29T18:50:22","guid":{"rendered":"https:\/\/nordnesrepublikken.no\/index.php\/2025\/09\/29\/nar-det-vil-skje-og-i-hvilken-grad-vi-er-med-eksperimenteringen-av-systemet\/"},"modified":"2025-09-29T20:50:23","modified_gmt":"2025-09-29T18:50:23","slug":"nar-det-vil-skje-og-i-hvilken-grad-vi-er-med-eksperimenteringen-av-systemet","status":"publish","type":"post","link":"https:\/\/nordnesrepublikken.no\/index.php\/2025\/09\/29\/nar-det-vil-skje-og-i-hvilken-grad-vi-er-med-eksperimenteringen-av-systemet\/","title":{"rendered":"N\u00e5r det vil skje og i hvilken grad vi er med eksperimenteringen av systemet"},"content":{"rendered":"<div>\n<div class=\"cp_wrapper cp_wrapper--fw mb-30 mb-20@tablet\">\n<figure class=\"mm\"><picture class=\"img\" style=\"padding-top:56.25%\"><source  media=\"(min-width: 1024px)\"><source  media=\"(min-width: 768px)\"><\/source><\/source><\/picture><\/figure>\n<\/p><\/div>\n<p>De<strong> 1. oktober 2025<\/strong>kl. 10:00 vil det bli holdt et nytt offentlig alarmsystem <strong>IT-ALERT<\/strong> I Lombardy for risikoen for kollaps av en stor demning: Simuleringen vil angripe <strong>Reggio Dam<\/strong>som ligger i Garzeno (CO) kommune, og vil involvere <strong>Tre kommuner i komosen<\/strong> som kan bli p\u00e5virket av b\u00f8lgen av full, f\u00f8lgelig i mulig kollaps av dammen (Garzeno, Gravedona og Uniti og Dongo). Testen best\u00e5r i \u00e5 sende en melding til alle mobiltelefoner &#8211; til og med ikke koblet til Internett &#8211; til stede i telefoncellene i m\u00e5lomr\u00e5det. Innbyggere vil ogs\u00e5 bli foresl\u00e5tt et sp\u00f8rreskjema for \u00e5 evaluere alarmsystemets funksjon.<\/p>\n<p>Men hvor er vi med <strong>eksperimentering<\/strong> av IT-ALERT etter 2 \u00e5r fra de f\u00f8rste offentlige alarmeksperimentene? For \u00f8yeblikket fungerer systemet bare for <strong>Fire av de syv scenariene<\/strong> <strong>fare<\/strong> Forutsatt av EU -direktivet 2018\/1972: atomulykker, industriulykker, kollaps av en stor demning og vulkansk aktivitet; Mens Maremoti er den vulkanske aktiviteten til stromboli og intenst nedb\u00f8r, faktisk fortsatt<strong> I testfasen<\/strong>.<\/p>\n<p>Etter et tett testprogram mellom 2023 og 2024, under <strong>2025<\/strong> Andre ble laget <strong>6 simuleringer<\/strong> (7 med den av 1. oktober), dedikert til spesifikke risikoscenarier for \u00e5 bekrefte riktig funksjon av systemet og identifisere parametrene som skal optimaliseres for \u00e5 forbedre effektiviteten.<\/p>\n<h2><b>P\u00e5 hvilket tidspunkt vi er med eksperimenteringen av IT-ALTER-alarmsystemet<\/b><\/h2>\n<p>IT-ALERT ble lansert i 2023 p\u00e5 grunnlag av bestemmelsene i direktivet til ministeren for sivil beskyttelse og sj\u00f8politikk: de siste to \u00e5rene har han blitt testet i nasjonal skala med mange periodiske simuleringer, av en hypotetisk <strong>Jordskjelv i Messina -stredet<\/strong> opp til en <strong>Mulig utbrudd for Campi Fegrei<\/strong>. For \u00f8yeblikket fungerer systemet imidlertid bare for 4 spesifikke risikoer:<\/p>\n<ul>\n<li><strong>Atomulykker<\/strong> eller radiologisk n\u00f8dsituasjon.<\/li>\n<li><strong>Ulykker<\/strong> relevant i<strong> Industrielle etablissementer<\/strong>.<\/li>\n<li><strong>Kollapse<\/strong> av en stor <strong>demning<\/strong>.<\/li>\n<li><strong>Vulkansk aktivitet<\/strong> i omr\u00e5dene til <strong>CAMPI FREGREI<\/strong>av <strong>Vesuvius<\/strong> og p\u00e5 \u00f8ya <strong>Vulkan<\/strong>.<\/li>\n<\/ul>\n<p>I tilfelle en av disse naturkatastrofene eller katastrofene skal skje, b\u00f8r det offentlige alarmsystemet omg\u00e5ende rapportere det og varsle risikoen for alle innbyggere i naboomr\u00e5dene.<\/p>\n<p>Imidlertid er det 3 typer risikoer som IT-Art er <strong>Fortsatt i eksperimenteringsfasen<\/strong>eller:<\/p>\n<ul>\n<li>Mulig <strong>Tsumer<\/strong> generert av et jordskjelv.<\/li>\n<li><strong>Vulkansk aktivitet<\/strong> av <strong>Stromboli<\/strong><\/li>\n<li><strong>Nedb\u00f8r<\/strong> intens.<\/li>\n<\/ul>\n<p>For disse tre scenariene vil eksperimenteringen vare minst et \u00e5r til: testene er faktisk viktige for \u00e5 bekrefte <strong>Riktig drift<\/strong> av systemet, evaluer at telefoncellene som er til stede i det ber\u00f8rte omr\u00e5det garanterer den n\u00f8dvendige dekningen, men ogs\u00e5 for \u00e5 sikre effektiviteten til kommunikasjonsstr\u00f8mmene.<\/p>\n<p>Siden den ble lansert, har den bare startet ved to anledninger: <strong>9. desember 2024<\/strong>etter en eksplosjon i ENI -raffineriet i Calenzano, i provinsen Firenze, og <strong>25. april 2025<\/strong> I anledning begravelsen til <strong>Pave Francis<\/strong>for \u00e5 varsle befolkningen om den enorme tilstr\u00f8mningen av mennesker i Piazza del Vaticano og indikere r\u00f8mningsveiene i tilfelle en n\u00f8dsituasjon.<\/p>\n<h2><b>Simulering av 1. oktober for risikoen for kollaps av Reggio Dam<\/b><\/h2>\n<p>Som nevnt blir den syvende simulering av IT-kunstsystemet for 2025 avholdt 1. oktober, som vil angripe kollaps <strong>Reggio Dam<\/strong>som ligger i Garzeno kommune (CO). Testmeldingen vil bli sendt til alle aktive telefonceller i de tre kommunene Comos som kan bli p\u00e5virket av<strong>full b\u00f8lge<\/strong> F\u00f8lgelig til sammenbruddet av demningen, nemlig Garzeno, Gravedona og Uniti og Dongo.<\/p>\n<p>Varslingen vil inneholde f\u00f8lgende tekst:<\/p>\n<blockquote>\n<p>Testtest Dette er en melding fra IT-Art Test. Simuleringen av kollapsen av en demning er i gang i omr\u00e5det der du er. For \u00e5 kjenne meldingen du vil motta i tilfelle reell fare og for \u00e5 fylle ut sp\u00f8rreskjemaet, g\u00e5 opp <strong>www.it-atert.gov.it<\/strong> Testtest<\/p>\n<\/blockquote>\n<p>Som alltid vil varselet bli ledsaget av en <strong>Lydalarm<\/strong> Som vil resonere i alle smarttelefoner: Den aktuelle befolkningen vil imidlertid ikke v\u00e6re n\u00f8dt til \u00e5 gj\u00f8re noe, men kan velge \u00e5 fylle ut et sp\u00f8rreskjema (ikke obligatorisk) for \u00e5 kommunisere om varselet er mottatt eller ikke og sikre effektiviteten av kommunikasjonsstr\u00f8mmer i fremtiden.<\/p>\n<\/p><\/div>\n","protected":false},"excerpt":{"rendered":"<p>De 1. oktober 2025kl. 10:00 vil det bli holdt et nytt offentlig alarmsystem IT-ALERT I<\/p>\n","protected":false},"author":1,"featured_media":10091,"comment_status":"closed","ping_status":"open","sticky":false,"template":"","format":"standard","meta":{"footnotes":""},"categories":[25],"tags":[66,6329,6630,1181,79,16,2151,520,149],"class_list":["post-10090","post","type-post","status-publish","format-standard","has-post-thumbnail","hentry","category-teknologi","tag-det","tag-eksperimenteringen","tag-grad","tag-hvilken","tag-med","tag-nar","tag-skje","tag-systemet","tag-vil","generate-columns","tablet-grid-50","mobile-grid-100","grid-parent","grid-33","resize-featured-image"],"yoast_head":"<!-- This site is optimized with the Yoast SEO plugin v24.4 - https:\/\/yoast.com\/wordpress\/plugins\/seo\/ -->\n<title>N\u00e5r det vil skje og i hvilken grad vi er med eksperimenteringen av systemet - Nordnesrepublikken<\/title>\n<meta name=\"robots\" content=\"index, follow, max-snippet:-1, max-image-preview:large, max-video-preview:-1\" \/>\n<link rel=\"canonical\" href=\"https:\/\/nordnesrepublikken.no\/index.php\/2025\/09\/29\/nar-det-vil-skje-og-i-hvilken-grad-vi-er-med-eksperimenteringen-av-systemet\/\" \/>\n<meta property=\"og:locale\" content=\"nb_NO\" \/>\n<meta property=\"og:type\" content=\"article\" \/>\n<meta property=\"og:title\" content=\"N\u00e5r det vil skje og i hvilken grad vi er med eksperimenteringen av systemet - Nordnesrepublikken\" \/>\n<meta property=\"og:description\" content=\"De 1. oktober 2025kl. 10:00 vil det bli holdt et nytt offentlig alarmsystem IT-ALERT I\" \/>\n<meta property=\"og:url\" content=\"https:\/\/nordnesrepublikken.no\/index.php\/2025\/09\/29\/nar-det-vil-skje-og-i-hvilken-grad-vi-er-med-eksperimenteringen-av-systemet\/\" \/>\n<meta property=\"og:site_name\" content=\"Nordnesrepublikken\" \/>\n<meta property=\"article:published_time\" content=\"2025-09-29T18:50:22+00:00\" \/>\n<meta property=\"article:modified_time\" content=\"2025-09-29T18:50:23+00:00\" \/>\n<meta property=\"og:image\" content=\"https:\/\/nordnesrepublikken.no\/wp-content\/uploads\/2025\/09\/1759171822_Nar-det-vil-skje-og-i-hvilken-grad-vi-er.jpg\" \/>\n\t<meta property=\"og:image:width\" content=\"800\" \/>\n\t<meta property=\"og:image:height\" content=\"533\" \/>\n\t<meta property=\"og:image:type\" content=\"image\/jpeg\" \/>\n<meta name=\"author\" content=\"Ole Andersen\" \/>\n<meta name=\"twitter:card\" content=\"summary_large_image\" \/>\n<meta name=\"twitter:label1\" content=\"Skrevet av\" \/>\n\t<meta name=\"twitter:data1\" content=\"Ole Andersen\" \/>\n\t<meta name=\"twitter:label2\" content=\"Ansl. lesetid\" \/>\n\t<meta name=\"twitter:data2\" content=\"3 minutter\" \/>\n<script type=\"application\/ld+json\" class=\"yoast-schema-graph\">{\"@context\":\"https:\/\/schema.org\",\"@graph\":[{\"@type\":\"Article\",\"@id\":\"https:\/\/nordnesrepublikken.no\/index.php\/2025\/09\/29\/nar-det-vil-skje-og-i-hvilken-grad-vi-er-med-eksperimenteringen-av-systemet\/#article\",\"isPartOf\":{\"@id\":\"https:\/\/nordnesrepublikken.no\/index.php\/2025\/09\/29\/nar-det-vil-skje-og-i-hvilken-grad-vi-er-med-eksperimenteringen-av-systemet\/\"},\"author\":{\"name\":\"Ole Andersen\",\"@id\":\"https:\/\/nordnesrepublikken.no\/#\/schema\/person\/2e7e81935bab77882fffb79296240ff1\"},\"headline\":\"N\u00e5r det vil skje og i hvilken grad vi er med eksperimenteringen av systemet\",\"datePublished\":\"2025-09-29T18:50:22+00:00\",\"dateModified\":\"2025-09-29T18:50:23+00:00\",\"mainEntityOfPage\":{\"@id\":\"https:\/\/nordnesrepublikken.no\/index.php\/2025\/09\/29\/nar-det-vil-skje-og-i-hvilken-grad-vi-er-med-eksperimenteringen-av-systemet\/\"},\"wordCount\":628,\"publisher\":{\"@id\":\"https:\/\/nordnesrepublikken.no\/#organization\"},\"image\":{\"@id\":\"https:\/\/nordnesrepublikken.no\/index.php\/2025\/09\/29\/nar-det-vil-skje-og-i-hvilken-grad-vi-er-med-eksperimenteringen-av-systemet\/#primaryimage\"},\"thumbnailUrl\":\"https:\/\/nordnesrepublikken.no\/wp-content\/uploads\/2025\/09\/1759171822_Nar-det-vil-skje-og-i-hvilken-grad-vi-er.jpg\",\"keywords\":[\"Det\",\"eksperimenteringen\",\"grad\",\"hvilken\",\"med\",\"n\u00e5r\",\"skje\",\"systemet\",\"vil\"],\"articleSection\":[\"Teknologi\"],\"inLanguage\":\"nb-NO\"},{\"@type\":\"WebPage\",\"@id\":\"https:\/\/nordnesrepublikken.no\/index.php\/2025\/09\/29\/nar-det-vil-skje-og-i-hvilken-grad-vi-er-med-eksperimenteringen-av-systemet\/\",\"url\":\"https:\/\/nordnesrepublikken.no\/index.php\/2025\/09\/29\/nar-det-vil-skje-og-i-hvilken-grad-vi-er-med-eksperimenteringen-av-systemet\/\",\"name\":\"N\u00e5r det vil skje og i hvilken grad vi er med eksperimenteringen av systemet - Nordnesrepublikken\",\"isPartOf\":{\"@id\":\"https:\/\/nordnesrepublikken.no\/#website\"},\"primaryImageOfPage\":{\"@id\":\"https:\/\/nordnesrepublikken.no\/index.php\/2025\/09\/29\/nar-det-vil-skje-og-i-hvilken-grad-vi-er-med-eksperimenteringen-av-systemet\/#primaryimage\"},\"image\":{\"@id\":\"https:\/\/nordnesrepublikken.no\/index.php\/2025\/09\/29\/nar-det-vil-skje-og-i-hvilken-grad-vi-er-med-eksperimenteringen-av-systemet\/#primaryimage\"},\"thumbnailUrl\":\"https:\/\/nordnesrepublikken.no\/wp-content\/uploads\/2025\/09\/1759171822_Nar-det-vil-skje-og-i-hvilken-grad-vi-er.jpg\",\"datePublished\":\"2025-09-29T18:50:22+00:00\",\"dateModified\":\"2025-09-29T18:50:23+00:00\",\"breadcrumb\":{\"@id\":\"https:\/\/nordnesrepublikken.no\/index.php\/2025\/09\/29\/nar-det-vil-skje-og-i-hvilken-grad-vi-er-med-eksperimenteringen-av-systemet\/#breadcrumb\"},\"inLanguage\":\"nb-NO\",\"potentialAction\":[{\"@type\":\"ReadAction\",\"target\":[\"https:\/\/nordnesrepublikken.no\/index.php\/2025\/09\/29\/nar-det-vil-skje-og-i-hvilken-grad-vi-er-med-eksperimenteringen-av-systemet\/\"]}]},{\"@type\":\"ImageObject\",\"inLanguage\":\"nb-NO\",\"@id\":\"https:\/\/nordnesrepublikken.no\/index.php\/2025\/09\/29\/nar-det-vil-skje-og-i-hvilken-grad-vi-er-med-eksperimenteringen-av-systemet\/#primaryimage\",\"url\":\"https:\/\/nordnesrepublikken.no\/wp-content\/uploads\/2025\/09\/1759171822_Nar-det-vil-skje-og-i-hvilken-grad-vi-er.jpg\",\"contentUrl\":\"https:\/\/nordnesrepublikken.no\/wp-content\/uploads\/2025\/09\/1759171822_Nar-det-vil-skje-og-i-hvilken-grad-vi-er.jpg\",\"width\":800,\"height\":533,\"caption\":\"N\u00e5r det vil skje og i hvilken grad vi er med eksperimenteringen av systemet\"},{\"@type\":\"BreadcrumbList\",\"@id\":\"https:\/\/nordnesrepublikken.no\/index.php\/2025\/09\/29\/nar-det-vil-skje-og-i-hvilken-grad-vi-er-med-eksperimenteringen-av-systemet\/#breadcrumb\",\"itemListElement\":[{\"@type\":\"ListItem\",\"position\":1,\"name\":\"Home\",\"item\":\"https:\/\/nordnesrepublikken.no\/\"},{\"@type\":\"ListItem\",\"position\":2,\"name\":\"N\u00e5r det vil skje og i hvilken grad vi er med eksperimenteringen av systemet\"}]},{\"@type\":\"WebSite\",\"@id\":\"https:\/\/nordnesrepublikken.no\/#website\",\"url\":\"https:\/\/nordnesrepublikken.no\/\",\"name\":\"Nordnesrepublikken\",\"description\":\"Stemmer og Visjoner fra Republikkens Hjerte\",\"publisher\":{\"@id\":\"https:\/\/nordnesrepublikken.no\/#organization\"},\"potentialAction\":[{\"@type\":\"SearchAction\",\"target\":{\"@type\":\"EntryPoint\",\"urlTemplate\":\"https:\/\/nordnesrepublikken.no\/?s={search_term_string}\"},\"query-input\":{\"@type\":\"PropertyValueSpecification\",\"valueRequired\":true,\"valueName\":\"search_term_string\"}}],\"inLanguage\":\"nb-NO\"},{\"@type\":\"Organization\",\"@id\":\"https:\/\/nordnesrepublikken.no\/#organization\",\"name\":\"Nordnesrepublikken\",\"url\":\"https:\/\/nordnesrepublikken.no\/\",\"logo\":{\"@type\":\"ImageObject\",\"inLanguage\":\"nb-NO\",\"@id\":\"https:\/\/nordnesrepublikken.no\/#\/schema\/logo\/image\/\",\"url\":\"https:\/\/nordnesrepublikken.no\/wp-content\/uploads\/2025\/02\/cropped-nordnesrepublikken-2.png\",\"contentUrl\":\"https:\/\/nordnesrepublikken.no\/wp-content\/uploads\/2025\/02\/cropped-nordnesrepublikken-2.png\",\"width\":1248,\"height\":362,\"caption\":\"Nordnesrepublikken\"},\"image\":{\"@id\":\"https:\/\/nordnesrepublikken.no\/#\/schema\/logo\/image\/\"}},{\"@type\":\"Person\",\"@id\":\"https:\/\/nordnesrepublikken.no\/#\/schema\/person\/2e7e81935bab77882fffb79296240ff1\",\"name\":\"Ole Andersen\",\"image\":{\"@type\":\"ImageObject\",\"inLanguage\":\"nb-NO\",\"@id\":\"https:\/\/nordnesrepublikken.no\/#\/schema\/person\/image\/\",\"url\":\"https:\/\/nordnesrepublikken.no\/wp-content\/uploads\/2025\/02\/nordnesrepublikken-2-2-150x150.jpg\",\"contentUrl\":\"https:\/\/nordnesrepublikken.no\/wp-content\/uploads\/2025\/02\/nordnesrepublikken-2-2-150x150.jpg\",\"caption\":\"Ole Andersen\"},\"description\":\"Ettersom jeg vokste opp i Oslo, har jeg alltid v\u00e6rt fascinert av ordenes kraft og deres evne til \u00e5 skape endringer. Etter \u00e5 ha fullf\u00f8rt min utdannelse i kommunikasjon ved Universitetet i Bergen, fikk jeg muligheten til \u00e5 jobbe innen ulike medier, der jeg har s\u00f8kt \u00e5 belyse viktige samfunnssp\u00f8rsm\u00e5l. I dag, som redakt\u00f8r for Nordnesrepublikken, pr\u00f8ver jeg \u00e5 forene min kj\u00e6rlighet for journalistikk med min lidenskap for innovasjon og eventyr.\",\"sameAs\":[\"https:\/\/nordnesrepublikken.no\/\"]}]}<\/script>\n<!-- \/ Yoast SEO plugin. -->","yoast_head_json":{"title":"N\u00e5r det vil skje og i hvilken grad vi er med eksperimenteringen av systemet - Nordnesrepublikken","robots":{"index":"index","follow":"follow","max-snippet":"max-snippet:-1","max-image-preview":"max-image-preview:large","max-video-preview":"max-video-preview:-1"},"canonical":"https:\/\/nordnesrepublikken.no\/index.php\/2025\/09\/29\/nar-det-vil-skje-og-i-hvilken-grad-vi-er-med-eksperimenteringen-av-systemet\/","og_locale":"nb_NO","og_type":"article","og_title":"N\u00e5r det vil skje og i hvilken grad vi er med eksperimenteringen av systemet - Nordnesrepublikken","og_description":"De 1. oktober 2025kl. 10:00 vil det bli holdt et nytt offentlig alarmsystem IT-ALERT I","og_url":"https:\/\/nordnesrepublikken.no\/index.php\/2025\/09\/29\/nar-det-vil-skje-og-i-hvilken-grad-vi-er-med-eksperimenteringen-av-systemet\/","og_site_name":"Nordnesrepublikken","article_published_time":"2025-09-29T18:50:22+00:00","article_modified_time":"2025-09-29T18:50:23+00:00","og_image":[{"width":800,"height":533,"url":"https:\/\/nordnesrepublikken.no\/wp-content\/uploads\/2025\/09\/1759171822_Nar-det-vil-skje-og-i-hvilken-grad-vi-er.jpg","type":"image\/jpeg"}],"author":"Ole Andersen","twitter_card":"summary_large_image","twitter_misc":{"Skrevet av":"Ole Andersen","Ansl. lesetid":"3 minutter"},"schema":{"@context":"https:\/\/schema.org","@graph":[{"@type":"Article","@id":"https:\/\/nordnesrepublikken.no\/index.php\/2025\/09\/29\/nar-det-vil-skje-og-i-hvilken-grad-vi-er-med-eksperimenteringen-av-systemet\/#article","isPartOf":{"@id":"https:\/\/nordnesrepublikken.no\/index.php\/2025\/09\/29\/nar-det-vil-skje-og-i-hvilken-grad-vi-er-med-eksperimenteringen-av-systemet\/"},"author":{"name":"Ole Andersen","@id":"https:\/\/nordnesrepublikken.no\/#\/schema\/person\/2e7e81935bab77882fffb79296240ff1"},"headline":"N\u00e5r det vil skje og i hvilken grad vi er med eksperimenteringen av systemet","datePublished":"2025-09-29T18:50:22+00:00","dateModified":"2025-09-29T18:50:23+00:00","mainEntityOfPage":{"@id":"https:\/\/nordnesrepublikken.no\/index.php\/2025\/09\/29\/nar-det-vil-skje-og-i-hvilken-grad-vi-er-med-eksperimenteringen-av-systemet\/"},"wordCount":628,"publisher":{"@id":"https:\/\/nordnesrepublikken.no\/#organization"},"image":{"@id":"https:\/\/nordnesrepublikken.no\/index.php\/2025\/09\/29\/nar-det-vil-skje-og-i-hvilken-grad-vi-er-med-eksperimenteringen-av-systemet\/#primaryimage"},"thumbnailUrl":"https:\/\/nordnesrepublikken.no\/wp-content\/uploads\/2025\/09\/1759171822_Nar-det-vil-skje-og-i-hvilken-grad-vi-er.jpg","keywords":["Det","eksperimenteringen","grad","hvilken","med","n\u00e5r","skje","systemet","vil"],"articleSection":["Teknologi"],"inLanguage":"nb-NO"},{"@type":"WebPage","@id":"https:\/\/nordnesrepublikken.no\/index.php\/2025\/09\/29\/nar-det-vil-skje-og-i-hvilken-grad-vi-er-med-eksperimenteringen-av-systemet\/","url":"https:\/\/nordnesrepublikken.no\/index.php\/2025\/09\/29\/nar-det-vil-skje-og-i-hvilken-grad-vi-er-med-eksperimenteringen-av-systemet\/","name":"N\u00e5r det vil skje og i hvilken grad vi er med eksperimenteringen av systemet - Nordnesrepublikken","isPartOf":{"@id":"https:\/\/nordnesrepublikken.no\/#website"},"primaryImageOfPage":{"@id":"https:\/\/nordnesrepublikken.no\/index.php\/2025\/09\/29\/nar-det-vil-skje-og-i-hvilken-grad-vi-er-med-eksperimenteringen-av-systemet\/#primaryimage"},"image":{"@id":"https:\/\/nordnesrepublikken.no\/index.php\/2025\/09\/29\/nar-det-vil-skje-og-i-hvilken-grad-vi-er-med-eksperimenteringen-av-systemet\/#primaryimage"},"thumbnailUrl":"https:\/\/nordnesrepublikken.no\/wp-content\/uploads\/2025\/09\/1759171822_Nar-det-vil-skje-og-i-hvilken-grad-vi-er.jpg","datePublished":"2025-09-29T18:50:22+00:00","dateModified":"2025-09-29T18:50:23+00:00","breadcrumb":{"@id":"https:\/\/nordnesrepublikken.no\/index.php\/2025\/09\/29\/nar-det-vil-skje-og-i-hvilken-grad-vi-er-med-eksperimenteringen-av-systemet\/#breadcrumb"},"inLanguage":"nb-NO","potentialAction":[{"@type":"ReadAction","target":["https:\/\/nordnesrepublikken.no\/index.php\/2025\/09\/29\/nar-det-vil-skje-og-i-hvilken-grad-vi-er-med-eksperimenteringen-av-systemet\/"]}]},{"@type":"ImageObject","inLanguage":"nb-NO","@id":"https:\/\/nordnesrepublikken.no\/index.php\/2025\/09\/29\/nar-det-vil-skje-og-i-hvilken-grad-vi-er-med-eksperimenteringen-av-systemet\/#primaryimage","url":"https:\/\/nordnesrepublikken.no\/wp-content\/uploads\/2025\/09\/1759171822_Nar-det-vil-skje-og-i-hvilken-grad-vi-er.jpg","contentUrl":"https:\/\/nordnesrepublikken.no\/wp-content\/uploads\/2025\/09\/1759171822_Nar-det-vil-skje-og-i-hvilken-grad-vi-er.jpg","width":800,"height":533,"caption":"N\u00e5r det vil skje og i hvilken grad vi er med eksperimenteringen av systemet"},{"@type":"BreadcrumbList","@id":"https:\/\/nordnesrepublikken.no\/index.php\/2025\/09\/29\/nar-det-vil-skje-og-i-hvilken-grad-vi-er-med-eksperimenteringen-av-systemet\/#breadcrumb","itemListElement":[{"@type":"ListItem","position":1,"name":"Home","item":"https:\/\/nordnesrepublikken.no\/"},{"@type":"ListItem","position":2,"name":"N\u00e5r det vil skje og i hvilken grad vi er med eksperimenteringen av systemet"}]},{"@type":"WebSite","@id":"https:\/\/nordnesrepublikken.no\/#website","url":"https:\/\/nordnesrepublikken.no\/","name":"Nordnesrepublikken","description":"Stemmer og Visjoner fra Republikkens Hjerte","publisher":{"@id":"https:\/\/nordnesrepublikken.no\/#organization"},"potentialAction":[{"@type":"SearchAction","target":{"@type":"EntryPoint","urlTemplate":"https:\/\/nordnesrepublikken.no\/?s={search_term_string}"},"query-input":{"@type":"PropertyValueSpecification","valueRequired":true,"valueName":"search_term_string"}}],"inLanguage":"nb-NO"},{"@type":"Organization","@id":"https:\/\/nordnesrepublikken.no\/#organization","name":"Nordnesrepublikken","url":"https:\/\/nordnesrepublikken.no\/","logo":{"@type":"ImageObject","inLanguage":"nb-NO","@id":"https:\/\/nordnesrepublikken.no\/#\/schema\/logo\/image\/","url":"https:\/\/nordnesrepublikken.no\/wp-content\/uploads\/2025\/02\/cropped-nordnesrepublikken-2.png","contentUrl":"https:\/\/nordnesrepublikken.no\/wp-content\/uploads\/2025\/02\/cropped-nordnesrepublikken-2.png","width":1248,"height":362,"caption":"Nordnesrepublikken"},"image":{"@id":"https:\/\/nordnesrepublikken.no\/#\/schema\/logo\/image\/"}},{"@type":"Person","@id":"https:\/\/nordnesrepublikken.no\/#\/schema\/person\/2e7e81935bab77882fffb79296240ff1","name":"Ole Andersen","image":{"@type":"ImageObject","inLanguage":"nb-NO","@id":"https:\/\/nordnesrepublikken.no\/#\/schema\/person\/image\/","url":"https:\/\/nordnesrepublikken.no\/wp-content\/uploads\/2025\/02\/nordnesrepublikken-2-2-150x150.jpg","contentUrl":"https:\/\/nordnesrepublikken.no\/wp-content\/uploads\/2025\/02\/nordnesrepublikken-2-2-150x150.jpg","caption":"Ole Andersen"},"description":"Ettersom jeg vokste opp i Oslo, har jeg alltid v\u00e6rt fascinert av ordenes kraft og deres evne til \u00e5 skape endringer. Etter \u00e5 ha fullf\u00f8rt min utdannelse i kommunikasjon ved Universitetet i Bergen, fikk jeg muligheten til \u00e5 jobbe innen ulike medier, der jeg har s\u00f8kt \u00e5 belyse viktige samfunnssp\u00f8rsm\u00e5l. I dag, som redakt\u00f8r for Nordnesrepublikken, pr\u00f8ver jeg \u00e5 forene min kj\u00e6rlighet for journalistikk med min lidenskap for innovasjon og eventyr.","sameAs":["https:\/\/nordnesrepublikken.no\/"]}]}},"_links":{"self":[{"href":"https:\/\/nordnesrepublikken.no\/index.php\/wp-json\/wp\/v2\/posts\/10090","targetHints":{"allow":["GET"]}}],"collection":[{"href":"https:\/\/nordnesrepublikken.no\/index.php\/wp-json\/wp\/v2\/posts"}],"about":[{"href":"https:\/\/nordnesrepublikken.no\/index.php\/wp-json\/wp\/v2\/types\/post"}],"author":[{"embeddable":true,"href":"https:\/\/nordnesrepublikken.no\/index.php\/wp-json\/wp\/v2\/users\/1"}],"replies":[{"embeddable":true,"href":"https:\/\/nordnesrepublikken.no\/index.php\/wp-json\/wp\/v2\/comments?post=10090"}],"version-history":[{"count":1,"href":"https:\/\/nordnesrepublikken.no\/index.php\/wp-json\/wp\/v2\/posts\/10090\/revisions"}],"predecessor-version":[{"id":10092,"href":"https:\/\/nordnesrepublikken.no\/index.php\/wp-json\/wp\/v2\/posts\/10090\/revisions\/10092"}],"wp:featuredmedia":[{"embeddable":true,"href":"https:\/\/nordnesrepublikken.no\/index.php\/wp-json\/wp\/v2\/media\/10091"}],"wp:attachment":[{"href":"https:\/\/nordnesrepublikken.no\/index.php\/wp-json\/wp\/v2\/media?parent=10090"}],"wp:term":[{"taxonomy":"category","embeddable":true,"href":"https:\/\/nordnesrepublikken.no\/index.php\/wp-json\/wp\/v2\/categories?post=10090"},{"taxonomy":"post_tag","embeddable":true,"href":"https:\/\/nordnesrepublikken.no\/index.php\/wp-json\/wp\/v2\/tags?post=10090"}],"curies":[{"name":"wp","href":"https:\/\/api.w.org\/{rel}","templated":true}]}}