{"id":10084,"date":"2025-09-29T16:50:06","date_gmt":"2025-09-29T14:50:06","guid":{"rendered":"https:\/\/nordnesrepublikken.no\/index.php\/2025\/09\/29\/et-stort-ubatfjell-4200-meter-hoyt-i-stillehavet\/"},"modified":"2025-09-29T16:50:08","modified_gmt":"2025-09-29T14:50:08","slug":"et-stort-ubatfjell-4200-meter-hoyt-i-stillehavet","status":"publish","type":"post","link":"https:\/\/nordnesrepublikken.no\/index.php\/2025\/09\/29\/et-stort-ubatfjell-4200-meter-hoyt-i-stillehavet\/","title":{"rendered":"Et stort ub\u00e5tfjell 4200 meter h\u00f8yt i Stillehavet"},"content":{"rendered":"<div>\n<div class=\"cp_wrapper cp_wrapper--fw mb-30 mb-20@tablet\">\n<figure class=\"mm\"><picture class=\"img\" style=\"padding-top:56.25%\"><source  media=\"(min-width: 1024px)\"><source  media=\"(min-width: 768px)\"><\/source><\/source><\/picture><\/figure>\n<\/p><\/div>\n<p>Et stort ub\u00e5tfjell (<strong><em>kj\u00f8nn<\/em><\/strong>) 4200 m h\u00f8yt over havbunnen ble oppdaget av forskerne av NOAA (<em>Nasjonal oseanisk og atmosf\u00e6risk administrasjon<\/em>) under en ekspedisjon til det vestlige havet nord for<strong> Palau<\/strong>et \u00f8yland som ligger \u00f8st for Filippinene. Toppen av fjellet er funnet<strong> 240 m under overflaten<\/strong> av havet. Lettelsen ble identifisert og kartlagt takket v\u00e6re en<strong> ekkolodd<\/strong> I et omr\u00e5de uutforsket s\u00e5 langt. DE <em>kj\u00f8nn<\/em> De er generelt eldgamle utd\u00f8dde vulkaner, veldig viktige fordi de er vert for en bemerkelsesverdig <strong>Biodiversitet<\/strong> og betinget trenden til<strong> havstr\u00f8mmer<\/strong>. Det ansl\u00e5s at det er om havbunnen over hele verden <strong>over 100 000<\/strong>men forel\u00f8pig er det bare en minimal del.<\/p>\n<h2>Oppdagelsen av ub\u00e5tfjellet i Stillehavet<\/h2>\n<p>Ub\u00e5tfjellet ble oppdaget under <strong>frakt <em>Utover det bl\u00e5 <\/em><\/strong>av NOAA, som utforsker vannet i Palau National Marine Sanctuary, et beskyttet omr\u00e5de av det vestlige Stillehavet som utgj\u00f8r et naturlig laboratorium der vitenskapelig forskning kan utf\u00f8res uforstyrret. Her beveger et s\u00f8keskip p\u00e5 den marine overflaten frem og tilbake som om det var en kutter. Under skroget a <strong>ekkolodd<\/strong> Den avgir et knippe lydb\u00f8lger som spretter p\u00e5 bakteppet og g\u00e5r tilbake: Fra tiden brukt mellom sending og retur av signalet er det mulig \u00e5 oppn\u00e5 dybden p\u00e5 havbunnen og rekonstruere hvordan det gj\u00f8res. Dataene som er oppn\u00e5dd brukes til \u00e5 opprette <strong>Kart med h\u00f8y oppl\u00f8sning<\/strong> viser havbunnen med alle detaljer, inkludert undervannsfjellene.<\/p>\n<div class=\"cp_wrapper cp_wrapper--fw mb-50\">\n<figure class=\"mm\"><picture class=\"img\" style=\"padding-top:68.187579214195%\"><source  media=\"(min-width: 1024px)\"><source  media=\"(min-width: 768px)\"><img decoding=\"async\" loading=\"lazy\" src=\"https:\/\/nordnesrepublikken.no\/wp-content\/uploads\/2025\/09\/1759157406_830_Et-stort-ubatfjell-4200-meter-hoyt-i-Stillehavet.jpg\" alt=\"Bilde\" width=\"1578\" height=\"1076\"\/><\/source><\/source><\/picture><\/figure>\n<\/p><\/div>\n<p>I dette tilfellet <em>kj\u00f8nn<\/em> Avdekket har overraskende dimensjoner: <strong>stiger <\/strong>Over havbunnen for <strong>4200 m<\/strong>en verdi som tilsvarer midten av h\u00f8yden til Everest. Toppen er relativt grunt, siden den bare finnes <strong>240 m under overflaten<\/strong> av havet. I fremtiden forventes det \u00e5 bruke kartet over dette omr\u00e5det for \u00e5 utforske det p\u00e5 n\u00e6rt hold gjennom <strong>Fjernkontrollerte kj\u00f8ret\u00f8yer<\/strong> (Rov, eksternt betjent kj\u00f8ret\u00f8y). P\u00e5 denne m\u00e5ten kan du utdype kunnskapen din om <em>kj\u00f8nn<\/em> Fra et geologisk og biologisk synspunkt. Disse relieffene er vert for en <strong>Bemerkelsesverdig biologisk mangfold<\/strong>. Faktisk utgj\u00f8r de et ideelt habitat for fisk, krepsdyr, kefalopoder og svamper og koraller som finner hold i bakkene.<\/p>\n<div class=\"cp_wrapper cp_wrapper--fw mb-50\">\n<figure class=\"mm\"><picture class=\"img\" style=\"padding-top:60%\"><source  media=\"(min-width: 1024px)\"><source  media=\"(min-width: 768px)\"><img decoding=\"async\" loading=\"lazy\" src=\"https:\/\/nordnesrepublikken.no\/wp-content\/uploads\/2025\/09\/1759157406_358_Et-stort-ubatfjell-4200-meter-hoyt-i-Stillehavet.jpg\" alt=\"Bilde\" width=\"2500\" height=\"1500\" class=\"js-seedtag-img\"\/><\/source><\/source><\/picture><\/figure>\n<\/p><\/div>\n<h2>Fordi det er viktig \u00e5 vite eksistensen av <em>kj\u00f8nn<\/em> P\u00e5 havbunnen<\/h2>\n<p>Til dags dato er det bare en minimal del av undervannsfjellene som eksisterer p\u00e5 planeten v\u00e5r er blitt identifisert: det er ansl\u00e5tt at det totalt er det <strong>100 000<\/strong> Og at mer enn halvparten er i Stillehavet. Mer generelt, s\u00e5 langt bare <strong>25% av havbunnen<\/strong> Oceanici ble utforsket og kartlagt i detalj. M\u00e5let, innen 2030, er \u00e5 kartlegge dem helt. \u00c5 kjenne deres batimetri p\u00e5 en presis m\u00e5te, og derfor muligens tilstedev\u00e6relse av nedsenkede t\u00f8rketrommel og lettelser, gj\u00f8r det mulig \u00e5 redusere <strong>farer for navigasjon<\/strong>b\u00e5de p\u00e5 overflaten og ub\u00e5ten. Kunnskap om havbunnens morfologi forbedrer ogs\u00e5 forst\u00e5elsen av utbredelsen av b\u00f8lgene av <strong>tsunami<\/strong> og hvordan de beveger seg <strong>havstr\u00f8mmer<\/strong>.<\/p>\n<div class=\"cp_wrapper cp_wrapper--fw mb-50\">\n<figure class=\"mm\"><picture class=\"img\" style=\"padding-top:58.677098150782%\"><source  media=\"(min-width: 1024px)\"><source  media=\"(min-width: 768px)\"><img decoding=\"async\" loading=\"lazy\" src=\"https:\/\/nordnesrepublikken.no\/wp-content\/uploads\/2025\/09\/1759157406_768_Et-stort-ubatfjell-4200-meter-hoyt-i-Stillehavet.jpg\" alt=\"Bilde\" width=\"1406\" height=\"825\"\/><\/source><\/source><\/picture><\/figure>\n<\/p><\/div>\n<\/p><\/div>\n","protected":false},"excerpt":{"rendered":"<p>Et stort ub\u00e5tfjell (kj\u00f8nn) 4200 m h\u00f8yt over havbunnen ble oppdaget av forskerne av NOAA<\/p>\n","protected":false},"author":1,"featured_media":10085,"comment_status":"closed","ping_status":"open","sticky":false,"template":"","format":"standard","meta":{"footnotes":""},"categories":[26],"tags":[3217,312,191,3205,6628],"class_list":["post-10084","post","type-post","status-publish","format-standard","has-post-thumbnail","hentry","category-miljo","tag-hoyt","tag-meter","tag-stillehavet","tag-stort","tag-ubatfjell","generate-columns","tablet-grid-50","mobile-grid-100","grid-parent","grid-33","resize-featured-image"],"yoast_head":"<!-- This site is optimized with the Yoast SEO plugin v24.4 - https:\/\/yoast.com\/wordpress\/plugins\/seo\/ -->\n<title>Et stort ub\u00e5tfjell 4200 meter h\u00f8yt i Stillehavet - Nordnesrepublikken<\/title>\n<meta name=\"robots\" content=\"index, follow, max-snippet:-1, max-image-preview:large, max-video-preview:-1\" \/>\n<link rel=\"canonical\" href=\"https:\/\/nordnesrepublikken.no\/index.php\/2025\/09\/29\/et-stort-ubatfjell-4200-meter-hoyt-i-stillehavet\/\" \/>\n<meta property=\"og:locale\" content=\"nb_NO\" \/>\n<meta property=\"og:type\" content=\"article\" \/>\n<meta property=\"og:title\" content=\"Et stort ub\u00e5tfjell 4200 meter h\u00f8yt i Stillehavet - Nordnesrepublikken\" \/>\n<meta property=\"og:description\" content=\"Et stort ub\u00e5tfjell (kj\u00f8nn) 4200 m h\u00f8yt over havbunnen ble oppdaget av forskerne av NOAA\" \/>\n<meta property=\"og:url\" content=\"https:\/\/nordnesrepublikken.no\/index.php\/2025\/09\/29\/et-stort-ubatfjell-4200-meter-hoyt-i-stillehavet\/\" \/>\n<meta property=\"og:site_name\" content=\"Nordnesrepublikken\" \/>\n<meta property=\"article:published_time\" content=\"2025-09-29T14:50:06+00:00\" \/>\n<meta property=\"article:modified_time\" content=\"2025-09-29T14:50:08+00:00\" \/>\n<meta property=\"og:image\" content=\"https:\/\/nordnesrepublikken.no\/wp-content\/uploads\/2025\/09\/1759157407_Et-stort-ubatfjell-4200-meter-hoyt-i-Stillehavet.jpg\" \/>\n\t<meta property=\"og:image:width\" content=\"1290\" \/>\n\t<meta property=\"og:image:height\" content=\"774\" \/>\n\t<meta property=\"og:image:type\" content=\"image\/jpeg\" \/>\n<meta name=\"author\" content=\"Ole Andersen\" \/>\n<meta name=\"twitter:card\" content=\"summary_large_image\" \/>\n<meta name=\"twitter:label1\" content=\"Skrevet av\" \/>\n\t<meta name=\"twitter:data1\" content=\"Ole Andersen\" \/>\n\t<meta name=\"twitter:label2\" content=\"Ansl. lesetid\" \/>\n\t<meta name=\"twitter:data2\" content=\"2 minutter\" \/>\n<script type=\"application\/ld+json\" class=\"yoast-schema-graph\">{\"@context\":\"https:\/\/schema.org\",\"@graph\":[{\"@type\":\"Article\",\"@id\":\"https:\/\/nordnesrepublikken.no\/index.php\/2025\/09\/29\/et-stort-ubatfjell-4200-meter-hoyt-i-stillehavet\/#article\",\"isPartOf\":{\"@id\":\"https:\/\/nordnesrepublikken.no\/index.php\/2025\/09\/29\/et-stort-ubatfjell-4200-meter-hoyt-i-stillehavet\/\"},\"author\":{\"name\":\"Ole Andersen\",\"@id\":\"https:\/\/nordnesrepublikken.no\/#\/schema\/person\/2e7e81935bab77882fffb79296240ff1\"},\"headline\":\"Et stort ub\u00e5tfjell 4200 meter h\u00f8yt i Stillehavet\",\"datePublished\":\"2025-09-29T14:50:06+00:00\",\"dateModified\":\"2025-09-29T14:50:08+00:00\",\"mainEntityOfPage\":{\"@id\":\"https:\/\/nordnesrepublikken.no\/index.php\/2025\/09\/29\/et-stort-ubatfjell-4200-meter-hoyt-i-stillehavet\/\"},\"wordCount\":482,\"publisher\":{\"@id\":\"https:\/\/nordnesrepublikken.no\/#organization\"},\"image\":{\"@id\":\"https:\/\/nordnesrepublikken.no\/index.php\/2025\/09\/29\/et-stort-ubatfjell-4200-meter-hoyt-i-stillehavet\/#primaryimage\"},\"thumbnailUrl\":\"https:\/\/nordnesrepublikken.no\/wp-content\/uploads\/2025\/09\/1759157407_Et-stort-ubatfjell-4200-meter-hoyt-i-Stillehavet.jpg\",\"keywords\":[\"h\u00f8yt\",\"meter\",\"Stillehavet\",\"stort\",\"ub\u00e5tfjell\"],\"articleSection\":[\"Milj\u00f8\"],\"inLanguage\":\"nb-NO\"},{\"@type\":\"WebPage\",\"@id\":\"https:\/\/nordnesrepublikken.no\/index.php\/2025\/09\/29\/et-stort-ubatfjell-4200-meter-hoyt-i-stillehavet\/\",\"url\":\"https:\/\/nordnesrepublikken.no\/index.php\/2025\/09\/29\/et-stort-ubatfjell-4200-meter-hoyt-i-stillehavet\/\",\"name\":\"Et stort ub\u00e5tfjell 4200 meter h\u00f8yt i Stillehavet - Nordnesrepublikken\",\"isPartOf\":{\"@id\":\"https:\/\/nordnesrepublikken.no\/#website\"},\"primaryImageOfPage\":{\"@id\":\"https:\/\/nordnesrepublikken.no\/index.php\/2025\/09\/29\/et-stort-ubatfjell-4200-meter-hoyt-i-stillehavet\/#primaryimage\"},\"image\":{\"@id\":\"https:\/\/nordnesrepublikken.no\/index.php\/2025\/09\/29\/et-stort-ubatfjell-4200-meter-hoyt-i-stillehavet\/#primaryimage\"},\"thumbnailUrl\":\"https:\/\/nordnesrepublikken.no\/wp-content\/uploads\/2025\/09\/1759157407_Et-stort-ubatfjell-4200-meter-hoyt-i-Stillehavet.jpg\",\"datePublished\":\"2025-09-29T14:50:06+00:00\",\"dateModified\":\"2025-09-29T14:50:08+00:00\",\"breadcrumb\":{\"@id\":\"https:\/\/nordnesrepublikken.no\/index.php\/2025\/09\/29\/et-stort-ubatfjell-4200-meter-hoyt-i-stillehavet\/#breadcrumb\"},\"inLanguage\":\"nb-NO\",\"potentialAction\":[{\"@type\":\"ReadAction\",\"target\":[\"https:\/\/nordnesrepublikken.no\/index.php\/2025\/09\/29\/et-stort-ubatfjell-4200-meter-hoyt-i-stillehavet\/\"]}]},{\"@type\":\"ImageObject\",\"inLanguage\":\"nb-NO\",\"@id\":\"https:\/\/nordnesrepublikken.no\/index.php\/2025\/09\/29\/et-stort-ubatfjell-4200-meter-hoyt-i-stillehavet\/#primaryimage\",\"url\":\"https:\/\/nordnesrepublikken.no\/wp-content\/uploads\/2025\/09\/1759157407_Et-stort-ubatfjell-4200-meter-hoyt-i-Stillehavet.jpg\",\"contentUrl\":\"https:\/\/nordnesrepublikken.no\/wp-content\/uploads\/2025\/09\/1759157407_Et-stort-ubatfjell-4200-meter-hoyt-i-Stillehavet.jpg\",\"width\":1290,\"height\":774,\"caption\":\"Et stort ub\u00e5tfjell 4200 meter h\u00f8yt i Stillehavet\"},{\"@type\":\"BreadcrumbList\",\"@id\":\"https:\/\/nordnesrepublikken.no\/index.php\/2025\/09\/29\/et-stort-ubatfjell-4200-meter-hoyt-i-stillehavet\/#breadcrumb\",\"itemListElement\":[{\"@type\":\"ListItem\",\"position\":1,\"name\":\"Home\",\"item\":\"https:\/\/nordnesrepublikken.no\/\"},{\"@type\":\"ListItem\",\"position\":2,\"name\":\"Et stort ub\u00e5tfjell 4200 meter h\u00f8yt i Stillehavet\"}]},{\"@type\":\"WebSite\",\"@id\":\"https:\/\/nordnesrepublikken.no\/#website\",\"url\":\"https:\/\/nordnesrepublikken.no\/\",\"name\":\"Nordnesrepublikken\",\"description\":\"Stemmer og Visjoner fra Republikkens Hjerte\",\"publisher\":{\"@id\":\"https:\/\/nordnesrepublikken.no\/#organization\"},\"potentialAction\":[{\"@type\":\"SearchAction\",\"target\":{\"@type\":\"EntryPoint\",\"urlTemplate\":\"https:\/\/nordnesrepublikken.no\/?s={search_term_string}\"},\"query-input\":{\"@type\":\"PropertyValueSpecification\",\"valueRequired\":true,\"valueName\":\"search_term_string\"}}],\"inLanguage\":\"nb-NO\"},{\"@type\":\"Organization\",\"@id\":\"https:\/\/nordnesrepublikken.no\/#organization\",\"name\":\"Nordnesrepublikken\",\"url\":\"https:\/\/nordnesrepublikken.no\/\",\"logo\":{\"@type\":\"ImageObject\",\"inLanguage\":\"nb-NO\",\"@id\":\"https:\/\/nordnesrepublikken.no\/#\/schema\/logo\/image\/\",\"url\":\"https:\/\/nordnesrepublikken.no\/wp-content\/uploads\/2025\/02\/cropped-nordnesrepublikken-2.png\",\"contentUrl\":\"https:\/\/nordnesrepublikken.no\/wp-content\/uploads\/2025\/02\/cropped-nordnesrepublikken-2.png\",\"width\":1248,\"height\":362,\"caption\":\"Nordnesrepublikken\"},\"image\":{\"@id\":\"https:\/\/nordnesrepublikken.no\/#\/schema\/logo\/image\/\"}},{\"@type\":\"Person\",\"@id\":\"https:\/\/nordnesrepublikken.no\/#\/schema\/person\/2e7e81935bab77882fffb79296240ff1\",\"name\":\"Ole Andersen\",\"image\":{\"@type\":\"ImageObject\",\"inLanguage\":\"nb-NO\",\"@id\":\"https:\/\/nordnesrepublikken.no\/#\/schema\/person\/image\/\",\"url\":\"https:\/\/nordnesrepublikken.no\/wp-content\/uploads\/2025\/02\/nordnesrepublikken-2-2-150x150.jpg\",\"contentUrl\":\"https:\/\/nordnesrepublikken.no\/wp-content\/uploads\/2025\/02\/nordnesrepublikken-2-2-150x150.jpg\",\"caption\":\"Ole Andersen\"},\"description\":\"Ettersom jeg vokste opp i Oslo, har jeg alltid v\u00e6rt fascinert av ordenes kraft og deres evne til \u00e5 skape endringer. Etter \u00e5 ha fullf\u00f8rt min utdannelse i kommunikasjon ved Universitetet i Bergen, fikk jeg muligheten til \u00e5 jobbe innen ulike medier, der jeg har s\u00f8kt \u00e5 belyse viktige samfunnssp\u00f8rsm\u00e5l. I dag, som redakt\u00f8r for Nordnesrepublikken, pr\u00f8ver jeg \u00e5 forene min kj\u00e6rlighet for journalistikk med min lidenskap for innovasjon og eventyr.\",\"sameAs\":[\"https:\/\/nordnesrepublikken.no\/\"]}]}<\/script>\n<!-- \/ Yoast SEO plugin. -->","yoast_head_json":{"title":"Et stort ub\u00e5tfjell 4200 meter h\u00f8yt i Stillehavet - Nordnesrepublikken","robots":{"index":"index","follow":"follow","max-snippet":"max-snippet:-1","max-image-preview":"max-image-preview:large","max-video-preview":"max-video-preview:-1"},"canonical":"https:\/\/nordnesrepublikken.no\/index.php\/2025\/09\/29\/et-stort-ubatfjell-4200-meter-hoyt-i-stillehavet\/","og_locale":"nb_NO","og_type":"article","og_title":"Et stort ub\u00e5tfjell 4200 meter h\u00f8yt i Stillehavet - Nordnesrepublikken","og_description":"Et stort ub\u00e5tfjell (kj\u00f8nn) 4200 m h\u00f8yt over havbunnen ble oppdaget av forskerne av NOAA","og_url":"https:\/\/nordnesrepublikken.no\/index.php\/2025\/09\/29\/et-stort-ubatfjell-4200-meter-hoyt-i-stillehavet\/","og_site_name":"Nordnesrepublikken","article_published_time":"2025-09-29T14:50:06+00:00","article_modified_time":"2025-09-29T14:50:08+00:00","og_image":[{"width":1290,"height":774,"url":"https:\/\/nordnesrepublikken.no\/wp-content\/uploads\/2025\/09\/1759157407_Et-stort-ubatfjell-4200-meter-hoyt-i-Stillehavet.jpg","type":"image\/jpeg"}],"author":"Ole Andersen","twitter_card":"summary_large_image","twitter_misc":{"Skrevet av":"Ole Andersen","Ansl. lesetid":"2 minutter"},"schema":{"@context":"https:\/\/schema.org","@graph":[{"@type":"Article","@id":"https:\/\/nordnesrepublikken.no\/index.php\/2025\/09\/29\/et-stort-ubatfjell-4200-meter-hoyt-i-stillehavet\/#article","isPartOf":{"@id":"https:\/\/nordnesrepublikken.no\/index.php\/2025\/09\/29\/et-stort-ubatfjell-4200-meter-hoyt-i-stillehavet\/"},"author":{"name":"Ole Andersen","@id":"https:\/\/nordnesrepublikken.no\/#\/schema\/person\/2e7e81935bab77882fffb79296240ff1"},"headline":"Et stort ub\u00e5tfjell 4200 meter h\u00f8yt i Stillehavet","datePublished":"2025-09-29T14:50:06+00:00","dateModified":"2025-09-29T14:50:08+00:00","mainEntityOfPage":{"@id":"https:\/\/nordnesrepublikken.no\/index.php\/2025\/09\/29\/et-stort-ubatfjell-4200-meter-hoyt-i-stillehavet\/"},"wordCount":482,"publisher":{"@id":"https:\/\/nordnesrepublikken.no\/#organization"},"image":{"@id":"https:\/\/nordnesrepublikken.no\/index.php\/2025\/09\/29\/et-stort-ubatfjell-4200-meter-hoyt-i-stillehavet\/#primaryimage"},"thumbnailUrl":"https:\/\/nordnesrepublikken.no\/wp-content\/uploads\/2025\/09\/1759157407_Et-stort-ubatfjell-4200-meter-hoyt-i-Stillehavet.jpg","keywords":["h\u00f8yt","meter","Stillehavet","stort","ub\u00e5tfjell"],"articleSection":["Milj\u00f8"],"inLanguage":"nb-NO"},{"@type":"WebPage","@id":"https:\/\/nordnesrepublikken.no\/index.php\/2025\/09\/29\/et-stort-ubatfjell-4200-meter-hoyt-i-stillehavet\/","url":"https:\/\/nordnesrepublikken.no\/index.php\/2025\/09\/29\/et-stort-ubatfjell-4200-meter-hoyt-i-stillehavet\/","name":"Et stort ub\u00e5tfjell 4200 meter h\u00f8yt i Stillehavet - Nordnesrepublikken","isPartOf":{"@id":"https:\/\/nordnesrepublikken.no\/#website"},"primaryImageOfPage":{"@id":"https:\/\/nordnesrepublikken.no\/index.php\/2025\/09\/29\/et-stort-ubatfjell-4200-meter-hoyt-i-stillehavet\/#primaryimage"},"image":{"@id":"https:\/\/nordnesrepublikken.no\/index.php\/2025\/09\/29\/et-stort-ubatfjell-4200-meter-hoyt-i-stillehavet\/#primaryimage"},"thumbnailUrl":"https:\/\/nordnesrepublikken.no\/wp-content\/uploads\/2025\/09\/1759157407_Et-stort-ubatfjell-4200-meter-hoyt-i-Stillehavet.jpg","datePublished":"2025-09-29T14:50:06+00:00","dateModified":"2025-09-29T14:50:08+00:00","breadcrumb":{"@id":"https:\/\/nordnesrepublikken.no\/index.php\/2025\/09\/29\/et-stort-ubatfjell-4200-meter-hoyt-i-stillehavet\/#breadcrumb"},"inLanguage":"nb-NO","potentialAction":[{"@type":"ReadAction","target":["https:\/\/nordnesrepublikken.no\/index.php\/2025\/09\/29\/et-stort-ubatfjell-4200-meter-hoyt-i-stillehavet\/"]}]},{"@type":"ImageObject","inLanguage":"nb-NO","@id":"https:\/\/nordnesrepublikken.no\/index.php\/2025\/09\/29\/et-stort-ubatfjell-4200-meter-hoyt-i-stillehavet\/#primaryimage","url":"https:\/\/nordnesrepublikken.no\/wp-content\/uploads\/2025\/09\/1759157407_Et-stort-ubatfjell-4200-meter-hoyt-i-Stillehavet.jpg","contentUrl":"https:\/\/nordnesrepublikken.no\/wp-content\/uploads\/2025\/09\/1759157407_Et-stort-ubatfjell-4200-meter-hoyt-i-Stillehavet.jpg","width":1290,"height":774,"caption":"Et stort ub\u00e5tfjell 4200 meter h\u00f8yt i Stillehavet"},{"@type":"BreadcrumbList","@id":"https:\/\/nordnesrepublikken.no\/index.php\/2025\/09\/29\/et-stort-ubatfjell-4200-meter-hoyt-i-stillehavet\/#breadcrumb","itemListElement":[{"@type":"ListItem","position":1,"name":"Home","item":"https:\/\/nordnesrepublikken.no\/"},{"@type":"ListItem","position":2,"name":"Et stort ub\u00e5tfjell 4200 meter h\u00f8yt i Stillehavet"}]},{"@type":"WebSite","@id":"https:\/\/nordnesrepublikken.no\/#website","url":"https:\/\/nordnesrepublikken.no\/","name":"Nordnesrepublikken","description":"Stemmer og Visjoner fra Republikkens Hjerte","publisher":{"@id":"https:\/\/nordnesrepublikken.no\/#organization"},"potentialAction":[{"@type":"SearchAction","target":{"@type":"EntryPoint","urlTemplate":"https:\/\/nordnesrepublikken.no\/?s={search_term_string}"},"query-input":{"@type":"PropertyValueSpecification","valueRequired":true,"valueName":"search_term_string"}}],"inLanguage":"nb-NO"},{"@type":"Organization","@id":"https:\/\/nordnesrepublikken.no\/#organization","name":"Nordnesrepublikken","url":"https:\/\/nordnesrepublikken.no\/","logo":{"@type":"ImageObject","inLanguage":"nb-NO","@id":"https:\/\/nordnesrepublikken.no\/#\/schema\/logo\/image\/","url":"https:\/\/nordnesrepublikken.no\/wp-content\/uploads\/2025\/02\/cropped-nordnesrepublikken-2.png","contentUrl":"https:\/\/nordnesrepublikken.no\/wp-content\/uploads\/2025\/02\/cropped-nordnesrepublikken-2.png","width":1248,"height":362,"caption":"Nordnesrepublikken"},"image":{"@id":"https:\/\/nordnesrepublikken.no\/#\/schema\/logo\/image\/"}},{"@type":"Person","@id":"https:\/\/nordnesrepublikken.no\/#\/schema\/person\/2e7e81935bab77882fffb79296240ff1","name":"Ole Andersen","image":{"@type":"ImageObject","inLanguage":"nb-NO","@id":"https:\/\/nordnesrepublikken.no\/#\/schema\/person\/image\/","url":"https:\/\/nordnesrepublikken.no\/wp-content\/uploads\/2025\/02\/nordnesrepublikken-2-2-150x150.jpg","contentUrl":"https:\/\/nordnesrepublikken.no\/wp-content\/uploads\/2025\/02\/nordnesrepublikken-2-2-150x150.jpg","caption":"Ole Andersen"},"description":"Ettersom jeg vokste opp i Oslo, har jeg alltid v\u00e6rt fascinert av ordenes kraft og deres evne til \u00e5 skape endringer. Etter \u00e5 ha fullf\u00f8rt min utdannelse i kommunikasjon ved Universitetet i Bergen, fikk jeg muligheten til \u00e5 jobbe innen ulike medier, der jeg har s\u00f8kt \u00e5 belyse viktige samfunnssp\u00f8rsm\u00e5l. I dag, som redakt\u00f8r for Nordnesrepublikken, pr\u00f8ver jeg \u00e5 forene min kj\u00e6rlighet for journalistikk med min lidenskap for innovasjon og eventyr.","sameAs":["https:\/\/nordnesrepublikken.no\/"]}]}},"_links":{"self":[{"href":"https:\/\/nordnesrepublikken.no\/index.php\/wp-json\/wp\/v2\/posts\/10084","targetHints":{"allow":["GET"]}}],"collection":[{"href":"https:\/\/nordnesrepublikken.no\/index.php\/wp-json\/wp\/v2\/posts"}],"about":[{"href":"https:\/\/nordnesrepublikken.no\/index.php\/wp-json\/wp\/v2\/types\/post"}],"author":[{"embeddable":true,"href":"https:\/\/nordnesrepublikken.no\/index.php\/wp-json\/wp\/v2\/users\/1"}],"replies":[{"embeddable":true,"href":"https:\/\/nordnesrepublikken.no\/index.php\/wp-json\/wp\/v2\/comments?post=10084"}],"version-history":[{"count":1,"href":"https:\/\/nordnesrepublikken.no\/index.php\/wp-json\/wp\/v2\/posts\/10084\/revisions"}],"predecessor-version":[{"id":10086,"href":"https:\/\/nordnesrepublikken.no\/index.php\/wp-json\/wp\/v2\/posts\/10084\/revisions\/10086"}],"wp:featuredmedia":[{"embeddable":true,"href":"https:\/\/nordnesrepublikken.no\/index.php\/wp-json\/wp\/v2\/media\/10085"}],"wp:attachment":[{"href":"https:\/\/nordnesrepublikken.no\/index.php\/wp-json\/wp\/v2\/media?parent=10084"}],"wp:term":[{"taxonomy":"category","embeddable":true,"href":"https:\/\/nordnesrepublikken.no\/index.php\/wp-json\/wp\/v2\/categories?post=10084"},{"taxonomy":"post_tag","embeddable":true,"href":"https:\/\/nordnesrepublikken.no\/index.php\/wp-json\/wp\/v2\/tags?post=10084"}],"curies":[{"name":"wp","href":"https:\/\/api.w.org\/{rel}","templated":true}]}}