{"id":10078,"date":"2025-09-29T12:49:51","date_gmt":"2025-09-29T10:49:51","guid":{"rendered":"https:\/\/nordnesrepublikken.no\/index.php\/2025\/09\/29\/fordi-vi-tror-vi-er-bedre-enn-de-andre-som-kjorer-jo-bedre-stan-gjennomsnittlig-effekt\/"},"modified":"2025-09-29T12:50:00","modified_gmt":"2025-09-29T10:50:00","slug":"fordi-vi-tror-vi-er-bedre-enn-de-andre-som-kjorer-jo-bedre-stan-gjennomsnittlig-effekt","status":"publish","type":"post","link":"https:\/\/nordnesrepublikken.no\/index.php\/2025\/09\/29\/fordi-vi-tror-vi-er-bedre-enn-de-andre-som-kjorer-jo-bedre-stan-gjennomsnittlig-effekt\/","title":{"rendered":"Fordi vi tror vi er bedre enn de andre som kj\u00f8rer: jo bedre-stan-gjennomsnittlig effekt"},"content":{"rendered":"<div>\n<div class=\"cp_wrapper cp_wrapper--fw mb-30 mb-20@tablet\">\n<figure class=\"mm\"><picture class=\"img\" style=\"padding-top:56.25%\"><source  media=\"(min-width: 1024px)\"><source  media=\"(min-width: 768px)\"><\/source><\/source><\/picture><\/figure>\n<\/p><\/div>\n<p>Effekten <em>Bedre-Stan-gjennomsnitt <\/em>Det er den m\u00e5ten \u00e5 tenke at vi tror det bedre enn de andre. For eksempel, hvis de spurte oss om vi er mer <strong>god til \u00e5 kj\u00f8re bil<\/strong> Sammenlignet med gjennomsnittet, vil vi sannsynligvis svare ja. Likevel, hvis vi slutter \u00e5 reflektere, er det noe som ikke kommer tilbake: hvis vi alle tror vi leder bedre enn andre, er noen helt klart feil. De <b><em>Bedre-Stan-gjennomsnitt<\/em> <em>Effekt <\/em><\/b>(p\u00e5 italiensk &laquo;beste av gjennomsnittet&raquo; effekten) sies det ogs\u00e5 illusjon av overlegenhet og er p\u00e5 alle m\u00e5ter en <b>Kognitiv skjevhet<\/b>det vil si en systematisk feil i v\u00e5r m\u00e5te \u00e5 resonnere, noe som i dette tilfellet f\u00f8rer til at vi tror vi er bedre enn gjennomsnittet p\u00e5 mange forskjellige omr\u00e5der.<\/p>\n<p>Effektene av denne skjevheten p\u00e5 sj\u00e5f\u00f8rer har blitt studert systematisk siden 1980 -tallet. I <strong>Stater<\/strong> <strong>Forent<\/strong>for eksempel utover <strong>90%<\/strong> Bilistene antok \u00e5 kj\u00f8re bedre enn gjennomsnittet. I <strong>Norge<\/strong> Prosentandelen synker, men forblir fortsatt h\u00f8y, rundt <strong>69%<\/strong>. Lignende studier har ogs\u00e5 blitt utf\u00f8rt i Tyskland, Polen, Frankrike og Storbritannia, med sammenhengende resultater: Den bedre enn gjennomsnittet effekten presenterer seg overalt, selv om med <strong>forskjellige intensiteter<\/strong> avhengig av kulturell kontekst.<\/p>\n<p>La oss se hva denne effekten er, hva som er hovedstudiene som kobler den til kj\u00f8ring, og hvilke konsekvenser kan ha.<\/p>\n<h2><b>Hva er den bedre-stan-gjennomsnittlige effekten: funksjonene<\/b><\/h2>\n<p>Den bedre enn gjennomsnittet effekten er en kognitiv skjevhet, det vil si en systematisk forvrengning av v\u00e5r m\u00e5te \u00e5 tenke p\u00e5. Denne skjevheten tar oss til <b>Overvurderte ferdighetene v\u00e5re<\/b> sammenlignet med andres, spesielt n\u00e5r jeg <strong>Kriterier<\/strong> av evaluering er <b>subjektiv<\/b> eller <b>vanskelig \u00e5 m\u00e5le<\/b>.<\/p>\n<p>For eksempel viste en studie fra 1972 at denne effekten er spesielt sterk n\u00e5r vi m\u00e5 evaluere egenskaper som skj\u00f8nnhet, intelligens eller personlig motivasjon. N\u00e5r i stedet jeg <strong>Kriterier<\/strong> Jeg er <b>objektiv og m\u00e5lbar<\/b> &#8211; som hvor mange kilo du kan l\u00f8fte eller hvor mange sekunder som l\u00f8per 100 meter &#8211; <strong>skjevhet<\/strong> har en tendens til <strong>forsvinne<\/strong>.<\/p>\n<h2><b>Den bedre-stan-gjennomsnittlige effekten blant drivere<\/b><\/h2>\n<p>Den mest kjente studien p\u00e5 dette fenomenet som ble brukt p\u00e5 guiden stammer fra 1981. En forsker fra University of Stockholm, Ola Svenson, spurte en <strong>161 studenter<\/strong> &#8211; Halvparten av USA og halvparten av svensker &#8211; for \u00e5 evaluere hvor mye de var <strong>i stand til<\/strong> Og <strong>forsvarlig<\/strong> kj\u00f8ring sammenlignet med andre deltakere i eksperimentet. De ba om \u00e5 plassere seg p\u00e5 to trapper: en for ferdigheten (fra mindre til mer dyktig) og en for forsiktighet (fra mindre til mer forsvarlig). Han var <strong>de fleste<\/strong> av deltakerne ble vurdert <strong>bedre og mer forsiktig enn andre<\/strong> Studere deltakere. Spesielt:<\/p>\n<ul>\n<li>de<strong>88%<\/strong> av USA og <strong>77%<\/strong> av svenskene trodde han at han var mer <strong>forsvarlig<\/strong> av andre;<\/li>\n<li>De <strong>93%<\/strong> av USA og <strong>69%<\/strong> av svenskene trodde han at han var mer <strong>dyktig<\/strong> av de andre deltakerne.<\/li>\n<\/ul>\n<p>F\u00f8rti \u00e5r senere, i <strong>2023<\/strong>var studien <strong>replikert<\/strong> med en mye bredere mester: <strong>1200 bilister<\/strong> Oss, like delt mellom menn og kvinner. Ogs\u00e5 denne gangen er de fleste overg\u00e5ende ferdigheter: utover <strong>90%<\/strong> av deltakerne sa mer <strong>forsvarlig<\/strong> og om<strong>80%<\/strong> flere <strong>dyktig<\/strong> av de andre sj\u00e5f\u00f8rene.<\/p>\n<p>Det ville v\u00e6re naturlig \u00e5 sp\u00f8rre om denne effekten bare avhenger av det faktum at de er oss, og derfor kulturelt vant til \u00e5 vise seg trygge. Denne typen studier ble imidlertid ogs\u00e5 replikert i Tyskland, Polen, Frankrike og Storbritannia, og i hver av disse delstatene ble det sett at denne effekten presenterte seg, selv om med forskjellig intensitet, veldig avhengig av deltakernes kultur.<\/p>\n<h2>Konsekvensene av den &laquo;beste av gjennomsnittet&raquo; -effekten<\/h2>\n<p>Det er klart det er umulig for 80% av mennesker \u00e5 v\u00e6re bedre og mer forsvarlig enn gjennomsnittet \u00e5 kj\u00f8re. Men hvis s\u00e5 mange mennesker overvurderer kj\u00f8referdighetene sine, kan konsekvensene v\u00e6re serier: de som f\u00f8ler seg overlegne har en tendens til <strong>Ta mer risikoer<\/strong> og \u00e5 ha mindre bevissthet om ens feil.<\/p>\n<p>I studio p\u00e5 80 -tallet beskylder Svenson <strong>feil<\/strong> fra <strong>landskap<\/strong> for <strong>trafikksikkerhet<\/strong> Bare ved bedre enn gjennomsnittet. Hvorfor skal vi ta hensyn til anbefalingene rettet mot alle sj\u00e5f\u00f8rer hvis vi f\u00f8ler oss mer dyktige og mer forsiktige enn gjennomsnittet?<\/p>\n<p>Denne effekten er imidlertid ikke begrenset til kj\u00f8ring. P\u00e5 syttitallet identifiserte flere studier ham i omr\u00e5der som<strong>etikk<\/strong>The <strong>ledelse<\/strong>The <strong>sans for humor<\/strong> og <strong>profesjonelle ferdigheter<\/strong>. I en studie fra 1977 om virksomhetsledelse, for eksempel, overvurderte begge ledelsesstudenter sine ferdigheter, med resultatet av \u00e5 utdype for optimistiske og risikable strategier og planer.<\/p>\n<p>Den bedre-stan-gjennomsnittlige effekten ber\u00f8rer ogs\u00e5 livene v\u00e5re. For \u00e5 pr\u00f8ve \u00e5 forst\u00e5 hvor mye denne skjevheten p\u00e5virket oss ogs\u00e5, er en enkel \u00f8velse nok: vi viser aspektene i livet v\u00e5rt som vi anser som viktige og sp\u00f8r oss selv, for hver enkelt, hvis vi anser oss over gjennomsnittet. Hvis svaret nesten alltid er &laquo;ja&raquo;, falt vi ogs\u00e5 i fellen av den bedre enn gjennomsnittet effekten.<\/p>\n<\/p><\/div>\n","protected":false},"excerpt":{"rendered":"<p>Effekten Bedre-Stan-gjennomsnitt Det er den m\u00e5ten \u00e5 tenke at vi tror det bedre enn de<\/p>\n","protected":false},"author":1,"featured_media":10079,"comment_status":"closed","ping_status":"open","sticky":false,"template":"","format":"standard","meta":{"footnotes":""},"categories":[104],"tags":[222,791,6622,6623,380,83,764,31,2645],"class_list":["post-10078","post","type-post","status-publish","format-standard","has-post-thumbnail","hentry","category-samfunn","tag-andre","tag-bedre","tag-bedrestangjennomsnittlig","tag-effekt","tag-enn","tag-fordi","tag-kjorer","tag-som","tag-tror","generate-columns","tablet-grid-50","mobile-grid-100","grid-parent","grid-33","resize-featured-image"],"yoast_head":"<!-- This site is optimized with the Yoast SEO plugin v24.4 - https:\/\/yoast.com\/wordpress\/plugins\/seo\/ -->\n<title>Fordi vi tror vi er bedre enn de andre som kj\u00f8rer: jo bedre-stan-gjennomsnittlig effekt - Nordnesrepublikken<\/title>\n<meta name=\"robots\" content=\"index, follow, max-snippet:-1, max-image-preview:large, max-video-preview:-1\" \/>\n<link rel=\"canonical\" href=\"https:\/\/nordnesrepublikken.no\/index.php\/2025\/09\/29\/fordi-vi-tror-vi-er-bedre-enn-de-andre-som-kjorer-jo-bedre-stan-gjennomsnittlig-effekt\/\" \/>\n<meta property=\"og:locale\" content=\"nb_NO\" \/>\n<meta property=\"og:type\" content=\"article\" \/>\n<meta property=\"og:title\" content=\"Fordi vi tror vi er bedre enn de andre som kj\u00f8rer: jo bedre-stan-gjennomsnittlig effekt - Nordnesrepublikken\" \/>\n<meta property=\"og:description\" content=\"Effekten Bedre-Stan-gjennomsnitt Det er den m\u00e5ten \u00e5 tenke at vi tror det bedre enn de\" \/>\n<meta property=\"og:url\" content=\"https:\/\/nordnesrepublikken.no\/index.php\/2025\/09\/29\/fordi-vi-tror-vi-er-bedre-enn-de-andre-som-kjorer-jo-bedre-stan-gjennomsnittlig-effekt\/\" \/>\n<meta property=\"og:site_name\" content=\"Nordnesrepublikken\" \/>\n<meta property=\"article:published_time\" content=\"2025-09-29T10:49:51+00:00\" \/>\n<meta property=\"article:modified_time\" content=\"2025-09-29T10:50:00+00:00\" \/>\n<meta property=\"og:image\" content=\"https:\/\/nordnesrepublikken.no\/wp-content\/uploads\/2025\/09\/1759142991_Fordi-vi-tror-vi-er-bedre-enn-de-andre-som-scaled.jpg\" \/>\n\t<meta property=\"og:image:width\" content=\"2560\" \/>\n\t<meta property=\"og:image:height\" content=\"1440\" \/>\n\t<meta property=\"og:image:type\" content=\"image\/jpeg\" \/>\n<meta name=\"author\" content=\"Ole Andersen\" \/>\n<meta name=\"twitter:card\" content=\"summary_large_image\" \/>\n<meta name=\"twitter:label1\" content=\"Skrevet av\" \/>\n\t<meta name=\"twitter:data1\" content=\"Ole Andersen\" \/>\n\t<meta name=\"twitter:label2\" content=\"Ansl. lesetid\" \/>\n\t<meta name=\"twitter:data2\" content=\"4 minutter\" \/>\n<script type=\"application\/ld+json\" class=\"yoast-schema-graph\">{\"@context\":\"https:\/\/schema.org\",\"@graph\":[{\"@type\":\"Article\",\"@id\":\"https:\/\/nordnesrepublikken.no\/index.php\/2025\/09\/29\/fordi-vi-tror-vi-er-bedre-enn-de-andre-som-kjorer-jo-bedre-stan-gjennomsnittlig-effekt\/#article\",\"isPartOf\":{\"@id\":\"https:\/\/nordnesrepublikken.no\/index.php\/2025\/09\/29\/fordi-vi-tror-vi-er-bedre-enn-de-andre-som-kjorer-jo-bedre-stan-gjennomsnittlig-effekt\/\"},\"author\":{\"name\":\"Ole Andersen\",\"@id\":\"https:\/\/nordnesrepublikken.no\/#\/schema\/person\/2e7e81935bab77882fffb79296240ff1\"},\"headline\":\"Fordi vi tror vi er bedre enn de andre som kj\u00f8rer: jo bedre-stan-gjennomsnittlig effekt\",\"datePublished\":\"2025-09-29T10:49:51+00:00\",\"dateModified\":\"2025-09-29T10:50:00+00:00\",\"mainEntityOfPage\":{\"@id\":\"https:\/\/nordnesrepublikken.no\/index.php\/2025\/09\/29\/fordi-vi-tror-vi-er-bedre-enn-de-andre-som-kjorer-jo-bedre-stan-gjennomsnittlig-effekt\/\"},\"wordCount\":803,\"publisher\":{\"@id\":\"https:\/\/nordnesrepublikken.no\/#organization\"},\"image\":{\"@id\":\"https:\/\/nordnesrepublikken.no\/index.php\/2025\/09\/29\/fordi-vi-tror-vi-er-bedre-enn-de-andre-som-kjorer-jo-bedre-stan-gjennomsnittlig-effekt\/#primaryimage\"},\"thumbnailUrl\":\"https:\/\/nordnesrepublikken.no\/wp-content\/uploads\/2025\/09\/1759142991_Fordi-vi-tror-vi-er-bedre-enn-de-andre-som-scaled.jpg\",\"keywords\":[\"andre\",\"bedre\",\"bedrestangjennomsnittlig\",\"effekt\",\"enn\",\"Fordi\",\"kj\u00f8rer\",\"som\",\"Tror\"],\"articleSection\":[\"Samfunn\"],\"inLanguage\":\"nb-NO\"},{\"@type\":\"WebPage\",\"@id\":\"https:\/\/nordnesrepublikken.no\/index.php\/2025\/09\/29\/fordi-vi-tror-vi-er-bedre-enn-de-andre-som-kjorer-jo-bedre-stan-gjennomsnittlig-effekt\/\",\"url\":\"https:\/\/nordnesrepublikken.no\/index.php\/2025\/09\/29\/fordi-vi-tror-vi-er-bedre-enn-de-andre-som-kjorer-jo-bedre-stan-gjennomsnittlig-effekt\/\",\"name\":\"Fordi vi tror vi er bedre enn de andre som kj\u00f8rer: jo bedre-stan-gjennomsnittlig effekt - Nordnesrepublikken\",\"isPartOf\":{\"@id\":\"https:\/\/nordnesrepublikken.no\/#website\"},\"primaryImageOfPage\":{\"@id\":\"https:\/\/nordnesrepublikken.no\/index.php\/2025\/09\/29\/fordi-vi-tror-vi-er-bedre-enn-de-andre-som-kjorer-jo-bedre-stan-gjennomsnittlig-effekt\/#primaryimage\"},\"image\":{\"@id\":\"https:\/\/nordnesrepublikken.no\/index.php\/2025\/09\/29\/fordi-vi-tror-vi-er-bedre-enn-de-andre-som-kjorer-jo-bedre-stan-gjennomsnittlig-effekt\/#primaryimage\"},\"thumbnailUrl\":\"https:\/\/nordnesrepublikken.no\/wp-content\/uploads\/2025\/09\/1759142991_Fordi-vi-tror-vi-er-bedre-enn-de-andre-som-scaled.jpg\",\"datePublished\":\"2025-09-29T10:49:51+00:00\",\"dateModified\":\"2025-09-29T10:50:00+00:00\",\"breadcrumb\":{\"@id\":\"https:\/\/nordnesrepublikken.no\/index.php\/2025\/09\/29\/fordi-vi-tror-vi-er-bedre-enn-de-andre-som-kjorer-jo-bedre-stan-gjennomsnittlig-effekt\/#breadcrumb\"},\"inLanguage\":\"nb-NO\",\"potentialAction\":[{\"@type\":\"ReadAction\",\"target\":[\"https:\/\/nordnesrepublikken.no\/index.php\/2025\/09\/29\/fordi-vi-tror-vi-er-bedre-enn-de-andre-som-kjorer-jo-bedre-stan-gjennomsnittlig-effekt\/\"]}]},{\"@type\":\"ImageObject\",\"inLanguage\":\"nb-NO\",\"@id\":\"https:\/\/nordnesrepublikken.no\/index.php\/2025\/09\/29\/fordi-vi-tror-vi-er-bedre-enn-de-andre-som-kjorer-jo-bedre-stan-gjennomsnittlig-effekt\/#primaryimage\",\"url\":\"https:\/\/nordnesrepublikken.no\/wp-content\/uploads\/2025\/09\/1759142991_Fordi-vi-tror-vi-er-bedre-enn-de-andre-som-scaled.jpg\",\"contentUrl\":\"https:\/\/nordnesrepublikken.no\/wp-content\/uploads\/2025\/09\/1759142991_Fordi-vi-tror-vi-er-bedre-enn-de-andre-som-scaled.jpg\",\"width\":2560,\"height\":1440,\"caption\":\"Fordi vi tror vi er bedre enn de andre som kj\u00f8rer: jo bedre-stan-gjennomsnittlig effekt\"},{\"@type\":\"BreadcrumbList\",\"@id\":\"https:\/\/nordnesrepublikken.no\/index.php\/2025\/09\/29\/fordi-vi-tror-vi-er-bedre-enn-de-andre-som-kjorer-jo-bedre-stan-gjennomsnittlig-effekt\/#breadcrumb\",\"itemListElement\":[{\"@type\":\"ListItem\",\"position\":1,\"name\":\"Home\",\"item\":\"https:\/\/nordnesrepublikken.no\/\"},{\"@type\":\"ListItem\",\"position\":2,\"name\":\"Fordi vi tror vi er bedre enn de andre som kj\u00f8rer: jo bedre-stan-gjennomsnittlig effekt\"}]},{\"@type\":\"WebSite\",\"@id\":\"https:\/\/nordnesrepublikken.no\/#website\",\"url\":\"https:\/\/nordnesrepublikken.no\/\",\"name\":\"Nordnesrepublikken\",\"description\":\"Stemmer og Visjoner fra Republikkens Hjerte\",\"publisher\":{\"@id\":\"https:\/\/nordnesrepublikken.no\/#organization\"},\"potentialAction\":[{\"@type\":\"SearchAction\",\"target\":{\"@type\":\"EntryPoint\",\"urlTemplate\":\"https:\/\/nordnesrepublikken.no\/?s={search_term_string}\"},\"query-input\":{\"@type\":\"PropertyValueSpecification\",\"valueRequired\":true,\"valueName\":\"search_term_string\"}}],\"inLanguage\":\"nb-NO\"},{\"@type\":\"Organization\",\"@id\":\"https:\/\/nordnesrepublikken.no\/#organization\",\"name\":\"Nordnesrepublikken\",\"url\":\"https:\/\/nordnesrepublikken.no\/\",\"logo\":{\"@type\":\"ImageObject\",\"inLanguage\":\"nb-NO\",\"@id\":\"https:\/\/nordnesrepublikken.no\/#\/schema\/logo\/image\/\",\"url\":\"https:\/\/nordnesrepublikken.no\/wp-content\/uploads\/2025\/02\/cropped-nordnesrepublikken-2.png\",\"contentUrl\":\"https:\/\/nordnesrepublikken.no\/wp-content\/uploads\/2025\/02\/cropped-nordnesrepublikken-2.png\",\"width\":1248,\"height\":362,\"caption\":\"Nordnesrepublikken\"},\"image\":{\"@id\":\"https:\/\/nordnesrepublikken.no\/#\/schema\/logo\/image\/\"}},{\"@type\":\"Person\",\"@id\":\"https:\/\/nordnesrepublikken.no\/#\/schema\/person\/2e7e81935bab77882fffb79296240ff1\",\"name\":\"Ole Andersen\",\"image\":{\"@type\":\"ImageObject\",\"inLanguage\":\"nb-NO\",\"@id\":\"https:\/\/nordnesrepublikken.no\/#\/schema\/person\/image\/\",\"url\":\"https:\/\/nordnesrepublikken.no\/wp-content\/uploads\/2025\/02\/nordnesrepublikken-2-2-150x150.jpg\",\"contentUrl\":\"https:\/\/nordnesrepublikken.no\/wp-content\/uploads\/2025\/02\/nordnesrepublikken-2-2-150x150.jpg\",\"caption\":\"Ole Andersen\"},\"description\":\"Ettersom jeg vokste opp i Oslo, har jeg alltid v\u00e6rt fascinert av ordenes kraft og deres evne til \u00e5 skape endringer. Etter \u00e5 ha fullf\u00f8rt min utdannelse i kommunikasjon ved Universitetet i Bergen, fikk jeg muligheten til \u00e5 jobbe innen ulike medier, der jeg har s\u00f8kt \u00e5 belyse viktige samfunnssp\u00f8rsm\u00e5l. I dag, som redakt\u00f8r for Nordnesrepublikken, pr\u00f8ver jeg \u00e5 forene min kj\u00e6rlighet for journalistikk med min lidenskap for innovasjon og eventyr.\",\"sameAs\":[\"https:\/\/nordnesrepublikken.no\/\"]}]}<\/script>\n<!-- \/ Yoast SEO plugin. -->","yoast_head_json":{"title":"Fordi vi tror vi er bedre enn de andre som kj\u00f8rer: jo bedre-stan-gjennomsnittlig effekt - Nordnesrepublikken","robots":{"index":"index","follow":"follow","max-snippet":"max-snippet:-1","max-image-preview":"max-image-preview:large","max-video-preview":"max-video-preview:-1"},"canonical":"https:\/\/nordnesrepublikken.no\/index.php\/2025\/09\/29\/fordi-vi-tror-vi-er-bedre-enn-de-andre-som-kjorer-jo-bedre-stan-gjennomsnittlig-effekt\/","og_locale":"nb_NO","og_type":"article","og_title":"Fordi vi tror vi er bedre enn de andre som kj\u00f8rer: jo bedre-stan-gjennomsnittlig effekt - Nordnesrepublikken","og_description":"Effekten Bedre-Stan-gjennomsnitt Det er den m\u00e5ten \u00e5 tenke at vi tror det bedre enn de","og_url":"https:\/\/nordnesrepublikken.no\/index.php\/2025\/09\/29\/fordi-vi-tror-vi-er-bedre-enn-de-andre-som-kjorer-jo-bedre-stan-gjennomsnittlig-effekt\/","og_site_name":"Nordnesrepublikken","article_published_time":"2025-09-29T10:49:51+00:00","article_modified_time":"2025-09-29T10:50:00+00:00","og_image":[{"width":2560,"height":1440,"url":"https:\/\/nordnesrepublikken.no\/wp-content\/uploads\/2025\/09\/1759142991_Fordi-vi-tror-vi-er-bedre-enn-de-andre-som-scaled.jpg","type":"image\/jpeg"}],"author":"Ole Andersen","twitter_card":"summary_large_image","twitter_misc":{"Skrevet av":"Ole Andersen","Ansl. lesetid":"4 minutter"},"schema":{"@context":"https:\/\/schema.org","@graph":[{"@type":"Article","@id":"https:\/\/nordnesrepublikken.no\/index.php\/2025\/09\/29\/fordi-vi-tror-vi-er-bedre-enn-de-andre-som-kjorer-jo-bedre-stan-gjennomsnittlig-effekt\/#article","isPartOf":{"@id":"https:\/\/nordnesrepublikken.no\/index.php\/2025\/09\/29\/fordi-vi-tror-vi-er-bedre-enn-de-andre-som-kjorer-jo-bedre-stan-gjennomsnittlig-effekt\/"},"author":{"name":"Ole Andersen","@id":"https:\/\/nordnesrepublikken.no\/#\/schema\/person\/2e7e81935bab77882fffb79296240ff1"},"headline":"Fordi vi tror vi er bedre enn de andre som kj\u00f8rer: jo bedre-stan-gjennomsnittlig effekt","datePublished":"2025-09-29T10:49:51+00:00","dateModified":"2025-09-29T10:50:00+00:00","mainEntityOfPage":{"@id":"https:\/\/nordnesrepublikken.no\/index.php\/2025\/09\/29\/fordi-vi-tror-vi-er-bedre-enn-de-andre-som-kjorer-jo-bedre-stan-gjennomsnittlig-effekt\/"},"wordCount":803,"publisher":{"@id":"https:\/\/nordnesrepublikken.no\/#organization"},"image":{"@id":"https:\/\/nordnesrepublikken.no\/index.php\/2025\/09\/29\/fordi-vi-tror-vi-er-bedre-enn-de-andre-som-kjorer-jo-bedre-stan-gjennomsnittlig-effekt\/#primaryimage"},"thumbnailUrl":"https:\/\/nordnesrepublikken.no\/wp-content\/uploads\/2025\/09\/1759142991_Fordi-vi-tror-vi-er-bedre-enn-de-andre-som-scaled.jpg","keywords":["andre","bedre","bedrestangjennomsnittlig","effekt","enn","Fordi","kj\u00f8rer","som","Tror"],"articleSection":["Samfunn"],"inLanguage":"nb-NO"},{"@type":"WebPage","@id":"https:\/\/nordnesrepublikken.no\/index.php\/2025\/09\/29\/fordi-vi-tror-vi-er-bedre-enn-de-andre-som-kjorer-jo-bedre-stan-gjennomsnittlig-effekt\/","url":"https:\/\/nordnesrepublikken.no\/index.php\/2025\/09\/29\/fordi-vi-tror-vi-er-bedre-enn-de-andre-som-kjorer-jo-bedre-stan-gjennomsnittlig-effekt\/","name":"Fordi vi tror vi er bedre enn de andre som kj\u00f8rer: jo bedre-stan-gjennomsnittlig effekt - Nordnesrepublikken","isPartOf":{"@id":"https:\/\/nordnesrepublikken.no\/#website"},"primaryImageOfPage":{"@id":"https:\/\/nordnesrepublikken.no\/index.php\/2025\/09\/29\/fordi-vi-tror-vi-er-bedre-enn-de-andre-som-kjorer-jo-bedre-stan-gjennomsnittlig-effekt\/#primaryimage"},"image":{"@id":"https:\/\/nordnesrepublikken.no\/index.php\/2025\/09\/29\/fordi-vi-tror-vi-er-bedre-enn-de-andre-som-kjorer-jo-bedre-stan-gjennomsnittlig-effekt\/#primaryimage"},"thumbnailUrl":"https:\/\/nordnesrepublikken.no\/wp-content\/uploads\/2025\/09\/1759142991_Fordi-vi-tror-vi-er-bedre-enn-de-andre-som-scaled.jpg","datePublished":"2025-09-29T10:49:51+00:00","dateModified":"2025-09-29T10:50:00+00:00","breadcrumb":{"@id":"https:\/\/nordnesrepublikken.no\/index.php\/2025\/09\/29\/fordi-vi-tror-vi-er-bedre-enn-de-andre-som-kjorer-jo-bedre-stan-gjennomsnittlig-effekt\/#breadcrumb"},"inLanguage":"nb-NO","potentialAction":[{"@type":"ReadAction","target":["https:\/\/nordnesrepublikken.no\/index.php\/2025\/09\/29\/fordi-vi-tror-vi-er-bedre-enn-de-andre-som-kjorer-jo-bedre-stan-gjennomsnittlig-effekt\/"]}]},{"@type":"ImageObject","inLanguage":"nb-NO","@id":"https:\/\/nordnesrepublikken.no\/index.php\/2025\/09\/29\/fordi-vi-tror-vi-er-bedre-enn-de-andre-som-kjorer-jo-bedre-stan-gjennomsnittlig-effekt\/#primaryimage","url":"https:\/\/nordnesrepublikken.no\/wp-content\/uploads\/2025\/09\/1759142991_Fordi-vi-tror-vi-er-bedre-enn-de-andre-som-scaled.jpg","contentUrl":"https:\/\/nordnesrepublikken.no\/wp-content\/uploads\/2025\/09\/1759142991_Fordi-vi-tror-vi-er-bedre-enn-de-andre-som-scaled.jpg","width":2560,"height":1440,"caption":"Fordi vi tror vi er bedre enn de andre som kj\u00f8rer: jo bedre-stan-gjennomsnittlig effekt"},{"@type":"BreadcrumbList","@id":"https:\/\/nordnesrepublikken.no\/index.php\/2025\/09\/29\/fordi-vi-tror-vi-er-bedre-enn-de-andre-som-kjorer-jo-bedre-stan-gjennomsnittlig-effekt\/#breadcrumb","itemListElement":[{"@type":"ListItem","position":1,"name":"Home","item":"https:\/\/nordnesrepublikken.no\/"},{"@type":"ListItem","position":2,"name":"Fordi vi tror vi er bedre enn de andre som kj\u00f8rer: jo bedre-stan-gjennomsnittlig effekt"}]},{"@type":"WebSite","@id":"https:\/\/nordnesrepublikken.no\/#website","url":"https:\/\/nordnesrepublikken.no\/","name":"Nordnesrepublikken","description":"Stemmer og Visjoner fra Republikkens Hjerte","publisher":{"@id":"https:\/\/nordnesrepublikken.no\/#organization"},"potentialAction":[{"@type":"SearchAction","target":{"@type":"EntryPoint","urlTemplate":"https:\/\/nordnesrepublikken.no\/?s={search_term_string}"},"query-input":{"@type":"PropertyValueSpecification","valueRequired":true,"valueName":"search_term_string"}}],"inLanguage":"nb-NO"},{"@type":"Organization","@id":"https:\/\/nordnesrepublikken.no\/#organization","name":"Nordnesrepublikken","url":"https:\/\/nordnesrepublikken.no\/","logo":{"@type":"ImageObject","inLanguage":"nb-NO","@id":"https:\/\/nordnesrepublikken.no\/#\/schema\/logo\/image\/","url":"https:\/\/nordnesrepublikken.no\/wp-content\/uploads\/2025\/02\/cropped-nordnesrepublikken-2.png","contentUrl":"https:\/\/nordnesrepublikken.no\/wp-content\/uploads\/2025\/02\/cropped-nordnesrepublikken-2.png","width":1248,"height":362,"caption":"Nordnesrepublikken"},"image":{"@id":"https:\/\/nordnesrepublikken.no\/#\/schema\/logo\/image\/"}},{"@type":"Person","@id":"https:\/\/nordnesrepublikken.no\/#\/schema\/person\/2e7e81935bab77882fffb79296240ff1","name":"Ole Andersen","image":{"@type":"ImageObject","inLanguage":"nb-NO","@id":"https:\/\/nordnesrepublikken.no\/#\/schema\/person\/image\/","url":"https:\/\/nordnesrepublikken.no\/wp-content\/uploads\/2025\/02\/nordnesrepublikken-2-2-150x150.jpg","contentUrl":"https:\/\/nordnesrepublikken.no\/wp-content\/uploads\/2025\/02\/nordnesrepublikken-2-2-150x150.jpg","caption":"Ole Andersen"},"description":"Ettersom jeg vokste opp i Oslo, har jeg alltid v\u00e6rt fascinert av ordenes kraft og deres evne til \u00e5 skape endringer. Etter \u00e5 ha fullf\u00f8rt min utdannelse i kommunikasjon ved Universitetet i Bergen, fikk jeg muligheten til \u00e5 jobbe innen ulike medier, der jeg har s\u00f8kt \u00e5 belyse viktige samfunnssp\u00f8rsm\u00e5l. I dag, som redakt\u00f8r for Nordnesrepublikken, pr\u00f8ver jeg \u00e5 forene min kj\u00e6rlighet for journalistikk med min lidenskap for innovasjon og eventyr.","sameAs":["https:\/\/nordnesrepublikken.no\/"]}]}},"_links":{"self":[{"href":"https:\/\/nordnesrepublikken.no\/index.php\/wp-json\/wp\/v2\/posts\/10078","targetHints":{"allow":["GET"]}}],"collection":[{"href":"https:\/\/nordnesrepublikken.no\/index.php\/wp-json\/wp\/v2\/posts"}],"about":[{"href":"https:\/\/nordnesrepublikken.no\/index.php\/wp-json\/wp\/v2\/types\/post"}],"author":[{"embeddable":true,"href":"https:\/\/nordnesrepublikken.no\/index.php\/wp-json\/wp\/v2\/users\/1"}],"replies":[{"embeddable":true,"href":"https:\/\/nordnesrepublikken.no\/index.php\/wp-json\/wp\/v2\/comments?post=10078"}],"version-history":[{"count":1,"href":"https:\/\/nordnesrepublikken.no\/index.php\/wp-json\/wp\/v2\/posts\/10078\/revisions"}],"predecessor-version":[{"id":10080,"href":"https:\/\/nordnesrepublikken.no\/index.php\/wp-json\/wp\/v2\/posts\/10078\/revisions\/10080"}],"wp:featuredmedia":[{"embeddable":true,"href":"https:\/\/nordnesrepublikken.no\/index.php\/wp-json\/wp\/v2\/media\/10079"}],"wp:attachment":[{"href":"https:\/\/nordnesrepublikken.no\/index.php\/wp-json\/wp\/v2\/media?parent=10078"}],"wp:term":[{"taxonomy":"category","embeddable":true,"href":"https:\/\/nordnesrepublikken.no\/index.php\/wp-json\/wp\/v2\/categories?post=10078"},{"taxonomy":"post_tag","embeddable":true,"href":"https:\/\/nordnesrepublikken.no\/index.php\/wp-json\/wp\/v2\/tags?post=10078"}],"curies":[{"name":"wp","href":"https:\/\/api.w.org\/{rel}","templated":true}]}}