{"id":10063,"date":"2025-09-28T22:49:47","date_gmt":"2025-09-28T20:49:47","guid":{"rendered":"https:\/\/nordnesrepublikken.no\/index.php\/2025\/09\/28\/rollen-til-den-prefrontale-cortex-og-norepinefrin\/"},"modified":"2025-09-28T22:49:55","modified_gmt":"2025-09-28T20:49:55","slug":"rollen-til-den-prefrontale-cortex-og-norepinefrin","status":"publish","type":"post","link":"https:\/\/nordnesrepublikken.no\/index.php\/2025\/09\/28\/rollen-til-den-prefrontale-cortex-og-norepinefrin\/","title":{"rendered":"Rollen til den prefrontale cortex og norepinefrin"},"content":{"rendered":"<div>\n<div class=\"cp_wrapper cp_wrapper--fw mb-30 mb-20@tablet\">\n<figure class=\"mm\"><picture class=\"img\" style=\"padding-top:56.25%\"><source  media=\"(min-width: 1024px)\"><source  media=\"(min-width: 768px)\"><\/source><\/source><\/picture><\/figure>\n<\/p><\/div>\n<p>Kart <strong>hjerne<\/strong> av en <strong>seriemorder<\/strong>kan du &#8230; eller i det minste det er det noen nevrokriminologer pr\u00f8ver \u00e5 gj\u00f8re. Hver seriemorder har veldig forskjellige egenskaper fra hverandre: antall ofre, motiv, metoder for utf\u00f8relse av forbrytelsen. Vitenskapelig bevis funnet imidlertid <strong>Vanlige egenskaper<\/strong> involverer <strong>psykologiske, nevrobiologiske og til og med genetiske faktorer<\/strong>. Barn traumer, reduksjon av gr\u00e5stoff, endring av et spesifikt gen (5-HT1b), uforholdsmessig aktivering av noen nevrotransmittere ser ut til \u00e5 v\u00e6re den viktigste ansvarlige for voldelig oppf\u00f8rsel, reduksjon av f\u00f8lelsen av anger og empati.<\/p>\n<h2><strong>Historien om studien om seriemorder<\/strong><\/h2>\n<p>\u00c5 se etter vanlige egenskaper i seriemordere er ikke en helt nylig ambisjon. P\u00e5 det nittende \u00e5rhundre, <strong>Cesare Lombroso<\/strong> (1835-1909), italiensk lege og antropolog som fordelen med \u00e5 ha grunnlagt den s\u00e5kalte kriminelle antropologien, utviklet teorien om &laquo;<strong>kriminell mann f\u00f8dt &laquo;<\/strong>hevdet at kriminelle presenterte noen <strong>Fysiske egenskaper og s\u00e6regne anatomisk<\/strong> noe som gjorde dem gjenkjennelige og som naturlig disponerte dem for avvik. I f\u00f8lge Lombroso, skilt som unnvikende panne, uttalt kjeve, store kinnben, store og asymmetriske \u00f8rer, forsl\u00e5tte og n\u00e6re \u00f8yne, samle nese, lav statur og andre fysiske s\u00e6regenheter, var de ledetr\u00e5der til en slags &laquo;<strong>atavisme<\/strong>&laquo;: En retur til primitive stadioner av mennesket. I praksis ble den kriminelle ansett som et individ igjen <strong>Tilbake i evolusjonen<\/strong> Og derfor tilb\u00f8yelig til voldelig oppf\u00f8rsel.<\/p>\n<div class=\"cp_wrapper cp_wrapper--fw mb-50\">\n<figure class=\"mm\"><picture class=\"img\" style=\"padding-top:133.4375%\"><source  media=\"(min-width: 1024px)\"><source  media=\"(min-width: 768px)\"><img decoding=\"async\" loading=\"lazy\" src=\"https:\/\/nordnesrepublikken.no\/wp-content\/uploads\/2025\/09\/1759092586_642_Rollen-til-den-prefrontale-cortex-og-norepinefrin.jpg\" alt=\"Lombroso\" width=\"640\" height=\"854\"\/><\/source><\/source><\/picture><\/figure>\n<\/p><\/div>\n<p>Disse ideene er \u00e5penbart utdaterte i dag, ikke bare fordi <strong>uten vitenskapelige baser<\/strong>men ogs\u00e5 fordi de forenkler og stigmatiserer. Imidlertid bidro de til \u00e5 fremme ideen om at kriminell oppf\u00f8rsel kan bli gjenstand for <strong>vitenskapelig studie<\/strong> Og de inspirerte etterf\u00f8lgende forskning p\u00e5 forbrytelsesens opprinnelse og natur.<\/p>\n<p>Til dags dato takket v\u00e6re <strong>Neuroimmagine teknikker<\/strong> Og til studiet av psykologiske kommuner begynner nevrokriminologer \u00e5 gi de f\u00f8rste svarene p\u00e5 vitenskapelig grunnlag ang\u00e5ende opprinnelsen til den kriminelle atferden. Det som dukker opp er at bak en seriemorder er det aldri en eneste faktor, men en kompleks kombinasjon av psykologiske, nevrobiologiske og til og med genetiske \u00e5rsaker.<\/p>\n<h2><strong>Psykologiske faktorer<\/strong><\/h2>\n<p>En av hovedfaktorene ansett som \u00e5 utl\u00f8se oppf\u00f8rselen til seriemorderne er \u00e5 ha lidd en<strong>spesielt traumatisk barndom<\/strong>. Data i h\u00e5nden, over 90% av seriemordere har v\u00e6rt offer for vold, oppgivelsesopplevelser eller har gjennomg\u00e5tt seksuelle overgrep (fra fremmede eller familiefolk). \u00c5 bo i en voldelig familiekontekst kan generere en opplevelse av hos barn <strong>konstant frykt<\/strong>; Dette scenariet har som en psykologisk konsekvens for \u00e5 undertrykke f\u00f8lelser, bed\u00f8velse av f\u00f8lelser for \u00e5 forsvare seg mot smerte og <strong>Begrens utviklingen av empati<\/strong>. I en studie av 62 mannlige seriemordere ble det observert at 48% hadde blitt forlatt av referansefigurene. Det har ogs\u00e5 blitt observert at mindre\u00e5rige som har en forelder i fengsel og\/eller ansett som sosialt farlig, presenterer st\u00f8rre niv\u00e5er av kriminalitet og aggresjon.<\/p>\n<p>Det er ogs\u00e5 tre andre faktorer knyttet til seriemord: <strong>Pyromania, grusomhet mot dyr og urininkontinens<\/strong>. Mer enn 60% av seriemorderne ville ha lidd av natt enurese i barndommen, og nesten alle ville ha torturerte dyr torturert. Det ble utf\u00f8rt studier der 153 personer som torturerte dyr ble analysert og sammenlignet dem med en kontrollgruppe. De som torturerte dyr hadde en fem tiders h\u00f8yere sannsynlighet for \u00e5 beg\u00e5 voldshandlinger som aggresjon, voldtekt eller drap. N\u00e5r det gjelder pyromania, er det ingen spesifikke nevrovitenskapelige data; Imidlertid viser kliniske studier at denne lidelsen vises i st\u00f8rre frekvens i antisosiale og psykopatiske personligheter og derfor allerede er tilb\u00f8yelige til kriminell atferd.<\/p>\n<div class=\"cp_wrapper cp_wrapper--fw mb-50\">\n<figure class=\"mm\"><picture class=\"img\" style=\"padding-top:148.75%\"><source  media=\"(min-width: 1024px)\"><source  media=\"(min-width: 768px)\"><img decoding=\"async\" loading=\"lazy\" src=\"https:\/\/nordnesrepublikken.no\/wp-content\/uploads\/2025\/09\/1759092587_505_Rollen-til-den-prefrontale-cortex-og-norepinefrin.jpg\" alt=\"Ripper\" width=\"640\" height=\"952\" class=\"js-seedtag-img\"\/><\/source><\/source><\/picture><\/figure>\n<\/p><\/div>\n<h2><strong>Neurobiologiske faktorer<\/strong><\/h2>\n<p>De moderne teknikkene til <strong>Magnetisk resonansavbildning<\/strong> har vist at det i mange seriemordere er det <strong>Hjerneendringer<\/strong>. EN <strong>Reduksjon av gr\u00e5stoff i den prefrontale cortex<\/strong>ser ut til \u00e5 kompromittere impulser kontrollen. Det er som \u00e5 ha en mindre effektiv hemmende brems. En studie utf\u00f8rt p\u00e5 kriminelle psykopater observerte faktisk en reduksjon p\u00e5 22,3% av den prefrontale gr\u00e5 materien og en endring i <strong>limbisk system<\/strong> (stedfortreder i regulering av f\u00f8lelser), for \u00e5 forklare mangelen p\u00e5 empati og sanset av anger. Der <strong>Neurobiology<\/strong> Det avsl\u00f8rer ogs\u00e5 for oss hvor st\u00f8rre aktiveringer er involvert enn <strong>norepinephrine<\/strong>involvert i aggressive r\u00f8r, sammen med adrenalin og dopamin.<\/p>\n<p>Generelt er det en avtale om \u00e5 tilskrive<strong>Amigdala <\/strong>(som er en del av det limbiske systemet) en n\u00f8kkelrolle i behandlingen av <strong>moralske f\u00f8lelser<\/strong>: N\u00e5r dette omr\u00e5det av hjernen fungerer p\u00e5 en endret m\u00e5te, en reduksjon av moralsk sans, en svak f\u00f8lelse av anger og empati og en lavere evne til \u00e5 skille hva som er riktig og hva som er galt, blir observert. Denne ubalansen kan oppmuntre til fremveksten av <strong>kriminell oppf\u00f8rsel<\/strong>. For \u00e5 forenkle er det som om denne endrede blandingen av nevrotransmittere oversatt til en ineffektiv impulskontroll, st\u00f8rre letthet for \u00e5 aktivere reaksjoner av sinne og aggresjon og til slutt glede og tilfredsstillelse i den voldelige handlingen.<\/p>\n<div class=\"cp_wrapper cp_wrapper--fw mb-50\">\n<figure class=\"mm\"><picture class=\"img\" style=\"padding-top:133.28125%\"><source  media=\"(min-width: 1024px)\"><source  media=\"(min-width: 768px)\"><img decoding=\"async\" loading=\"lazy\" src=\"https:\/\/nordnesrepublikken.no\/wp-content\/uploads\/2025\/09\/1759092587_225_Rollen-til-den-prefrontale-cortex-og-norepinefrin.jpg\" alt=\"Dahmer\" width=\"640\" height=\"853\"\/><\/source><\/source><\/picture><\/figure>\n<\/p><\/div>\n<h2><strong>Genetiske faktorer<\/strong><\/h2>\n<p>Fra veldig nylige studier og fremdeles i unders\u00f8kelsen, antar de <strong>Mulige genetiske disposisjoner<\/strong> til oppf\u00f8rselen til seriemorderen. Et eksempel er <strong>Endringen av 5-HT1B-genet<\/strong>som regulerer <strong>serotonin<\/strong>en grunnleggende nevrotransmitter for \u00e5 kontrollere aggresjonen av hum\u00f8r. Mutasjoner eller varianter av dette genet kan \u00f8ke <strong>s\u00e5rbarhet for aggressiv atferd,<\/strong> Spesielt hvis det er assosiert med milj\u00f8messige traumer og hjernedysfunksjoner.<\/p>\n<p>Det er viktig \u00e5 understreke at ikke alle mennesker som har opplevd barndomstraumer har hjerneforandringer eller har spesielle genetiske varianter blitt seriemorder. De fleste med disse egenskapene f\u00f8rer et normalt liv. Imidlertid har forskning vist at det er en <strong>Statistisk forbindelse<\/strong>: Som mange risikofaktorer legger til (traumer, biologisk s\u00e5rbarhet og ugunstig sosial kontekst), <strong>Sannsynligheten for at kriminell atferd dukker opp betydelig<\/strong>. Hvem vet om Jacks magnetiske resonanser Ripper, eller Dahmer eller Monster of Florence kunne ha voktet oss! Kanskje kunne ikke vitenskap ha forutsett livets forl\u00f8p, men det minner oss om at ondskap genererer kjeder av konsekvenser, og \u00e5 forst\u00e5 det er det f\u00f8rste trinnet \u00e5 bryte dem.<\/p>\n<\/p><\/div>\n","protected":false},"excerpt":{"rendered":"<p>Kart hjerne av en seriemorderkan du &#8230; eller i det minste det er det noen<\/p>\n","protected":false},"author":1,"featured_media":10064,"comment_status":"closed","ping_status":"open","sticky":false,"template":"","format":"standard","meta":{"footnotes":""},"categories":[104],"tags":[6610,74,6611,6609,1872,117],"class_list":["post-10063","post","type-post","status-publish","format-standard","has-post-thumbnail","hentry","category-samfunn","tag-cortex","tag-den","tag-norepinefrin","tag-prefrontale","tag-rollen","tag-til","generate-columns","tablet-grid-50","mobile-grid-100","grid-parent","grid-33","resize-featured-image"],"yoast_head":"<!-- This site is optimized with the Yoast SEO plugin v24.4 - https:\/\/yoast.com\/wordpress\/plugins\/seo\/ -->\n<title>Rollen til den prefrontale cortex og norepinefrin - Nordnesrepublikken<\/title>\n<meta name=\"robots\" content=\"index, follow, max-snippet:-1, max-image-preview:large, max-video-preview:-1\" \/>\n<link rel=\"canonical\" href=\"https:\/\/nordnesrepublikken.no\/index.php\/2025\/09\/28\/rollen-til-den-prefrontale-cortex-og-norepinefrin\/\" \/>\n<meta property=\"og:locale\" content=\"nb_NO\" \/>\n<meta property=\"og:type\" content=\"article\" \/>\n<meta property=\"og:title\" content=\"Rollen til den prefrontale cortex og norepinefrin - Nordnesrepublikken\" \/>\n<meta property=\"og:description\" content=\"Kart hjerne av en seriemorderkan du &#8230; eller i det minste det er det noen\" \/>\n<meta property=\"og:url\" content=\"https:\/\/nordnesrepublikken.no\/index.php\/2025\/09\/28\/rollen-til-den-prefrontale-cortex-og-norepinefrin\/\" \/>\n<meta property=\"og:site_name\" content=\"Nordnesrepublikken\" \/>\n<meta property=\"article:published_time\" content=\"2025-09-28T20:49:47+00:00\" \/>\n<meta property=\"article:modified_time\" content=\"2025-09-28T20:49:55+00:00\" \/>\n<meta property=\"og:image\" content=\"https:\/\/nordnesrepublikken.no\/wp-content\/uploads\/2025\/09\/1759092587_Rollen-til-den-prefrontale-cortex-og-norepinefrin-scaled.jpg\" \/>\n\t<meta property=\"og:image:width\" content=\"2560\" \/>\n\t<meta property=\"og:image:height\" content=\"1735\" \/>\n\t<meta property=\"og:image:type\" content=\"image\/jpeg\" \/>\n<meta name=\"author\" content=\"Ole Andersen\" \/>\n<meta name=\"twitter:card\" content=\"summary_large_image\" \/>\n<meta name=\"twitter:label1\" content=\"Skrevet av\" \/>\n\t<meta name=\"twitter:data1\" content=\"Ole Andersen\" \/>\n\t<meta name=\"twitter:label2\" content=\"Ansl. lesetid\" \/>\n\t<meta name=\"twitter:data2\" content=\"5 minutter\" \/>\n<script type=\"application\/ld+json\" class=\"yoast-schema-graph\">{\"@context\":\"https:\/\/schema.org\",\"@graph\":[{\"@type\":\"Article\",\"@id\":\"https:\/\/nordnesrepublikken.no\/index.php\/2025\/09\/28\/rollen-til-den-prefrontale-cortex-og-norepinefrin\/#article\",\"isPartOf\":{\"@id\":\"https:\/\/nordnesrepublikken.no\/index.php\/2025\/09\/28\/rollen-til-den-prefrontale-cortex-og-norepinefrin\/\"},\"author\":{\"name\":\"Ole Andersen\",\"@id\":\"https:\/\/nordnesrepublikken.no\/#\/schema\/person\/2e7e81935bab77882fffb79296240ff1\"},\"headline\":\"Rollen til den prefrontale cortex og norepinefrin\",\"datePublished\":\"2025-09-28T20:49:47+00:00\",\"dateModified\":\"2025-09-28T20:49:55+00:00\",\"mainEntityOfPage\":{\"@id\":\"https:\/\/nordnesrepublikken.no\/index.php\/2025\/09\/28\/rollen-til-den-prefrontale-cortex-og-norepinefrin\/\"},\"wordCount\":961,\"publisher\":{\"@id\":\"https:\/\/nordnesrepublikken.no\/#organization\"},\"image\":{\"@id\":\"https:\/\/nordnesrepublikken.no\/index.php\/2025\/09\/28\/rollen-til-den-prefrontale-cortex-og-norepinefrin\/#primaryimage\"},\"thumbnailUrl\":\"https:\/\/nordnesrepublikken.no\/wp-content\/uploads\/2025\/09\/1759092587_Rollen-til-den-prefrontale-cortex-og-norepinefrin-scaled.jpg\",\"keywords\":[\"cortex\",\"den\",\"norepinefrin\",\"prefrontale\",\"rollen\",\"til\"],\"articleSection\":[\"Samfunn\"],\"inLanguage\":\"nb-NO\"},{\"@type\":\"WebPage\",\"@id\":\"https:\/\/nordnesrepublikken.no\/index.php\/2025\/09\/28\/rollen-til-den-prefrontale-cortex-og-norepinefrin\/\",\"url\":\"https:\/\/nordnesrepublikken.no\/index.php\/2025\/09\/28\/rollen-til-den-prefrontale-cortex-og-norepinefrin\/\",\"name\":\"Rollen til den prefrontale cortex og norepinefrin - Nordnesrepublikken\",\"isPartOf\":{\"@id\":\"https:\/\/nordnesrepublikken.no\/#website\"},\"primaryImageOfPage\":{\"@id\":\"https:\/\/nordnesrepublikken.no\/index.php\/2025\/09\/28\/rollen-til-den-prefrontale-cortex-og-norepinefrin\/#primaryimage\"},\"image\":{\"@id\":\"https:\/\/nordnesrepublikken.no\/index.php\/2025\/09\/28\/rollen-til-den-prefrontale-cortex-og-norepinefrin\/#primaryimage\"},\"thumbnailUrl\":\"https:\/\/nordnesrepublikken.no\/wp-content\/uploads\/2025\/09\/1759092587_Rollen-til-den-prefrontale-cortex-og-norepinefrin-scaled.jpg\",\"datePublished\":\"2025-09-28T20:49:47+00:00\",\"dateModified\":\"2025-09-28T20:49:55+00:00\",\"breadcrumb\":{\"@id\":\"https:\/\/nordnesrepublikken.no\/index.php\/2025\/09\/28\/rollen-til-den-prefrontale-cortex-og-norepinefrin\/#breadcrumb\"},\"inLanguage\":\"nb-NO\",\"potentialAction\":[{\"@type\":\"ReadAction\",\"target\":[\"https:\/\/nordnesrepublikken.no\/index.php\/2025\/09\/28\/rollen-til-den-prefrontale-cortex-og-norepinefrin\/\"]}]},{\"@type\":\"ImageObject\",\"inLanguage\":\"nb-NO\",\"@id\":\"https:\/\/nordnesrepublikken.no\/index.php\/2025\/09\/28\/rollen-til-den-prefrontale-cortex-og-norepinefrin\/#primaryimage\",\"url\":\"https:\/\/nordnesrepublikken.no\/wp-content\/uploads\/2025\/09\/1759092587_Rollen-til-den-prefrontale-cortex-og-norepinefrin-scaled.jpg\",\"contentUrl\":\"https:\/\/nordnesrepublikken.no\/wp-content\/uploads\/2025\/09\/1759092587_Rollen-til-den-prefrontale-cortex-og-norepinefrin-scaled.jpg\",\"width\":2560,\"height\":1735,\"caption\":\"Rollen til den prefrontale cortex og norepinefrin\"},{\"@type\":\"BreadcrumbList\",\"@id\":\"https:\/\/nordnesrepublikken.no\/index.php\/2025\/09\/28\/rollen-til-den-prefrontale-cortex-og-norepinefrin\/#breadcrumb\",\"itemListElement\":[{\"@type\":\"ListItem\",\"position\":1,\"name\":\"Home\",\"item\":\"https:\/\/nordnesrepublikken.no\/\"},{\"@type\":\"ListItem\",\"position\":2,\"name\":\"Rollen til den prefrontale cortex og norepinefrin\"}]},{\"@type\":\"WebSite\",\"@id\":\"https:\/\/nordnesrepublikken.no\/#website\",\"url\":\"https:\/\/nordnesrepublikken.no\/\",\"name\":\"Nordnesrepublikken\",\"description\":\"Stemmer og Visjoner fra Republikkens Hjerte\",\"publisher\":{\"@id\":\"https:\/\/nordnesrepublikken.no\/#organization\"},\"potentialAction\":[{\"@type\":\"SearchAction\",\"target\":{\"@type\":\"EntryPoint\",\"urlTemplate\":\"https:\/\/nordnesrepublikken.no\/?s={search_term_string}\"},\"query-input\":{\"@type\":\"PropertyValueSpecification\",\"valueRequired\":true,\"valueName\":\"search_term_string\"}}],\"inLanguage\":\"nb-NO\"},{\"@type\":\"Organization\",\"@id\":\"https:\/\/nordnesrepublikken.no\/#organization\",\"name\":\"Nordnesrepublikken\",\"url\":\"https:\/\/nordnesrepublikken.no\/\",\"logo\":{\"@type\":\"ImageObject\",\"inLanguage\":\"nb-NO\",\"@id\":\"https:\/\/nordnesrepublikken.no\/#\/schema\/logo\/image\/\",\"url\":\"https:\/\/nordnesrepublikken.no\/wp-content\/uploads\/2025\/02\/cropped-nordnesrepublikken-2.png\",\"contentUrl\":\"https:\/\/nordnesrepublikken.no\/wp-content\/uploads\/2025\/02\/cropped-nordnesrepublikken-2.png\",\"width\":1248,\"height\":362,\"caption\":\"Nordnesrepublikken\"},\"image\":{\"@id\":\"https:\/\/nordnesrepublikken.no\/#\/schema\/logo\/image\/\"}},{\"@type\":\"Person\",\"@id\":\"https:\/\/nordnesrepublikken.no\/#\/schema\/person\/2e7e81935bab77882fffb79296240ff1\",\"name\":\"Ole Andersen\",\"image\":{\"@type\":\"ImageObject\",\"inLanguage\":\"nb-NO\",\"@id\":\"https:\/\/nordnesrepublikken.no\/#\/schema\/person\/image\/\",\"url\":\"https:\/\/nordnesrepublikken.no\/wp-content\/uploads\/2025\/02\/nordnesrepublikken-2-2-150x150.jpg\",\"contentUrl\":\"https:\/\/nordnesrepublikken.no\/wp-content\/uploads\/2025\/02\/nordnesrepublikken-2-2-150x150.jpg\",\"caption\":\"Ole Andersen\"},\"description\":\"Ettersom jeg vokste opp i Oslo, har jeg alltid v\u00e6rt fascinert av ordenes kraft og deres evne til \u00e5 skape endringer. Etter \u00e5 ha fullf\u00f8rt min utdannelse i kommunikasjon ved Universitetet i Bergen, fikk jeg muligheten til \u00e5 jobbe innen ulike medier, der jeg har s\u00f8kt \u00e5 belyse viktige samfunnssp\u00f8rsm\u00e5l. I dag, som redakt\u00f8r for Nordnesrepublikken, pr\u00f8ver jeg \u00e5 forene min kj\u00e6rlighet for journalistikk med min lidenskap for innovasjon og eventyr.\",\"sameAs\":[\"https:\/\/nordnesrepublikken.no\/\"]}]}<\/script>\n<!-- \/ Yoast SEO plugin. -->","yoast_head_json":{"title":"Rollen til den prefrontale cortex og norepinefrin - Nordnesrepublikken","robots":{"index":"index","follow":"follow","max-snippet":"max-snippet:-1","max-image-preview":"max-image-preview:large","max-video-preview":"max-video-preview:-1"},"canonical":"https:\/\/nordnesrepublikken.no\/index.php\/2025\/09\/28\/rollen-til-den-prefrontale-cortex-og-norepinefrin\/","og_locale":"nb_NO","og_type":"article","og_title":"Rollen til den prefrontale cortex og norepinefrin - Nordnesrepublikken","og_description":"Kart hjerne av en seriemorderkan du &#8230; eller i det minste det er det noen","og_url":"https:\/\/nordnesrepublikken.no\/index.php\/2025\/09\/28\/rollen-til-den-prefrontale-cortex-og-norepinefrin\/","og_site_name":"Nordnesrepublikken","article_published_time":"2025-09-28T20:49:47+00:00","article_modified_time":"2025-09-28T20:49:55+00:00","og_image":[{"width":2560,"height":1735,"url":"https:\/\/nordnesrepublikken.no\/wp-content\/uploads\/2025\/09\/1759092587_Rollen-til-den-prefrontale-cortex-og-norepinefrin-scaled.jpg","type":"image\/jpeg"}],"author":"Ole Andersen","twitter_card":"summary_large_image","twitter_misc":{"Skrevet av":"Ole Andersen","Ansl. lesetid":"5 minutter"},"schema":{"@context":"https:\/\/schema.org","@graph":[{"@type":"Article","@id":"https:\/\/nordnesrepublikken.no\/index.php\/2025\/09\/28\/rollen-til-den-prefrontale-cortex-og-norepinefrin\/#article","isPartOf":{"@id":"https:\/\/nordnesrepublikken.no\/index.php\/2025\/09\/28\/rollen-til-den-prefrontale-cortex-og-norepinefrin\/"},"author":{"name":"Ole Andersen","@id":"https:\/\/nordnesrepublikken.no\/#\/schema\/person\/2e7e81935bab77882fffb79296240ff1"},"headline":"Rollen til den prefrontale cortex og norepinefrin","datePublished":"2025-09-28T20:49:47+00:00","dateModified":"2025-09-28T20:49:55+00:00","mainEntityOfPage":{"@id":"https:\/\/nordnesrepublikken.no\/index.php\/2025\/09\/28\/rollen-til-den-prefrontale-cortex-og-norepinefrin\/"},"wordCount":961,"publisher":{"@id":"https:\/\/nordnesrepublikken.no\/#organization"},"image":{"@id":"https:\/\/nordnesrepublikken.no\/index.php\/2025\/09\/28\/rollen-til-den-prefrontale-cortex-og-norepinefrin\/#primaryimage"},"thumbnailUrl":"https:\/\/nordnesrepublikken.no\/wp-content\/uploads\/2025\/09\/1759092587_Rollen-til-den-prefrontale-cortex-og-norepinefrin-scaled.jpg","keywords":["cortex","den","norepinefrin","prefrontale","rollen","til"],"articleSection":["Samfunn"],"inLanguage":"nb-NO"},{"@type":"WebPage","@id":"https:\/\/nordnesrepublikken.no\/index.php\/2025\/09\/28\/rollen-til-den-prefrontale-cortex-og-norepinefrin\/","url":"https:\/\/nordnesrepublikken.no\/index.php\/2025\/09\/28\/rollen-til-den-prefrontale-cortex-og-norepinefrin\/","name":"Rollen til den prefrontale cortex og norepinefrin - Nordnesrepublikken","isPartOf":{"@id":"https:\/\/nordnesrepublikken.no\/#website"},"primaryImageOfPage":{"@id":"https:\/\/nordnesrepublikken.no\/index.php\/2025\/09\/28\/rollen-til-den-prefrontale-cortex-og-norepinefrin\/#primaryimage"},"image":{"@id":"https:\/\/nordnesrepublikken.no\/index.php\/2025\/09\/28\/rollen-til-den-prefrontale-cortex-og-norepinefrin\/#primaryimage"},"thumbnailUrl":"https:\/\/nordnesrepublikken.no\/wp-content\/uploads\/2025\/09\/1759092587_Rollen-til-den-prefrontale-cortex-og-norepinefrin-scaled.jpg","datePublished":"2025-09-28T20:49:47+00:00","dateModified":"2025-09-28T20:49:55+00:00","breadcrumb":{"@id":"https:\/\/nordnesrepublikken.no\/index.php\/2025\/09\/28\/rollen-til-den-prefrontale-cortex-og-norepinefrin\/#breadcrumb"},"inLanguage":"nb-NO","potentialAction":[{"@type":"ReadAction","target":["https:\/\/nordnesrepublikken.no\/index.php\/2025\/09\/28\/rollen-til-den-prefrontale-cortex-og-norepinefrin\/"]}]},{"@type":"ImageObject","inLanguage":"nb-NO","@id":"https:\/\/nordnesrepublikken.no\/index.php\/2025\/09\/28\/rollen-til-den-prefrontale-cortex-og-norepinefrin\/#primaryimage","url":"https:\/\/nordnesrepublikken.no\/wp-content\/uploads\/2025\/09\/1759092587_Rollen-til-den-prefrontale-cortex-og-norepinefrin-scaled.jpg","contentUrl":"https:\/\/nordnesrepublikken.no\/wp-content\/uploads\/2025\/09\/1759092587_Rollen-til-den-prefrontale-cortex-og-norepinefrin-scaled.jpg","width":2560,"height":1735,"caption":"Rollen til den prefrontale cortex og norepinefrin"},{"@type":"BreadcrumbList","@id":"https:\/\/nordnesrepublikken.no\/index.php\/2025\/09\/28\/rollen-til-den-prefrontale-cortex-og-norepinefrin\/#breadcrumb","itemListElement":[{"@type":"ListItem","position":1,"name":"Home","item":"https:\/\/nordnesrepublikken.no\/"},{"@type":"ListItem","position":2,"name":"Rollen til den prefrontale cortex og norepinefrin"}]},{"@type":"WebSite","@id":"https:\/\/nordnesrepublikken.no\/#website","url":"https:\/\/nordnesrepublikken.no\/","name":"Nordnesrepublikken","description":"Stemmer og Visjoner fra Republikkens Hjerte","publisher":{"@id":"https:\/\/nordnesrepublikken.no\/#organization"},"potentialAction":[{"@type":"SearchAction","target":{"@type":"EntryPoint","urlTemplate":"https:\/\/nordnesrepublikken.no\/?s={search_term_string}"},"query-input":{"@type":"PropertyValueSpecification","valueRequired":true,"valueName":"search_term_string"}}],"inLanguage":"nb-NO"},{"@type":"Organization","@id":"https:\/\/nordnesrepublikken.no\/#organization","name":"Nordnesrepublikken","url":"https:\/\/nordnesrepublikken.no\/","logo":{"@type":"ImageObject","inLanguage":"nb-NO","@id":"https:\/\/nordnesrepublikken.no\/#\/schema\/logo\/image\/","url":"https:\/\/nordnesrepublikken.no\/wp-content\/uploads\/2025\/02\/cropped-nordnesrepublikken-2.png","contentUrl":"https:\/\/nordnesrepublikken.no\/wp-content\/uploads\/2025\/02\/cropped-nordnesrepublikken-2.png","width":1248,"height":362,"caption":"Nordnesrepublikken"},"image":{"@id":"https:\/\/nordnesrepublikken.no\/#\/schema\/logo\/image\/"}},{"@type":"Person","@id":"https:\/\/nordnesrepublikken.no\/#\/schema\/person\/2e7e81935bab77882fffb79296240ff1","name":"Ole Andersen","image":{"@type":"ImageObject","inLanguage":"nb-NO","@id":"https:\/\/nordnesrepublikken.no\/#\/schema\/person\/image\/","url":"https:\/\/nordnesrepublikken.no\/wp-content\/uploads\/2025\/02\/nordnesrepublikken-2-2-150x150.jpg","contentUrl":"https:\/\/nordnesrepublikken.no\/wp-content\/uploads\/2025\/02\/nordnesrepublikken-2-2-150x150.jpg","caption":"Ole Andersen"},"description":"Ettersom jeg vokste opp i Oslo, har jeg alltid v\u00e6rt fascinert av ordenes kraft og deres evne til \u00e5 skape endringer. Etter \u00e5 ha fullf\u00f8rt min utdannelse i kommunikasjon ved Universitetet i Bergen, fikk jeg muligheten til \u00e5 jobbe innen ulike medier, der jeg har s\u00f8kt \u00e5 belyse viktige samfunnssp\u00f8rsm\u00e5l. I dag, som redakt\u00f8r for Nordnesrepublikken, pr\u00f8ver jeg \u00e5 forene min kj\u00e6rlighet for journalistikk med min lidenskap for innovasjon og eventyr.","sameAs":["https:\/\/nordnesrepublikken.no\/"]}]}},"_links":{"self":[{"href":"https:\/\/nordnesrepublikken.no\/index.php\/wp-json\/wp\/v2\/posts\/10063","targetHints":{"allow":["GET"]}}],"collection":[{"href":"https:\/\/nordnesrepublikken.no\/index.php\/wp-json\/wp\/v2\/posts"}],"about":[{"href":"https:\/\/nordnesrepublikken.no\/index.php\/wp-json\/wp\/v2\/types\/post"}],"author":[{"embeddable":true,"href":"https:\/\/nordnesrepublikken.no\/index.php\/wp-json\/wp\/v2\/users\/1"}],"replies":[{"embeddable":true,"href":"https:\/\/nordnesrepublikken.no\/index.php\/wp-json\/wp\/v2\/comments?post=10063"}],"version-history":[{"count":1,"href":"https:\/\/nordnesrepublikken.no\/index.php\/wp-json\/wp\/v2\/posts\/10063\/revisions"}],"predecessor-version":[{"id":10065,"href":"https:\/\/nordnesrepublikken.no\/index.php\/wp-json\/wp\/v2\/posts\/10063\/revisions\/10065"}],"wp:featuredmedia":[{"embeddable":true,"href":"https:\/\/nordnesrepublikken.no\/index.php\/wp-json\/wp\/v2\/media\/10064"}],"wp:attachment":[{"href":"https:\/\/nordnesrepublikken.no\/index.php\/wp-json\/wp\/v2\/media?parent=10063"}],"wp:term":[{"taxonomy":"category","embeddable":true,"href":"https:\/\/nordnesrepublikken.no\/index.php\/wp-json\/wp\/v2\/categories?post=10063"},{"taxonomy":"post_tag","embeddable":true,"href":"https:\/\/nordnesrepublikken.no\/index.php\/wp-json\/wp\/v2\/tags?post=10063"}],"curies":[{"name":"wp","href":"https:\/\/api.w.org\/{rel}","templated":true}]}}