{"id":10045,"date":"2025-09-28T08:49:47","date_gmt":"2025-09-28T06:49:47","guid":{"rendered":"https:\/\/nordnesrepublikken.no\/index.php\/2025\/09\/28\/grazia-deledda-var-den-forste-italienske-forfatteren-som-vant-nobelprisen-for-litteratur-liv-og-verk\/"},"modified":"2025-09-28T08:49:48","modified_gmt":"2025-09-28T06:49:48","slug":"grazia-deledda-var-den-forste-italienske-forfatteren-som-vant-nobelprisen-for-litteratur-liv-og-verk","status":"publish","type":"post","link":"https:\/\/nordnesrepublikken.no\/index.php\/2025\/09\/28\/grazia-deledda-var-den-forste-italienske-forfatteren-som-vant-nobelprisen-for-litteratur-liv-og-verk\/","title":{"rendered":"Grazia Deledda var den f\u00f8rste italienske forfatteren som vant Nobelprisen for litteratur: Liv og verk"},"content":{"rendered":"<div>\n<div class=\"cp_wrapper cp_wrapper--fw mb-30 mb-20@tablet\">\n<figure class=\"mm\"><picture class=\"img\" style=\"padding-top:56.25%\"><source  media=\"(min-width: 1024px)\"><source  media=\"(min-width: 768px)\"><\/source><\/source><\/picture><\/figure>\n<\/p><\/div>\n<p><strong>Grace Deledda<\/strong> (Nuoro, 28. september 1871 &#8211; Roma, 15. august 1936) var<strong> F\u00f8r<\/strong>og s\u00e5 langt<strong> unik<\/strong>,<strong> Italiensk kvinne <\/strong>Tildelt av <strong>Nobelpris for litteratur<\/strong> (1926, levert i 1927). Selvforutsatt, f\u00f8dt p\u00e5 et Sardinia som fremdeles er dypt knyttet til arkaiske bruksomr\u00e5der og en stiv inndeling av kj\u00f8nnsroller, klarte hun med den eneste skreven for \u00e5 erobre internasjonal suksess og bli en av de mest overraskende skikkelsene i den italienske fortellingen p\u00e5 1900 -tallet.<\/p>\n<h2>Grazia Deledda og hennes formasjon utenfor boksen<\/h2>\n<p>Oppvokst i en velst\u00e5ende familie, men preget av familietragedier, gikk Deledda p\u00e5 skolen bare til fjerde klasse, <strong>fortsatte deretter studiene som selvl\u00e6rte<\/strong>hjulpet av en privatl\u00e6rer og en utrettelig nysgjerrighet. Han elsket \u00e5 lese hver tekst som han klarte \u00e5 f\u00e5 og fant et tilfluktssted i skriving og et middel til \u00e5 gi form til sin indre verden.<\/p>\n<p>Fra en veldig ung alder begynte han \u00e5 skrive historier, <strong>Signering med forskjellige pseudonymer<\/strong> &#8211; som <strong>Ilia de Saint&#8217;ismail<\/strong> eller <strong>FEA<\/strong> &#8211; For \u00e5 komme seg rundt datidens fordommer mot kvinner som viet seg til litteratur. Hans f\u00f8rste betydningsfulle publikasjon kom til 17 med nyhetene<strong> Sardinsk blod<\/strong> (1888) p\u00e5 det romerske magasinet Last Fashion. Rett etterp\u00e5 samarbeidet han med magasinet for de italienske popul\u00e6re tradisjonene til Angelo de Gubernatis, som oppmuntret talentet hans og startet det mot en mer bevisst litter\u00e6r vei.<\/p>\n<div class=\"cp_wrapper cp_wrapper--fw mb-50\">\n<figure class=\"mm\"><picture class=\"img\" style=\"padding-top:133.28125%\"><source  media=\"(min-width: 1024px)\"><source  media=\"(min-width: 768px)\"><img decoding=\"async\" loading=\"lazy\" src=\"https:\/\/nordnesrepublikken.no\/wp-content\/uploads\/2025\/09\/1759042187_969_Grazia-Deledda-var-den-forste-italienske-forfatteren-som-vant-Nobelprisen.jpg\" alt=\"Unge Deledda\" width=\"640\" height=\"853\"\/><\/source><\/source><\/picture><\/figure>\n<\/p><\/div>\n<h2>Den italienske forfatterens og mesterverkene den litter\u00e6re karrieren<\/h2>\n<p>De <strong>Romanen om innvielsen var &laquo;The Way of Evil&raquo; (1896)<\/strong>som vakte kritikernes oppmerksomhet og p\u00e5lagte det som en ny stemme fra det italienske litter\u00e6re panoramaet. Fra det \u00f8yeblikket ble produksjonen konstant og produktiv.<\/p>\n<p>Blant hans mest kjente verk husker vi:<\/p>\n<ul>\n<li><strong>Elias Portolu<\/strong> (1903): Historien om en tidligere galeotto som, tilbake til Sardinia, forelsker seg i sin brors lovede brud, og lever en konflikt mellom <strong>Feil og innl\u00f8sning<\/strong>.<\/li>\n<li><strong>Aske<\/strong> (1904): Forteller livet til en mor som ble tvunget til \u00e5 forlate s\u00f8nnen, preget av ensomhet og smerte; Fra romanen ble en film tatt med <strong>Eleonora Duse<\/strong>.<\/li>\n<li><strong>Stokk i vinden<\/strong> (1913): betraktet hans mesterverk og det mest kjente verket, forteller han hendelsene til Pintor Sisters, adelsmenn falt i en sardinsk landsby, symbol p\u00e5 arkaisk sardinia suspendert mellom <strong>myte og virkelighet<\/strong>.<\/li>\n<li><strong>Moren<\/strong> (1920): Intenst drama om det forbudte forholdet mellom en ung prest og en kvinne, som sammenligner <strong>lidenskap og religion<\/strong>.<\/li>\n<li><strong>Cosima<\/strong> (1937, postum): fiktiv selvbiografi som sporer forfatterens barndom og ungdom, og avsl\u00f8rer <strong>Opprinnelse til hans litter\u00e6re yrke<\/strong>.<\/li>\n<\/ul>\n<p>P\u00e5 sidene <strong>Feil, straff og soning<\/strong>filtrert gjennom en moralsk og religi\u00f8s tolkning av livet. Sardinia, med sine landskap og tradisjoner, forble alltid den privilegerte fortellerhorisonten, forvandlet til et universelt scenario med menneskelige lidenskaper.<\/p>\n<div class=\"cp_wrapper cp_wrapper--fw mb-50\">\n<figure class=\"mm\"><picture class=\"img\" style=\"padding-top:147.1875%\"><source  media=\"(min-width: 1024px)\"><source  media=\"(min-width: 768px)\"><img decoding=\"async\" loading=\"lazy\" src=\"https:\/\/nordnesrepublikken.no\/wp-content\/uploads\/2025\/09\/1759042187_855_Grazia-Deledda-var-den-forste-italienske-forfatteren-som-vant-Nobelprisen.jpg\" alt=\"Cosima Deledda\" width=\"640\" height=\"942\" class=\"js-seedtag-img\"\/><\/source><\/source><\/picture><\/figure>\n<\/p><\/div>\n<h2>Nobelen for litteratur: Den internasjonale anerkjennelsen av Deledda<\/h2>\n<p>De <strong>10. desember 1927<\/strong>i Stockholm mottok Deledda <strong>Nobel for litteratur<\/strong> &laquo;For sin makt som forfatter, st\u00f8ttet av et h\u00f8yt ideal, som skildrer liv i plast som det er i sin bortgjemte jule\u00f8y og som med dybde og varme behandler problemer av generell menneskelig interesse&raquo;. Det oppdraget var historisk: Deledda ble ikke bare den f\u00f8rste italienske kvinnen, men <strong>Andre kvinne i verden<\/strong> \u00e5 motta prisen. Likevel fortsatte han \u00e5 leve et tilbaketrukket liv, dedikert til familie og skriving.<\/p>\n<div class=\"cp_wrapper cp_wrapper--fw mb-50\">\n<figure class=\"mm\"><picture class=\"img\" style=\"padding-top:141.40625%\"><source  media=\"(min-width: 1024px)\"><source  media=\"(min-width: 768px)\"><img decoding=\"async\" loading=\"lazy\" src=\"https:\/\/nordnesrepublikken.no\/wp-content\/uploads\/2025\/09\/1759042187_452_Grazia-Deledda-var-den-forste-italienske-forfatteren-som-vant-Nobelprisen.jpg\" alt=\"Deledda 1926\" width=\"640\" height=\"905\"\/><\/source><\/source><\/picture><\/figure>\n<\/p><\/div>\n<p>Grazia Deledda d\u00f8de i Roma i 1936, kort tid etter endt Cosima. Hans rester hviler i ensomhetskirke i dag i Nuoro, ved foten av Mount Ortobene. Figuren hans er fortsatt et symbol p\u00e5 <strong>Kvinnelig frigj\u00f8ring oppn\u00e5dd ikke med proklamasjoner, men med autoriteten til \u00e5 skrive<\/strong>. I en tid som henviste kvinner til stillhet, klarte han \u00e5 gi stemme til en Sardinia suspendert mellom myte og modernitet og forvandle lokale hendelser til en universell litteratur.<\/p>\n<\/p><\/div>\n","protected":false},"excerpt":{"rendered":"<p>Grace Deledda (Nuoro, 28. september 1871 &#8211; Roma, 15. august 1936) var F\u00f8rog s\u00e5 langt<\/p>\n","protected":false},"author":1,"featured_media":10046,"comment_status":"closed","ping_status":"open","sticky":false,"template":"","format":"standard","meta":{"footnotes":""},"categories":[104],"tags":[6591,74,6070,67,6590,782,6594,2615,6593,31,6592,100,6595],"class_list":["post-10045","post","type-post","status-publish","format-standard","has-post-thumbnail","hentry","category-samfunn","tag-deledda","tag-den","tag-forfatteren","tag-forste","tag-grazia","tag-italienske","tag-litteratur","tag-liv","tag-nobelprisen","tag-som","tag-vant","tag-var","tag-verk","generate-columns","tablet-grid-50","mobile-grid-100","grid-parent","grid-33","resize-featured-image"],"yoast_head":"<!-- This site is optimized with the Yoast SEO plugin v24.4 - https:\/\/yoast.com\/wordpress\/plugins\/seo\/ -->\n<title>Grazia Deledda var den f\u00f8rste italienske forfatteren som vant Nobelprisen for litteratur: Liv og verk - Nordnesrepublikken<\/title>\n<meta name=\"robots\" content=\"index, follow, max-snippet:-1, max-image-preview:large, max-video-preview:-1\" \/>\n<link rel=\"canonical\" href=\"https:\/\/nordnesrepublikken.no\/index.php\/2025\/09\/28\/grazia-deledda-var-den-forste-italienske-forfatteren-som-vant-nobelprisen-for-litteratur-liv-og-verk\/\" \/>\n<meta property=\"og:locale\" content=\"nb_NO\" \/>\n<meta property=\"og:type\" content=\"article\" \/>\n<meta property=\"og:title\" content=\"Grazia Deledda var den f\u00f8rste italienske forfatteren som vant Nobelprisen for litteratur: Liv og verk - Nordnesrepublikken\" \/>\n<meta property=\"og:description\" content=\"Grace Deledda (Nuoro, 28. september 1871 &#8211; Roma, 15. august 1936) var F\u00f8rog s\u00e5 langt\" \/>\n<meta property=\"og:url\" content=\"https:\/\/nordnesrepublikken.no\/index.php\/2025\/09\/28\/grazia-deledda-var-den-forste-italienske-forfatteren-som-vant-nobelprisen-for-litteratur-liv-og-verk\/\" \/>\n<meta property=\"og:site_name\" content=\"Nordnesrepublikken\" \/>\n<meta property=\"article:published_time\" content=\"2025-09-28T06:49:47+00:00\" \/>\n<meta property=\"article:modified_time\" content=\"2025-09-28T06:49:48+00:00\" \/>\n<meta property=\"og:image\" content=\"https:\/\/nordnesrepublikken.no\/wp-content\/uploads\/2025\/09\/1759042188_Grazia-Deledda-var-den-forste-italienske-forfatteren-som-vant-Nobelprisen.jpg\" \/>\n\t<meta property=\"og:image:width\" content=\"640\" \/>\n\t<meta property=\"og:image:height\" content=\"427\" \/>\n\t<meta property=\"og:image:type\" content=\"image\/jpeg\" \/>\n<meta name=\"author\" content=\"Ole Andersen\" \/>\n<meta name=\"twitter:card\" content=\"summary_large_image\" \/>\n<meta name=\"twitter:label1\" content=\"Skrevet av\" \/>\n\t<meta name=\"twitter:data1\" content=\"Ole Andersen\" \/>\n\t<meta name=\"twitter:label2\" content=\"Ansl. lesetid\" \/>\n\t<meta name=\"twitter:data2\" content=\"3 minutter\" \/>\n<script type=\"application\/ld+json\" class=\"yoast-schema-graph\">{\"@context\":\"https:\/\/schema.org\",\"@graph\":[{\"@type\":\"Article\",\"@id\":\"https:\/\/nordnesrepublikken.no\/index.php\/2025\/09\/28\/grazia-deledda-var-den-forste-italienske-forfatteren-som-vant-nobelprisen-for-litteratur-liv-og-verk\/#article\",\"isPartOf\":{\"@id\":\"https:\/\/nordnesrepublikken.no\/index.php\/2025\/09\/28\/grazia-deledda-var-den-forste-italienske-forfatteren-som-vant-nobelprisen-for-litteratur-liv-og-verk\/\"},\"author\":{\"name\":\"Ole Andersen\",\"@id\":\"https:\/\/nordnesrepublikken.no\/#\/schema\/person\/2e7e81935bab77882fffb79296240ff1\"},\"headline\":\"Grazia Deledda var den f\u00f8rste italienske forfatteren som vant Nobelprisen for litteratur: Liv og verk\",\"datePublished\":\"2025-09-28T06:49:47+00:00\",\"dateModified\":\"2025-09-28T06:49:48+00:00\",\"mainEntityOfPage\":{\"@id\":\"https:\/\/nordnesrepublikken.no\/index.php\/2025\/09\/28\/grazia-deledda-var-den-forste-italienske-forfatteren-som-vant-nobelprisen-for-litteratur-liv-og-verk\/\"},\"wordCount\":599,\"publisher\":{\"@id\":\"https:\/\/nordnesrepublikken.no\/#organization\"},\"image\":{\"@id\":\"https:\/\/nordnesrepublikken.no\/index.php\/2025\/09\/28\/grazia-deledda-var-den-forste-italienske-forfatteren-som-vant-nobelprisen-for-litteratur-liv-og-verk\/#primaryimage\"},\"thumbnailUrl\":\"https:\/\/nordnesrepublikken.no\/wp-content\/uploads\/2025\/09\/1759042188_Grazia-Deledda-var-den-forste-italienske-forfatteren-som-vant-Nobelprisen.jpg\",\"keywords\":[\"Deledda\",\"den\",\"forfatteren\",\"f\u00f8rste\",\"Grazia\",\"italienske\",\"litteratur\",\"liv\",\"Nobelprisen\",\"som\",\"vant\",\"var\",\"verk\"],\"articleSection\":[\"Samfunn\"],\"inLanguage\":\"nb-NO\"},{\"@type\":\"WebPage\",\"@id\":\"https:\/\/nordnesrepublikken.no\/index.php\/2025\/09\/28\/grazia-deledda-var-den-forste-italienske-forfatteren-som-vant-nobelprisen-for-litteratur-liv-og-verk\/\",\"url\":\"https:\/\/nordnesrepublikken.no\/index.php\/2025\/09\/28\/grazia-deledda-var-den-forste-italienske-forfatteren-som-vant-nobelprisen-for-litteratur-liv-og-verk\/\",\"name\":\"Grazia Deledda var den f\u00f8rste italienske forfatteren som vant Nobelprisen for litteratur: Liv og verk - Nordnesrepublikken\",\"isPartOf\":{\"@id\":\"https:\/\/nordnesrepublikken.no\/#website\"},\"primaryImageOfPage\":{\"@id\":\"https:\/\/nordnesrepublikken.no\/index.php\/2025\/09\/28\/grazia-deledda-var-den-forste-italienske-forfatteren-som-vant-nobelprisen-for-litteratur-liv-og-verk\/#primaryimage\"},\"image\":{\"@id\":\"https:\/\/nordnesrepublikken.no\/index.php\/2025\/09\/28\/grazia-deledda-var-den-forste-italienske-forfatteren-som-vant-nobelprisen-for-litteratur-liv-og-verk\/#primaryimage\"},\"thumbnailUrl\":\"https:\/\/nordnesrepublikken.no\/wp-content\/uploads\/2025\/09\/1759042188_Grazia-Deledda-var-den-forste-italienske-forfatteren-som-vant-Nobelprisen.jpg\",\"datePublished\":\"2025-09-28T06:49:47+00:00\",\"dateModified\":\"2025-09-28T06:49:48+00:00\",\"breadcrumb\":{\"@id\":\"https:\/\/nordnesrepublikken.no\/index.php\/2025\/09\/28\/grazia-deledda-var-den-forste-italienske-forfatteren-som-vant-nobelprisen-for-litteratur-liv-og-verk\/#breadcrumb\"},\"inLanguage\":\"nb-NO\",\"potentialAction\":[{\"@type\":\"ReadAction\",\"target\":[\"https:\/\/nordnesrepublikken.no\/index.php\/2025\/09\/28\/grazia-deledda-var-den-forste-italienske-forfatteren-som-vant-nobelprisen-for-litteratur-liv-og-verk\/\"]}]},{\"@type\":\"ImageObject\",\"inLanguage\":\"nb-NO\",\"@id\":\"https:\/\/nordnesrepublikken.no\/index.php\/2025\/09\/28\/grazia-deledda-var-den-forste-italienske-forfatteren-som-vant-nobelprisen-for-litteratur-liv-og-verk\/#primaryimage\",\"url\":\"https:\/\/nordnesrepublikken.no\/wp-content\/uploads\/2025\/09\/1759042188_Grazia-Deledda-var-den-forste-italienske-forfatteren-som-vant-Nobelprisen.jpg\",\"contentUrl\":\"https:\/\/nordnesrepublikken.no\/wp-content\/uploads\/2025\/09\/1759042188_Grazia-Deledda-var-den-forste-italienske-forfatteren-som-vant-Nobelprisen.jpg\",\"width\":640,\"height\":427,\"caption\":\"Grazia Deledda var den f\u00f8rste italienske forfatteren som vant Nobelprisen for litteratur: Liv og verk\"},{\"@type\":\"BreadcrumbList\",\"@id\":\"https:\/\/nordnesrepublikken.no\/index.php\/2025\/09\/28\/grazia-deledda-var-den-forste-italienske-forfatteren-som-vant-nobelprisen-for-litteratur-liv-og-verk\/#breadcrumb\",\"itemListElement\":[{\"@type\":\"ListItem\",\"position\":1,\"name\":\"Home\",\"item\":\"https:\/\/nordnesrepublikken.no\/\"},{\"@type\":\"ListItem\",\"position\":2,\"name\":\"Grazia Deledda var den f\u00f8rste italienske forfatteren som vant Nobelprisen for litteratur: Liv og verk\"}]},{\"@type\":\"WebSite\",\"@id\":\"https:\/\/nordnesrepublikken.no\/#website\",\"url\":\"https:\/\/nordnesrepublikken.no\/\",\"name\":\"Nordnesrepublikken\",\"description\":\"Stemmer og Visjoner fra Republikkens Hjerte\",\"publisher\":{\"@id\":\"https:\/\/nordnesrepublikken.no\/#organization\"},\"potentialAction\":[{\"@type\":\"SearchAction\",\"target\":{\"@type\":\"EntryPoint\",\"urlTemplate\":\"https:\/\/nordnesrepublikken.no\/?s={search_term_string}\"},\"query-input\":{\"@type\":\"PropertyValueSpecification\",\"valueRequired\":true,\"valueName\":\"search_term_string\"}}],\"inLanguage\":\"nb-NO\"},{\"@type\":\"Organization\",\"@id\":\"https:\/\/nordnesrepublikken.no\/#organization\",\"name\":\"Nordnesrepublikken\",\"url\":\"https:\/\/nordnesrepublikken.no\/\",\"logo\":{\"@type\":\"ImageObject\",\"inLanguage\":\"nb-NO\",\"@id\":\"https:\/\/nordnesrepublikken.no\/#\/schema\/logo\/image\/\",\"url\":\"https:\/\/nordnesrepublikken.no\/wp-content\/uploads\/2025\/02\/cropped-nordnesrepublikken-2.png\",\"contentUrl\":\"https:\/\/nordnesrepublikken.no\/wp-content\/uploads\/2025\/02\/cropped-nordnesrepublikken-2.png\",\"width\":1248,\"height\":362,\"caption\":\"Nordnesrepublikken\"},\"image\":{\"@id\":\"https:\/\/nordnesrepublikken.no\/#\/schema\/logo\/image\/\"}},{\"@type\":\"Person\",\"@id\":\"https:\/\/nordnesrepublikken.no\/#\/schema\/person\/2e7e81935bab77882fffb79296240ff1\",\"name\":\"Ole Andersen\",\"image\":{\"@type\":\"ImageObject\",\"inLanguage\":\"nb-NO\",\"@id\":\"https:\/\/nordnesrepublikken.no\/#\/schema\/person\/image\/\",\"url\":\"https:\/\/nordnesrepublikken.no\/wp-content\/uploads\/2025\/02\/nordnesrepublikken-2-2-150x150.jpg\",\"contentUrl\":\"https:\/\/nordnesrepublikken.no\/wp-content\/uploads\/2025\/02\/nordnesrepublikken-2-2-150x150.jpg\",\"caption\":\"Ole Andersen\"},\"description\":\"Ettersom jeg vokste opp i Oslo, har jeg alltid v\u00e6rt fascinert av ordenes kraft og deres evne til \u00e5 skape endringer. Etter \u00e5 ha fullf\u00f8rt min utdannelse i kommunikasjon ved Universitetet i Bergen, fikk jeg muligheten til \u00e5 jobbe innen ulike medier, der jeg har s\u00f8kt \u00e5 belyse viktige samfunnssp\u00f8rsm\u00e5l. I dag, som redakt\u00f8r for Nordnesrepublikken, pr\u00f8ver jeg \u00e5 forene min kj\u00e6rlighet for journalistikk med min lidenskap for innovasjon og eventyr.\",\"sameAs\":[\"https:\/\/nordnesrepublikken.no\/\"]}]}<\/script>\n<!-- \/ Yoast SEO plugin. -->","yoast_head_json":{"title":"Grazia Deledda var den f\u00f8rste italienske forfatteren som vant Nobelprisen for litteratur: Liv og verk - Nordnesrepublikken","robots":{"index":"index","follow":"follow","max-snippet":"max-snippet:-1","max-image-preview":"max-image-preview:large","max-video-preview":"max-video-preview:-1"},"canonical":"https:\/\/nordnesrepublikken.no\/index.php\/2025\/09\/28\/grazia-deledda-var-den-forste-italienske-forfatteren-som-vant-nobelprisen-for-litteratur-liv-og-verk\/","og_locale":"nb_NO","og_type":"article","og_title":"Grazia Deledda var den f\u00f8rste italienske forfatteren som vant Nobelprisen for litteratur: Liv og verk - Nordnesrepublikken","og_description":"Grace Deledda (Nuoro, 28. september 1871 &#8211; Roma, 15. august 1936) var F\u00f8rog s\u00e5 langt","og_url":"https:\/\/nordnesrepublikken.no\/index.php\/2025\/09\/28\/grazia-deledda-var-den-forste-italienske-forfatteren-som-vant-nobelprisen-for-litteratur-liv-og-verk\/","og_site_name":"Nordnesrepublikken","article_published_time":"2025-09-28T06:49:47+00:00","article_modified_time":"2025-09-28T06:49:48+00:00","og_image":[{"width":640,"height":427,"url":"https:\/\/nordnesrepublikken.no\/wp-content\/uploads\/2025\/09\/1759042188_Grazia-Deledda-var-den-forste-italienske-forfatteren-som-vant-Nobelprisen.jpg","type":"image\/jpeg"}],"author":"Ole Andersen","twitter_card":"summary_large_image","twitter_misc":{"Skrevet av":"Ole Andersen","Ansl. lesetid":"3 minutter"},"schema":{"@context":"https:\/\/schema.org","@graph":[{"@type":"Article","@id":"https:\/\/nordnesrepublikken.no\/index.php\/2025\/09\/28\/grazia-deledda-var-den-forste-italienske-forfatteren-som-vant-nobelprisen-for-litteratur-liv-og-verk\/#article","isPartOf":{"@id":"https:\/\/nordnesrepublikken.no\/index.php\/2025\/09\/28\/grazia-deledda-var-den-forste-italienske-forfatteren-som-vant-nobelprisen-for-litteratur-liv-og-verk\/"},"author":{"name":"Ole Andersen","@id":"https:\/\/nordnesrepublikken.no\/#\/schema\/person\/2e7e81935bab77882fffb79296240ff1"},"headline":"Grazia Deledda var den f\u00f8rste italienske forfatteren som vant Nobelprisen for litteratur: Liv og verk","datePublished":"2025-09-28T06:49:47+00:00","dateModified":"2025-09-28T06:49:48+00:00","mainEntityOfPage":{"@id":"https:\/\/nordnesrepublikken.no\/index.php\/2025\/09\/28\/grazia-deledda-var-den-forste-italienske-forfatteren-som-vant-nobelprisen-for-litteratur-liv-og-verk\/"},"wordCount":599,"publisher":{"@id":"https:\/\/nordnesrepublikken.no\/#organization"},"image":{"@id":"https:\/\/nordnesrepublikken.no\/index.php\/2025\/09\/28\/grazia-deledda-var-den-forste-italienske-forfatteren-som-vant-nobelprisen-for-litteratur-liv-og-verk\/#primaryimage"},"thumbnailUrl":"https:\/\/nordnesrepublikken.no\/wp-content\/uploads\/2025\/09\/1759042188_Grazia-Deledda-var-den-forste-italienske-forfatteren-som-vant-Nobelprisen.jpg","keywords":["Deledda","den","forfatteren","f\u00f8rste","Grazia","italienske","litteratur","liv","Nobelprisen","som","vant","var","verk"],"articleSection":["Samfunn"],"inLanguage":"nb-NO"},{"@type":"WebPage","@id":"https:\/\/nordnesrepublikken.no\/index.php\/2025\/09\/28\/grazia-deledda-var-den-forste-italienske-forfatteren-som-vant-nobelprisen-for-litteratur-liv-og-verk\/","url":"https:\/\/nordnesrepublikken.no\/index.php\/2025\/09\/28\/grazia-deledda-var-den-forste-italienske-forfatteren-som-vant-nobelprisen-for-litteratur-liv-og-verk\/","name":"Grazia Deledda var den f\u00f8rste italienske forfatteren som vant Nobelprisen for litteratur: Liv og verk - Nordnesrepublikken","isPartOf":{"@id":"https:\/\/nordnesrepublikken.no\/#website"},"primaryImageOfPage":{"@id":"https:\/\/nordnesrepublikken.no\/index.php\/2025\/09\/28\/grazia-deledda-var-den-forste-italienske-forfatteren-som-vant-nobelprisen-for-litteratur-liv-og-verk\/#primaryimage"},"image":{"@id":"https:\/\/nordnesrepublikken.no\/index.php\/2025\/09\/28\/grazia-deledda-var-den-forste-italienske-forfatteren-som-vant-nobelprisen-for-litteratur-liv-og-verk\/#primaryimage"},"thumbnailUrl":"https:\/\/nordnesrepublikken.no\/wp-content\/uploads\/2025\/09\/1759042188_Grazia-Deledda-var-den-forste-italienske-forfatteren-som-vant-Nobelprisen.jpg","datePublished":"2025-09-28T06:49:47+00:00","dateModified":"2025-09-28T06:49:48+00:00","breadcrumb":{"@id":"https:\/\/nordnesrepublikken.no\/index.php\/2025\/09\/28\/grazia-deledda-var-den-forste-italienske-forfatteren-som-vant-nobelprisen-for-litteratur-liv-og-verk\/#breadcrumb"},"inLanguage":"nb-NO","potentialAction":[{"@type":"ReadAction","target":["https:\/\/nordnesrepublikken.no\/index.php\/2025\/09\/28\/grazia-deledda-var-den-forste-italienske-forfatteren-som-vant-nobelprisen-for-litteratur-liv-og-verk\/"]}]},{"@type":"ImageObject","inLanguage":"nb-NO","@id":"https:\/\/nordnesrepublikken.no\/index.php\/2025\/09\/28\/grazia-deledda-var-den-forste-italienske-forfatteren-som-vant-nobelprisen-for-litteratur-liv-og-verk\/#primaryimage","url":"https:\/\/nordnesrepublikken.no\/wp-content\/uploads\/2025\/09\/1759042188_Grazia-Deledda-var-den-forste-italienske-forfatteren-som-vant-Nobelprisen.jpg","contentUrl":"https:\/\/nordnesrepublikken.no\/wp-content\/uploads\/2025\/09\/1759042188_Grazia-Deledda-var-den-forste-italienske-forfatteren-som-vant-Nobelprisen.jpg","width":640,"height":427,"caption":"Grazia Deledda var den f\u00f8rste italienske forfatteren som vant Nobelprisen for litteratur: Liv og verk"},{"@type":"BreadcrumbList","@id":"https:\/\/nordnesrepublikken.no\/index.php\/2025\/09\/28\/grazia-deledda-var-den-forste-italienske-forfatteren-som-vant-nobelprisen-for-litteratur-liv-og-verk\/#breadcrumb","itemListElement":[{"@type":"ListItem","position":1,"name":"Home","item":"https:\/\/nordnesrepublikken.no\/"},{"@type":"ListItem","position":2,"name":"Grazia Deledda var den f\u00f8rste italienske forfatteren som vant Nobelprisen for litteratur: Liv og verk"}]},{"@type":"WebSite","@id":"https:\/\/nordnesrepublikken.no\/#website","url":"https:\/\/nordnesrepublikken.no\/","name":"Nordnesrepublikken","description":"Stemmer og Visjoner fra Republikkens Hjerte","publisher":{"@id":"https:\/\/nordnesrepublikken.no\/#organization"},"potentialAction":[{"@type":"SearchAction","target":{"@type":"EntryPoint","urlTemplate":"https:\/\/nordnesrepublikken.no\/?s={search_term_string}"},"query-input":{"@type":"PropertyValueSpecification","valueRequired":true,"valueName":"search_term_string"}}],"inLanguage":"nb-NO"},{"@type":"Organization","@id":"https:\/\/nordnesrepublikken.no\/#organization","name":"Nordnesrepublikken","url":"https:\/\/nordnesrepublikken.no\/","logo":{"@type":"ImageObject","inLanguage":"nb-NO","@id":"https:\/\/nordnesrepublikken.no\/#\/schema\/logo\/image\/","url":"https:\/\/nordnesrepublikken.no\/wp-content\/uploads\/2025\/02\/cropped-nordnesrepublikken-2.png","contentUrl":"https:\/\/nordnesrepublikken.no\/wp-content\/uploads\/2025\/02\/cropped-nordnesrepublikken-2.png","width":1248,"height":362,"caption":"Nordnesrepublikken"},"image":{"@id":"https:\/\/nordnesrepublikken.no\/#\/schema\/logo\/image\/"}},{"@type":"Person","@id":"https:\/\/nordnesrepublikken.no\/#\/schema\/person\/2e7e81935bab77882fffb79296240ff1","name":"Ole Andersen","image":{"@type":"ImageObject","inLanguage":"nb-NO","@id":"https:\/\/nordnesrepublikken.no\/#\/schema\/person\/image\/","url":"https:\/\/nordnesrepublikken.no\/wp-content\/uploads\/2025\/02\/nordnesrepublikken-2-2-150x150.jpg","contentUrl":"https:\/\/nordnesrepublikken.no\/wp-content\/uploads\/2025\/02\/nordnesrepublikken-2-2-150x150.jpg","caption":"Ole Andersen"},"description":"Ettersom jeg vokste opp i Oslo, har jeg alltid v\u00e6rt fascinert av ordenes kraft og deres evne til \u00e5 skape endringer. Etter \u00e5 ha fullf\u00f8rt min utdannelse i kommunikasjon ved Universitetet i Bergen, fikk jeg muligheten til \u00e5 jobbe innen ulike medier, der jeg har s\u00f8kt \u00e5 belyse viktige samfunnssp\u00f8rsm\u00e5l. I dag, som redakt\u00f8r for Nordnesrepublikken, pr\u00f8ver jeg \u00e5 forene min kj\u00e6rlighet for journalistikk med min lidenskap for innovasjon og eventyr.","sameAs":["https:\/\/nordnesrepublikken.no\/"]}]}},"_links":{"self":[{"href":"https:\/\/nordnesrepublikken.no\/index.php\/wp-json\/wp\/v2\/posts\/10045","targetHints":{"allow":["GET"]}}],"collection":[{"href":"https:\/\/nordnesrepublikken.no\/index.php\/wp-json\/wp\/v2\/posts"}],"about":[{"href":"https:\/\/nordnesrepublikken.no\/index.php\/wp-json\/wp\/v2\/types\/post"}],"author":[{"embeddable":true,"href":"https:\/\/nordnesrepublikken.no\/index.php\/wp-json\/wp\/v2\/users\/1"}],"replies":[{"embeddable":true,"href":"https:\/\/nordnesrepublikken.no\/index.php\/wp-json\/wp\/v2\/comments?post=10045"}],"version-history":[{"count":1,"href":"https:\/\/nordnesrepublikken.no\/index.php\/wp-json\/wp\/v2\/posts\/10045\/revisions"}],"predecessor-version":[{"id":10047,"href":"https:\/\/nordnesrepublikken.no\/index.php\/wp-json\/wp\/v2\/posts\/10045\/revisions\/10047"}],"wp:featuredmedia":[{"embeddable":true,"href":"https:\/\/nordnesrepublikken.no\/index.php\/wp-json\/wp\/v2\/media\/10046"}],"wp:attachment":[{"href":"https:\/\/nordnesrepublikken.no\/index.php\/wp-json\/wp\/v2\/media?parent=10045"}],"wp:term":[{"taxonomy":"category","embeddable":true,"href":"https:\/\/nordnesrepublikken.no\/index.php\/wp-json\/wp\/v2\/categories?post=10045"},{"taxonomy":"post_tag","embeddable":true,"href":"https:\/\/nordnesrepublikken.no\/index.php\/wp-json\/wp\/v2\/tags?post=10045"}],"curies":[{"name":"wp","href":"https:\/\/api.w.org\/{rel}","templated":true}]}}