{"id":10033,"date":"2025-09-28T00:50:27","date_gmt":"2025-09-27T22:50:27","guid":{"rendered":"https:\/\/nordnesrepublikken.no\/index.php\/2025\/09\/28\/protester-oker-over-kysthovedforbud\/"},"modified":"2025-09-28T00:50:35","modified_gmt":"2025-09-27T22:50:35","slug":"protester-oker-over-kysthovedforbud","status":"publish","type":"post","link":"https:\/\/nordnesrepublikken.no\/index.php\/2025\/09\/28\/protester-oker-over-kysthovedforbud\/","title":{"rendered":"Protester \u00f8ker over kysthovedforbud"},"content":{"rendered":"<p><\/p>\n<div class=\"wordpress-content\">\n                    <!-- Article Start --><\/p>\n<p class=\"p1\"><b>Den langvarige tvisten om bobilens tilgang til Valencian-kystlinjen har blitt intensivert, ettersom assosiasjoner som representerer autokaravaneiere ford\u00f8mmer nye begrensninger p\u00e5lagt i Elche og Santa Pola. De hevder at forbudene p\u00e5 parkering i n\u00e6rheten av strender som Carabass\u00ed og La Marina er ulovlige, mens lokale myndigheter insisterer p\u00e5 at tiltakene er n\u00f8dvendige for \u00e5 beskytte skj\u00f8re kystomr\u00e5der og dempe ulovlig camping.<\/b><\/p>\n<p class=\"p1\">I Elche kunngjorde r\u00e5det en trafikkordre som forbyr kj\u00f8ret\u00f8y som er bredere enn 2,20 meter fra \u00e5 bruke visse kystveier. Tiltaket, som direkte p\u00e5virker mange bobiler, ble introdusert i februar med det uttalte m\u00e5let om \u00e5 forhindre uautorisert overnatting og milj\u00f8forringelsen de for\u00e5rsaker. R\u00e5dmann for sikkerhet, Ram\u00f3n Abad, sa at avgj\u00f8relsen fulgte gjentatte klager fra innbyggere og milj\u00f8grupper om overbefolkning og uregulert camping i n\u00e6rheten av sanddynene. Santa Pola har introdusert lignende regler, og blokkerer tilgang for store kj\u00f8ret\u00f8yer til flere kystomr\u00e5der. Kommunale tjenestemenn der hevder at politikken er i tr\u00e5d med regional lovgivning og st\u00f8tter innsatsen for \u00e5 bevare naturlige rom som er under \u00f8kende press fra turisme og sesongens trafikk.<\/p>\n<p class=\"p1\">Imidlertid har bobilforeninger reagert sint og iscenesatt protester for \u00e5 fremheve klagene deres. Tidligere i sommer samlet mer enn hundre kj\u00f8ret\u00f8y i Elche for \u00e5 demonstrere mot begrensningene. Representanter hevder forbudene diskriminerer ansvarlige reisende som bruker autoriserte servicepunkter og campingplasser, mens de ikke klarer \u00e5 skille dem fra de som driver med ulovlig camping. Juridiske argumenter blir ogs\u00e5 reist. Advokatgrupper peker p\u00e5 nasjonale trafikkforskrifter, som skiller mellom parkering og camping, og sier at parkering forbyr m\u00e5lretting av bobiler spesifikt utgj\u00f8r et uberettiget veto. &laquo;Parkering er en rettighet hvis kj\u00f8ret\u00f8yet er riktig plassert og ikke distribuerer elementer som stoler, markiser eller generatorer. \u00c5 forhindre tilgang utelukkende p\u00e5 grunn av st\u00f8rrelse eller type er uforholdsmessig og diskriminerende,&raquo; hevdet en talsperson.<\/p>\n<div class=\"sra_unit\"><link rel=\"stylesheet\" id=\"block-sra\" href=\"https:\/\/euroweeklynews.com\/wp-content\/plugins\/snack-related-articles\/dist\/css\/snack-related.min.css?250312-193541\" type=\"text\/css\" media=\"all\">\n<\/div>\n<p class=\"p1\">Debatten ber\u00f8rer et bredere sp\u00f8rsm\u00e5l: hvordan kommuner i middelhavet forvalter den \u00f8kende tilstedev\u00e6relsen av bobiler, en sektor som har utvidet seg raskt de siste \u00e5rene. Spania har sett en kraftig \u00f8kning i innenlandsk og internasjonal bobil turisme, spesielt langs kysten. Likevel har infrastrukturen til utpekte tjenesteomr\u00e5der ikke alltid holdt tritt, og etterlater r\u00e5d som kjemper for \u00e5 balansere beboernes bekymringer for bes\u00f8kende rettigheter.<\/p>\n<p class=\"p1\">Forel\u00f8pig forblir tvisten i Elche og Santa Pola uavklart. Bobilforeninger vurderer juridiske utfordringer og presser p\u00e5 dialog med r\u00e5dhus, mens lokale myndigheter st\u00e5r ved sine beslutninger, og understreker behovet for \u00e5 ivareta kyst\u00f8kosystemer. Resultatet kan sette en presedens for andre kommuner over hele Valencian -samfunnet, der lignende spenninger dukker opp.<\/p>\n<p>                    <!-- This article has been originally published at https:\/\/euroweeklynews.com\/2025\/09\/27\/protests-mount-over-coastal-motorhome-bans\/ on 27 Sep 2025 at 20:33 by Molly Grace --><br \/>\n                    <!-- Article End -->\n                <\/div>\n","protected":false},"excerpt":{"rendered":"<p>Den langvarige tvisten om bobilens tilgang til Valencian-kystlinjen har blitt intensivert, ettersom assosiasjoner som representerer<\/p>\n","protected":false},"author":1,"featured_media":10034,"comment_status":"closed","ping_status":"open","sticky":false,"template":"","format":"standard","meta":{"footnotes":""},"categories":[105],"tags":[6582,313,6581],"class_list":["post-10033","post","type-post","status-publish","format-standard","has-post-thumbnail","hentry","category-livsstil","tag-kysthovedforbud","tag-oker","tag-protester","generate-columns","tablet-grid-50","mobile-grid-100","grid-parent","grid-33","resize-featured-image"],"yoast_head":"<!-- This site is optimized with the Yoast SEO plugin v24.4 - https:\/\/yoast.com\/wordpress\/plugins\/seo\/ -->\n<title>Protester \u00f8ker over kysthovedforbud - Nordnesrepublikken<\/title>\n<meta name=\"robots\" content=\"index, follow, max-snippet:-1, max-image-preview:large, max-video-preview:-1\" \/>\n<link rel=\"canonical\" href=\"https:\/\/nordnesrepublikken.no\/index.php\/2025\/09\/28\/protester-oker-over-kysthovedforbud\/\" \/>\n<meta property=\"og:locale\" content=\"nb_NO\" \/>\n<meta property=\"og:type\" content=\"article\" \/>\n<meta property=\"og:title\" content=\"Protester \u00f8ker over kysthovedforbud - Nordnesrepublikken\" \/>\n<meta property=\"og:description\" content=\"Den langvarige tvisten om bobilens tilgang til Valencian-kystlinjen har blitt intensivert, ettersom assosiasjoner som representerer\" \/>\n<meta property=\"og:url\" content=\"https:\/\/nordnesrepublikken.no\/index.php\/2025\/09\/28\/protester-oker-over-kysthovedforbud\/\" \/>\n<meta property=\"og:site_name\" content=\"Nordnesrepublikken\" \/>\n<meta property=\"article:published_time\" content=\"2025-09-27T22:50:27+00:00\" \/>\n<meta property=\"article:modified_time\" content=\"2025-09-27T22:50:35+00:00\" \/>\n<meta property=\"og:image\" content=\"https:\/\/nordnesrepublikken.no\/wp-content\/uploads\/2025\/09\/1759013428_Protester-oker-over-kysthovedforbud.png\" \/>\n\t<meta property=\"og:image:width\" content=\"1200\" \/>\n\t<meta property=\"og:image:height\" content=\"800\" \/>\n\t<meta property=\"og:image:type\" content=\"image\/png\" \/>\n<meta name=\"author\" content=\"Ole Andersen\" \/>\n<meta name=\"twitter:card\" content=\"summary_large_image\" \/>\n<meta name=\"twitter:label1\" content=\"Skrevet av\" \/>\n\t<meta name=\"twitter:data1\" content=\"Ole Andersen\" \/>\n\t<meta name=\"twitter:label2\" content=\"Ansl. lesetid\" \/>\n\t<meta name=\"twitter:data2\" content=\"2 minutter\" \/>\n<script type=\"application\/ld+json\" class=\"yoast-schema-graph\">{\"@context\":\"https:\/\/schema.org\",\"@graph\":[{\"@type\":\"Article\",\"@id\":\"https:\/\/nordnesrepublikken.no\/index.php\/2025\/09\/28\/protester-oker-over-kysthovedforbud\/#article\",\"isPartOf\":{\"@id\":\"https:\/\/nordnesrepublikken.no\/index.php\/2025\/09\/28\/protester-oker-over-kysthovedforbud\/\"},\"author\":{\"name\":\"Ole Andersen\",\"@id\":\"https:\/\/nordnesrepublikken.no\/#\/schema\/person\/2e7e81935bab77882fffb79296240ff1\"},\"headline\":\"Protester \u00f8ker over kysthovedforbud\",\"datePublished\":\"2025-09-27T22:50:27+00:00\",\"dateModified\":\"2025-09-27T22:50:35+00:00\",\"mainEntityOfPage\":{\"@id\":\"https:\/\/nordnesrepublikken.no\/index.php\/2025\/09\/28\/protester-oker-over-kysthovedforbud\/\"},\"wordCount\":437,\"publisher\":{\"@id\":\"https:\/\/nordnesrepublikken.no\/#organization\"},\"image\":{\"@id\":\"https:\/\/nordnesrepublikken.no\/index.php\/2025\/09\/28\/protester-oker-over-kysthovedforbud\/#primaryimage\"},\"thumbnailUrl\":\"https:\/\/nordnesrepublikken.no\/wp-content\/uploads\/2025\/09\/1759013428_Protester-oker-over-kysthovedforbud.png\",\"keywords\":[\"kysthovedforbud\",\"\u00f8ker\",\"Protester\"],\"articleSection\":[\"Livsstil\"],\"inLanguage\":\"nb-NO\"},{\"@type\":\"WebPage\",\"@id\":\"https:\/\/nordnesrepublikken.no\/index.php\/2025\/09\/28\/protester-oker-over-kysthovedforbud\/\",\"url\":\"https:\/\/nordnesrepublikken.no\/index.php\/2025\/09\/28\/protester-oker-over-kysthovedforbud\/\",\"name\":\"Protester \u00f8ker over kysthovedforbud - Nordnesrepublikken\",\"isPartOf\":{\"@id\":\"https:\/\/nordnesrepublikken.no\/#website\"},\"primaryImageOfPage\":{\"@id\":\"https:\/\/nordnesrepublikken.no\/index.php\/2025\/09\/28\/protester-oker-over-kysthovedforbud\/#primaryimage\"},\"image\":{\"@id\":\"https:\/\/nordnesrepublikken.no\/index.php\/2025\/09\/28\/protester-oker-over-kysthovedforbud\/#primaryimage\"},\"thumbnailUrl\":\"https:\/\/nordnesrepublikken.no\/wp-content\/uploads\/2025\/09\/1759013428_Protester-oker-over-kysthovedforbud.png\",\"datePublished\":\"2025-09-27T22:50:27+00:00\",\"dateModified\":\"2025-09-27T22:50:35+00:00\",\"breadcrumb\":{\"@id\":\"https:\/\/nordnesrepublikken.no\/index.php\/2025\/09\/28\/protester-oker-over-kysthovedforbud\/#breadcrumb\"},\"inLanguage\":\"nb-NO\",\"potentialAction\":[{\"@type\":\"ReadAction\",\"target\":[\"https:\/\/nordnesrepublikken.no\/index.php\/2025\/09\/28\/protester-oker-over-kysthovedforbud\/\"]}]},{\"@type\":\"ImageObject\",\"inLanguage\":\"nb-NO\",\"@id\":\"https:\/\/nordnesrepublikken.no\/index.php\/2025\/09\/28\/protester-oker-over-kysthovedforbud\/#primaryimage\",\"url\":\"https:\/\/nordnesrepublikken.no\/wp-content\/uploads\/2025\/09\/1759013428_Protester-oker-over-kysthovedforbud.png\",\"contentUrl\":\"https:\/\/nordnesrepublikken.no\/wp-content\/uploads\/2025\/09\/1759013428_Protester-oker-over-kysthovedforbud.png\",\"width\":1200,\"height\":800,\"caption\":\"Protester \u00f8ker over kysthovedforbud\"},{\"@type\":\"BreadcrumbList\",\"@id\":\"https:\/\/nordnesrepublikken.no\/index.php\/2025\/09\/28\/protester-oker-over-kysthovedforbud\/#breadcrumb\",\"itemListElement\":[{\"@type\":\"ListItem\",\"position\":1,\"name\":\"Home\",\"item\":\"https:\/\/nordnesrepublikken.no\/\"},{\"@type\":\"ListItem\",\"position\":2,\"name\":\"Protester \u00f8ker over kysthovedforbud\"}]},{\"@type\":\"WebSite\",\"@id\":\"https:\/\/nordnesrepublikken.no\/#website\",\"url\":\"https:\/\/nordnesrepublikken.no\/\",\"name\":\"Nordnesrepublikken\",\"description\":\"Stemmer og Visjoner fra Republikkens Hjerte\",\"publisher\":{\"@id\":\"https:\/\/nordnesrepublikken.no\/#organization\"},\"potentialAction\":[{\"@type\":\"SearchAction\",\"target\":{\"@type\":\"EntryPoint\",\"urlTemplate\":\"https:\/\/nordnesrepublikken.no\/?s={search_term_string}\"},\"query-input\":{\"@type\":\"PropertyValueSpecification\",\"valueRequired\":true,\"valueName\":\"search_term_string\"}}],\"inLanguage\":\"nb-NO\"},{\"@type\":\"Organization\",\"@id\":\"https:\/\/nordnesrepublikken.no\/#organization\",\"name\":\"Nordnesrepublikken\",\"url\":\"https:\/\/nordnesrepublikken.no\/\",\"logo\":{\"@type\":\"ImageObject\",\"inLanguage\":\"nb-NO\",\"@id\":\"https:\/\/nordnesrepublikken.no\/#\/schema\/logo\/image\/\",\"url\":\"https:\/\/nordnesrepublikken.no\/wp-content\/uploads\/2025\/02\/cropped-nordnesrepublikken-2.png\",\"contentUrl\":\"https:\/\/nordnesrepublikken.no\/wp-content\/uploads\/2025\/02\/cropped-nordnesrepublikken-2.png\",\"width\":1248,\"height\":362,\"caption\":\"Nordnesrepublikken\"},\"image\":{\"@id\":\"https:\/\/nordnesrepublikken.no\/#\/schema\/logo\/image\/\"}},{\"@type\":\"Person\",\"@id\":\"https:\/\/nordnesrepublikken.no\/#\/schema\/person\/2e7e81935bab77882fffb79296240ff1\",\"name\":\"Ole Andersen\",\"image\":{\"@type\":\"ImageObject\",\"inLanguage\":\"nb-NO\",\"@id\":\"https:\/\/nordnesrepublikken.no\/#\/schema\/person\/image\/\",\"url\":\"https:\/\/nordnesrepublikken.no\/wp-content\/uploads\/2025\/02\/nordnesrepublikken-2-2-150x150.jpg\",\"contentUrl\":\"https:\/\/nordnesrepublikken.no\/wp-content\/uploads\/2025\/02\/nordnesrepublikken-2-2-150x150.jpg\",\"caption\":\"Ole Andersen\"},\"description\":\"Ettersom jeg vokste opp i Oslo, har jeg alltid v\u00e6rt fascinert av ordenes kraft og deres evne til \u00e5 skape endringer. Etter \u00e5 ha fullf\u00f8rt min utdannelse i kommunikasjon ved Universitetet i Bergen, fikk jeg muligheten til \u00e5 jobbe innen ulike medier, der jeg har s\u00f8kt \u00e5 belyse viktige samfunnssp\u00f8rsm\u00e5l. I dag, som redakt\u00f8r for Nordnesrepublikken, pr\u00f8ver jeg \u00e5 forene min kj\u00e6rlighet for journalistikk med min lidenskap for innovasjon og eventyr.\",\"sameAs\":[\"https:\/\/nordnesrepublikken.no\/\"]}]}<\/script>\n<!-- \/ Yoast SEO plugin. -->","yoast_head_json":{"title":"Protester \u00f8ker over kysthovedforbud - Nordnesrepublikken","robots":{"index":"index","follow":"follow","max-snippet":"max-snippet:-1","max-image-preview":"max-image-preview:large","max-video-preview":"max-video-preview:-1"},"canonical":"https:\/\/nordnesrepublikken.no\/index.php\/2025\/09\/28\/protester-oker-over-kysthovedforbud\/","og_locale":"nb_NO","og_type":"article","og_title":"Protester \u00f8ker over kysthovedforbud - Nordnesrepublikken","og_description":"Den langvarige tvisten om bobilens tilgang til Valencian-kystlinjen har blitt intensivert, ettersom assosiasjoner som representerer","og_url":"https:\/\/nordnesrepublikken.no\/index.php\/2025\/09\/28\/protester-oker-over-kysthovedforbud\/","og_site_name":"Nordnesrepublikken","article_published_time":"2025-09-27T22:50:27+00:00","article_modified_time":"2025-09-27T22:50:35+00:00","og_image":[{"width":1200,"height":800,"url":"https:\/\/nordnesrepublikken.no\/wp-content\/uploads\/2025\/09\/1759013428_Protester-oker-over-kysthovedforbud.png","type":"image\/png"}],"author":"Ole Andersen","twitter_card":"summary_large_image","twitter_misc":{"Skrevet av":"Ole Andersen","Ansl. lesetid":"2 minutter"},"schema":{"@context":"https:\/\/schema.org","@graph":[{"@type":"Article","@id":"https:\/\/nordnesrepublikken.no\/index.php\/2025\/09\/28\/protester-oker-over-kysthovedforbud\/#article","isPartOf":{"@id":"https:\/\/nordnesrepublikken.no\/index.php\/2025\/09\/28\/protester-oker-over-kysthovedforbud\/"},"author":{"name":"Ole Andersen","@id":"https:\/\/nordnesrepublikken.no\/#\/schema\/person\/2e7e81935bab77882fffb79296240ff1"},"headline":"Protester \u00f8ker over kysthovedforbud","datePublished":"2025-09-27T22:50:27+00:00","dateModified":"2025-09-27T22:50:35+00:00","mainEntityOfPage":{"@id":"https:\/\/nordnesrepublikken.no\/index.php\/2025\/09\/28\/protester-oker-over-kysthovedforbud\/"},"wordCount":437,"publisher":{"@id":"https:\/\/nordnesrepublikken.no\/#organization"},"image":{"@id":"https:\/\/nordnesrepublikken.no\/index.php\/2025\/09\/28\/protester-oker-over-kysthovedforbud\/#primaryimage"},"thumbnailUrl":"https:\/\/nordnesrepublikken.no\/wp-content\/uploads\/2025\/09\/1759013428_Protester-oker-over-kysthovedforbud.png","keywords":["kysthovedforbud","\u00f8ker","Protester"],"articleSection":["Livsstil"],"inLanguage":"nb-NO"},{"@type":"WebPage","@id":"https:\/\/nordnesrepublikken.no\/index.php\/2025\/09\/28\/protester-oker-over-kysthovedforbud\/","url":"https:\/\/nordnesrepublikken.no\/index.php\/2025\/09\/28\/protester-oker-over-kysthovedforbud\/","name":"Protester \u00f8ker over kysthovedforbud - Nordnesrepublikken","isPartOf":{"@id":"https:\/\/nordnesrepublikken.no\/#website"},"primaryImageOfPage":{"@id":"https:\/\/nordnesrepublikken.no\/index.php\/2025\/09\/28\/protester-oker-over-kysthovedforbud\/#primaryimage"},"image":{"@id":"https:\/\/nordnesrepublikken.no\/index.php\/2025\/09\/28\/protester-oker-over-kysthovedforbud\/#primaryimage"},"thumbnailUrl":"https:\/\/nordnesrepublikken.no\/wp-content\/uploads\/2025\/09\/1759013428_Protester-oker-over-kysthovedforbud.png","datePublished":"2025-09-27T22:50:27+00:00","dateModified":"2025-09-27T22:50:35+00:00","breadcrumb":{"@id":"https:\/\/nordnesrepublikken.no\/index.php\/2025\/09\/28\/protester-oker-over-kysthovedforbud\/#breadcrumb"},"inLanguage":"nb-NO","potentialAction":[{"@type":"ReadAction","target":["https:\/\/nordnesrepublikken.no\/index.php\/2025\/09\/28\/protester-oker-over-kysthovedforbud\/"]}]},{"@type":"ImageObject","inLanguage":"nb-NO","@id":"https:\/\/nordnesrepublikken.no\/index.php\/2025\/09\/28\/protester-oker-over-kysthovedforbud\/#primaryimage","url":"https:\/\/nordnesrepublikken.no\/wp-content\/uploads\/2025\/09\/1759013428_Protester-oker-over-kysthovedforbud.png","contentUrl":"https:\/\/nordnesrepublikken.no\/wp-content\/uploads\/2025\/09\/1759013428_Protester-oker-over-kysthovedforbud.png","width":1200,"height":800,"caption":"Protester \u00f8ker over kysthovedforbud"},{"@type":"BreadcrumbList","@id":"https:\/\/nordnesrepublikken.no\/index.php\/2025\/09\/28\/protester-oker-over-kysthovedforbud\/#breadcrumb","itemListElement":[{"@type":"ListItem","position":1,"name":"Home","item":"https:\/\/nordnesrepublikken.no\/"},{"@type":"ListItem","position":2,"name":"Protester \u00f8ker over kysthovedforbud"}]},{"@type":"WebSite","@id":"https:\/\/nordnesrepublikken.no\/#website","url":"https:\/\/nordnesrepublikken.no\/","name":"Nordnesrepublikken","description":"Stemmer og Visjoner fra Republikkens Hjerte","publisher":{"@id":"https:\/\/nordnesrepublikken.no\/#organization"},"potentialAction":[{"@type":"SearchAction","target":{"@type":"EntryPoint","urlTemplate":"https:\/\/nordnesrepublikken.no\/?s={search_term_string}"},"query-input":{"@type":"PropertyValueSpecification","valueRequired":true,"valueName":"search_term_string"}}],"inLanguage":"nb-NO"},{"@type":"Organization","@id":"https:\/\/nordnesrepublikken.no\/#organization","name":"Nordnesrepublikken","url":"https:\/\/nordnesrepublikken.no\/","logo":{"@type":"ImageObject","inLanguage":"nb-NO","@id":"https:\/\/nordnesrepublikken.no\/#\/schema\/logo\/image\/","url":"https:\/\/nordnesrepublikken.no\/wp-content\/uploads\/2025\/02\/cropped-nordnesrepublikken-2.png","contentUrl":"https:\/\/nordnesrepublikken.no\/wp-content\/uploads\/2025\/02\/cropped-nordnesrepublikken-2.png","width":1248,"height":362,"caption":"Nordnesrepublikken"},"image":{"@id":"https:\/\/nordnesrepublikken.no\/#\/schema\/logo\/image\/"}},{"@type":"Person","@id":"https:\/\/nordnesrepublikken.no\/#\/schema\/person\/2e7e81935bab77882fffb79296240ff1","name":"Ole Andersen","image":{"@type":"ImageObject","inLanguage":"nb-NO","@id":"https:\/\/nordnesrepublikken.no\/#\/schema\/person\/image\/","url":"https:\/\/nordnesrepublikken.no\/wp-content\/uploads\/2025\/02\/nordnesrepublikken-2-2-150x150.jpg","contentUrl":"https:\/\/nordnesrepublikken.no\/wp-content\/uploads\/2025\/02\/nordnesrepublikken-2-2-150x150.jpg","caption":"Ole Andersen"},"description":"Ettersom jeg vokste opp i Oslo, har jeg alltid v\u00e6rt fascinert av ordenes kraft og deres evne til \u00e5 skape endringer. Etter \u00e5 ha fullf\u00f8rt min utdannelse i kommunikasjon ved Universitetet i Bergen, fikk jeg muligheten til \u00e5 jobbe innen ulike medier, der jeg har s\u00f8kt \u00e5 belyse viktige samfunnssp\u00f8rsm\u00e5l. I dag, som redakt\u00f8r for Nordnesrepublikken, pr\u00f8ver jeg \u00e5 forene min kj\u00e6rlighet for journalistikk med min lidenskap for innovasjon og eventyr.","sameAs":["https:\/\/nordnesrepublikken.no\/"]}]}},"_links":{"self":[{"href":"https:\/\/nordnesrepublikken.no\/index.php\/wp-json\/wp\/v2\/posts\/10033","targetHints":{"allow":["GET"]}}],"collection":[{"href":"https:\/\/nordnesrepublikken.no\/index.php\/wp-json\/wp\/v2\/posts"}],"about":[{"href":"https:\/\/nordnesrepublikken.no\/index.php\/wp-json\/wp\/v2\/types\/post"}],"author":[{"embeddable":true,"href":"https:\/\/nordnesrepublikken.no\/index.php\/wp-json\/wp\/v2\/users\/1"}],"replies":[{"embeddable":true,"href":"https:\/\/nordnesrepublikken.no\/index.php\/wp-json\/wp\/v2\/comments?post=10033"}],"version-history":[{"count":1,"href":"https:\/\/nordnesrepublikken.no\/index.php\/wp-json\/wp\/v2\/posts\/10033\/revisions"}],"predecessor-version":[{"id":10035,"href":"https:\/\/nordnesrepublikken.no\/index.php\/wp-json\/wp\/v2\/posts\/10033\/revisions\/10035"}],"wp:featuredmedia":[{"embeddable":true,"href":"https:\/\/nordnesrepublikken.no\/index.php\/wp-json\/wp\/v2\/media\/10034"}],"wp:attachment":[{"href":"https:\/\/nordnesrepublikken.no\/index.php\/wp-json\/wp\/v2\/media?parent=10033"}],"wp:term":[{"taxonomy":"category","embeddable":true,"href":"https:\/\/nordnesrepublikken.no\/index.php\/wp-json\/wp\/v2\/categories?post=10033"},{"taxonomy":"post_tag","embeddable":true,"href":"https:\/\/nordnesrepublikken.no\/index.php\/wp-json\/wp\/v2\/tags?post=10033"}],"curies":[{"name":"wp","href":"https:\/\/api.w.org\/{rel}","templated":true}]}}