{"id":10024,"date":"2025-09-27T15:49:56","date_gmt":"2025-09-27T13:49:56","guid":{"rendered":"https:\/\/nordnesrepublikken.no\/index.php\/2025\/09\/27\/hvilke-italienske-byer-kan-ende-opp-med-a-bli-nedsenket-hvis-hele-antarktisk-calotta-messee-studien\/"},"modified":"2025-09-27T15:50:00","modified_gmt":"2025-09-27T13:50:00","slug":"hvilke-italienske-byer-kan-ende-opp-med-a-bli-nedsenket-hvis-hele-antarktisk-calotta-messee-studien","status":"publish","type":"post","link":"https:\/\/nordnesrepublikken.no\/index.php\/2025\/09\/27\/hvilke-italienske-byer-kan-ende-opp-med-a-bli-nedsenket-hvis-hele-antarktisk-calotta-messee-studien\/","title":{"rendered":"Hvilke italienske byer kan ende opp med \u00e5 bli nedsenket hvis hele antarktisk calotta messee: studien"},"content":{"rendered":"<div>\n<div class=\"cp_wrapper cp_wrapper--fw mb-30 mb-20@tablet\">\n<figure class=\"mm\"><picture class=\"img\" style=\"padding-top:56.25%\"><source  media=\"(min-width: 1024px)\"><source  media=\"(min-width: 768px)\"><\/source><\/source><\/picture><\/figure>\n<\/p><\/div>\n<p>I perioden mellom 1901 og 2018 \u00f8kes gjennomsnittlig globalt niv\u00e5 av havet med omtrent <strong>15-25 centimeter<\/strong>hovedsakelig p\u00e5 grunn av <strong>Fusjon av isdyr<\/strong> og den termiske utvidelsen av havene. Spesielt bekymringsfull er akselerasjonen og omfanget av dette fenomenet, vitnet av at den globale ratefrekvensen er nesten <strong>doblet<\/strong> de siste ti\u00e5rene. En fersk studie utf\u00f8rt av forskere fra University of New South Wales og publisert i The Scientific Journal <em>PNAs<\/em> (<em>Proceedings of the National Academy of Sciences<\/em>) har vist at en \u00f8kning i <strong>2 \u00b0 C.<\/strong> av havets gjennomsnittstemperatur, uavhengig av ytterligere \u00f8kninger i global oppvarming, ville f\u00f8re til <strong>Fullstendig fusjon<\/strong> av ishoppen til<strong>Vestlige Antarktis<\/strong>bestemme en <strong>Oppdra<\/strong> gjennomsnittlig niv\u00e5 av havet p\u00e5 ca. <strong>3,8 meter<\/strong> innen et \u00e5rtusen. Denne dynamikken ville ha en direkte innvirkning p\u00e5 de italienske kystene, <strong>kompromiss<\/strong> Sikkerheten i urbane omr\u00e5der og kystsamfunn med h\u00f8y boligtetthet lokalisert i lav h\u00f8yde, fra Venezia og Ravenna, opp til Livorno, Catania og Cagliari.<\/p>\n<h2>Det komplette kartet over de italienske byene som er mest utsatt<\/h2>\n<p>I tilfelle dette scenariet materialiserte seg, utviklet de interaktive kartene av <strong>Klima sentralt<\/strong> indikere at de mest utsatte italienske omr\u00e5dene hovedsakelig vil v\u00e6re i omr\u00e5det<strong>H\u00f8y Adriaterhav<\/strong>; spesielt, <strong>Venezia<\/strong> og <strong>Delta<\/strong> <strong>stang<\/strong> de ville v\u00e6re <strong>helt nedsenket<\/strong>mister effektivt tilstanden. Samtidig er forskjellige steder av<strong> Riviera Romagnola<\/strong>inkludert <strong>Riccione<\/strong>, <strong>Ravenna<\/strong>, <strong>Misano<\/strong>, <strong>katolikk<\/strong> Og <strong>Rimini<\/strong> De ville lide betydelig skade, med det p\u00e5f\u00f8lgende tapet av kysttrekk av betydelig symbolsk verdi for turisme ved sj\u00f8lisen. Faktisk ville territoriet mellom Veneto og Emilia-Romagna p\u00e5 grunn av dets geomorfologiske egenskaper og fenomenet innsynkning, eller den langsomme og gradvise senking av jordoverflaten, v\u00e6re spesielt utsatt for permanente marine innganger. I S\u00f8r -Adriaterhavet, ogs\u00e5 <strong>Manfredonia Gulf<\/strong> Det representerer et h\u00f8yt s\u00e5rbarhetsomr\u00e5de, med urbane bosetninger som potensielt er ment \u00e5 plassere seg under havniv\u00e5et.<\/p>\n<div class=\"cp_wrapper cp_wrapper--fw mb-50\">\n<figure class=\"mm\"><picture class=\"img\" style=\"padding-top:119.84615384615%\"><source  media=\"(min-width: 1024px)\"><source  media=\"(min-width: 768px)\"><img decoding=\"async\" loading=\"lazy\" src=\"https:\/\/nordnesrepublikken.no\/wp-content\/uploads\/2025\/09\/1758980996_606_Hvilke-italienske-byer-kan-ende-opp-med-a-bli-nedsenket.jpg\" alt=\"Bilde\" width=\"1300\" height=\"1558\"\/><\/source><\/source><\/picture><\/figure>\n<\/p><\/div>\n<p>P\u00e5 den tyrrhenianske kyststripen ville en \u00f8kning i det marine niv\u00e5et p\u00e5 over 3 meter f\u00f8re til oversv\u00f8mmelse av mange toskanske steder, som strekker seg fra <strong>Versilia<\/strong> til <strong>Livorno<\/strong>inkludert noen omr\u00e5der av <strong>Marina di Grosseto<\/strong>. I Lazio, kystomr\u00e5dene i <strong>Vert<\/strong> Og <strong>Fiumicino<\/strong> ville v\u00e6re nedsenket, sammen med turiststeder som som <strong>Terracin<\/strong>, <strong>Sperlonga<\/strong> Og <strong>Gaeta<\/strong>. Campania ville ogs\u00e5 v\u00e6re betydelig interessert: i tillegg til byen <strong>Napoli<\/strong>Et av de mest utsatte bysentrene, en markant s\u00e5rbarhet blir fremhevet p\u00e5 forskjellige steder av <strong>kyst<\/strong> <strong>Domizio<\/strong>inkludert <strong>Castel Volturno<\/strong> Og <strong>Lake Patria<\/strong>s\u00e5 vel som i omr\u00e5dene til <strong>Cilento<\/strong> ved siden av <strong>Sele Sele<\/strong>.<\/p>\n<p>P\u00e5 <strong>ionisk side<\/strong>Kystomr\u00e5dene i Basilicata og Calabria ville bli utsatt for dyptgripende transformasjoner, med spesiell oppmerksomhet i omr\u00e5dene n\u00e6r <strong>Vanlig Sibari.<\/strong> P\u00e5 Sicilia, kystomr\u00e5dene til<strong> Catania<\/strong> De vil gjennomg\u00e5 h\u00f8y risiko. Selv Sardinia ville ikke v\u00e6re immun mot p\u00e5virkninger, med kritiske problemer hovedsakelig funnet i <strong>Cagliari Gulf<\/strong>a <strong>Oristano<\/strong> og langs <strong>S\u00f8r-\u00f8stkysten<\/strong>.<\/p>\n<h2>Er et slikt scenario realistisk?<\/h2>\n<p>For \u00f8yeblikket leder det vitenskapelige samfunnet i dybdeunders\u00f8kelser og analyser som tar sikte p\u00e5 \u00e5 definere sannsynligheten for det aktuelle scenariet med st\u00f8rre presisjon. National Institute of Geophysics and Volcanology (INGV) indikerer at en fullstendig fusjon av antarktiske polare caps i n\u00e6r fremtid ikke er sannsynlig. Dette st\u00f8ttes av frav\u00e6ret av en betydelig trend i utvidelsen av den antarktiske havisen, p\u00e5 grunn av en <strong>H\u00f8y indre variabilitet<\/strong> som inneb\u00e6rer en usikkerhet vesentlig sammenlignbar med amplituden til selve den anerkjente tendensen. Imidlertid representerer den antarktiske halv\u00f8ya et av de mest f\u00f8lsomme omr\u00e5dene for global oppvarming. I <strong>Februar 2023<\/strong>denne regionen registrerte <strong>Historisk minimumsverdi<\/strong> av havisforlengelse, med en nedgang i <strong>38%<\/strong> Sammenlignet med det historiske gjennomsnittet av perioden <strong>1979-2022<\/strong> for samme m\u00e5ned, som bemerket av programmet <strong>Copernicus<\/strong>Integrert system for jordsatellittobservasjoner.<\/p>\n<div class=\"cp_wrapper cp_wrapper--fw mb-50\">\n<figure class=\"mm\"><picture class=\"img\" style=\"padding-top:60.21897810219%\"><source  media=\"(min-width: 1024px)\"><source  media=\"(min-width: 768px)\"><img decoding=\"async\" loading=\"lazy\" src=\"https:\/\/nordnesrepublikken.no\/wp-content\/uploads\/2025\/09\/1758980996_751_Hvilke-italienske-byer-kan-ende-opp-med-a-bli-nedsenket.jpg\" alt=\"Bilde\" width=\"1096\" height=\"660\" class=\"js-seedtag-img\"\/><\/source><\/source><\/picture><\/figure>\n<\/p><\/div>\n<p>Rimelige usikkerheter gjenst\u00e5r ogs\u00e5 n\u00e5r det gjelder tider og forhold som den antarktiske isbreen n\u00e5r &laquo;<strong>punkt<\/strong> <strong>av ingen retur<\/strong>&laquo;, Det er den kritiske terskelen utover som fusjonsprosessen vil bli <strong>irreversibel<\/strong>. \u00c5 overvinne denne grensen kan bestemme en \u00f8kning i havniv\u00e5et <strong>langvarig i \u00e5rhundrer eller \u00e5rtusener<\/strong>med potensielt katastrofale konsekvenser for kystomr\u00e5der i global skala. Gitt alvoret i disse risikoene, er det viktig \u00e5 implementere med <strong>Hastighetstiltak<\/strong> Noen ganger for \u00e5 dempe terrestrisk overoppheting gjennom synergistiske handlinger, for eksempel reduksjon av utslipp av klimagasser og beskyttelse av de mest f\u00f8lsomme \u00e5rsakene.<\/p>\n<\/p><\/div>\n","protected":false},"excerpt":{"rendered":"<p>I perioden mellom 1901 og 2018 \u00f8kes gjennomsnittlig globalt niv\u00e5 av havet med omtrent 15-25<\/p>\n","protected":false},"author":1,"featured_media":10025,"comment_status":"closed","ping_status":"open","sticky":false,"template":"","format":"standard","meta":{"footnotes":""},"categories":[26],"tags":[6572,218,3025,6573,2704,3372,784,405,782,339,79,6574,5842,283,262],"class_list":["post-10024","post","type-post","status-publish","format-standard","has-post-thumbnail","hentry","category-miljo","tag-antarktisk","tag-bli","tag-byer","tag-calotta","tag-ende","tag-hele","tag-hvilke","tag-hvis","tag-italienske","tag-kan","tag-med","tag-messee","tag-nedsenket","tag-opp","tag-studien","generate-columns","tablet-grid-50","mobile-grid-100","grid-parent","grid-33","resize-featured-image"],"yoast_head":"<!-- This site is optimized with the Yoast SEO plugin v24.4 - https:\/\/yoast.com\/wordpress\/plugins\/seo\/ -->\n<title>Hvilke italienske byer kan ende opp med \u00e5 bli nedsenket hvis hele antarktisk calotta messee: studien - Nordnesrepublikken<\/title>\n<meta name=\"robots\" content=\"index, follow, max-snippet:-1, max-image-preview:large, max-video-preview:-1\" \/>\n<link rel=\"canonical\" href=\"https:\/\/nordnesrepublikken.no\/index.php\/2025\/09\/27\/hvilke-italienske-byer-kan-ende-opp-med-a-bli-nedsenket-hvis-hele-antarktisk-calotta-messee-studien\/\" \/>\n<meta property=\"og:locale\" content=\"nb_NO\" \/>\n<meta property=\"og:type\" content=\"article\" \/>\n<meta property=\"og:title\" content=\"Hvilke italienske byer kan ende opp med \u00e5 bli nedsenket hvis hele antarktisk calotta messee: studien - Nordnesrepublikken\" \/>\n<meta property=\"og:description\" content=\"I perioden mellom 1901 og 2018 \u00f8kes gjennomsnittlig globalt niv\u00e5 av havet med omtrent 15-25\" \/>\n<meta property=\"og:url\" content=\"https:\/\/nordnesrepublikken.no\/index.php\/2025\/09\/27\/hvilke-italienske-byer-kan-ende-opp-med-a-bli-nedsenket-hvis-hele-antarktisk-calotta-messee-studien\/\" \/>\n<meta property=\"og:site_name\" content=\"Nordnesrepublikken\" \/>\n<meta property=\"article:published_time\" content=\"2025-09-27T13:49:56+00:00\" \/>\n<meta property=\"article:modified_time\" content=\"2025-09-27T13:50:00+00:00\" \/>\n<meta property=\"og:image\" content=\"https:\/\/nordnesrepublikken.no\/wp-content\/uploads\/2025\/09\/1758980997_Hvilke-italienske-byer-kan-ende-opp-med-a-bli-nedsenket.jpg\" \/>\n\t<meta property=\"og:image:width\" content=\"2549\" \/>\n\t<meta property=\"og:image:height\" content=\"1491\" \/>\n\t<meta property=\"og:image:type\" content=\"image\/jpeg\" \/>\n<meta name=\"author\" content=\"Ole Andersen\" \/>\n<meta name=\"twitter:card\" content=\"summary_large_image\" \/>\n<meta name=\"twitter:label1\" content=\"Skrevet av\" \/>\n\t<meta name=\"twitter:data1\" content=\"Ole Andersen\" \/>\n\t<meta name=\"twitter:label2\" content=\"Ansl. lesetid\" \/>\n\t<meta name=\"twitter:data2\" content=\"3 minutter\" \/>\n<script type=\"application\/ld+json\" class=\"yoast-schema-graph\">{\"@context\":\"https:\/\/schema.org\",\"@graph\":[{\"@type\":\"Article\",\"@id\":\"https:\/\/nordnesrepublikken.no\/index.php\/2025\/09\/27\/hvilke-italienske-byer-kan-ende-opp-med-a-bli-nedsenket-hvis-hele-antarktisk-calotta-messee-studien\/#article\",\"isPartOf\":{\"@id\":\"https:\/\/nordnesrepublikken.no\/index.php\/2025\/09\/27\/hvilke-italienske-byer-kan-ende-opp-med-a-bli-nedsenket-hvis-hele-antarktisk-calotta-messee-studien\/\"},\"author\":{\"name\":\"Ole Andersen\",\"@id\":\"https:\/\/nordnesrepublikken.no\/#\/schema\/person\/2e7e81935bab77882fffb79296240ff1\"},\"headline\":\"Hvilke italienske byer kan ende opp med \u00e5 bli nedsenket hvis hele antarktisk calotta messee: studien\",\"datePublished\":\"2025-09-27T13:49:56+00:00\",\"dateModified\":\"2025-09-27T13:50:00+00:00\",\"mainEntityOfPage\":{\"@id\":\"https:\/\/nordnesrepublikken.no\/index.php\/2025\/09\/27\/hvilke-italienske-byer-kan-ende-opp-med-a-bli-nedsenket-hvis-hele-antarktisk-calotta-messee-studien\/\"},\"wordCount\":713,\"publisher\":{\"@id\":\"https:\/\/nordnesrepublikken.no\/#organization\"},\"image\":{\"@id\":\"https:\/\/nordnesrepublikken.no\/index.php\/2025\/09\/27\/hvilke-italienske-byer-kan-ende-opp-med-a-bli-nedsenket-hvis-hele-antarktisk-calotta-messee-studien\/#primaryimage\"},\"thumbnailUrl\":\"https:\/\/nordnesrepublikken.no\/wp-content\/uploads\/2025\/09\/1758980997_Hvilke-italienske-byer-kan-ende-opp-med-a-bli-nedsenket.jpg\",\"keywords\":[\"antarktisk\",\"bli\",\"byer\",\"calotta\",\"ende\",\"hele\",\"hvilke\",\"hvis\",\"italienske\",\"kan\",\"med\",\"messee\",\"nedsenket\",\"opp\",\"studien\"],\"articleSection\":[\"Milj\u00f8\"],\"inLanguage\":\"nb-NO\"},{\"@type\":\"WebPage\",\"@id\":\"https:\/\/nordnesrepublikken.no\/index.php\/2025\/09\/27\/hvilke-italienske-byer-kan-ende-opp-med-a-bli-nedsenket-hvis-hele-antarktisk-calotta-messee-studien\/\",\"url\":\"https:\/\/nordnesrepublikken.no\/index.php\/2025\/09\/27\/hvilke-italienske-byer-kan-ende-opp-med-a-bli-nedsenket-hvis-hele-antarktisk-calotta-messee-studien\/\",\"name\":\"Hvilke italienske byer kan ende opp med \u00e5 bli nedsenket hvis hele antarktisk calotta messee: studien - Nordnesrepublikken\",\"isPartOf\":{\"@id\":\"https:\/\/nordnesrepublikken.no\/#website\"},\"primaryImageOfPage\":{\"@id\":\"https:\/\/nordnesrepublikken.no\/index.php\/2025\/09\/27\/hvilke-italienske-byer-kan-ende-opp-med-a-bli-nedsenket-hvis-hele-antarktisk-calotta-messee-studien\/#primaryimage\"},\"image\":{\"@id\":\"https:\/\/nordnesrepublikken.no\/index.php\/2025\/09\/27\/hvilke-italienske-byer-kan-ende-opp-med-a-bli-nedsenket-hvis-hele-antarktisk-calotta-messee-studien\/#primaryimage\"},\"thumbnailUrl\":\"https:\/\/nordnesrepublikken.no\/wp-content\/uploads\/2025\/09\/1758980997_Hvilke-italienske-byer-kan-ende-opp-med-a-bli-nedsenket.jpg\",\"datePublished\":\"2025-09-27T13:49:56+00:00\",\"dateModified\":\"2025-09-27T13:50:00+00:00\",\"breadcrumb\":{\"@id\":\"https:\/\/nordnesrepublikken.no\/index.php\/2025\/09\/27\/hvilke-italienske-byer-kan-ende-opp-med-a-bli-nedsenket-hvis-hele-antarktisk-calotta-messee-studien\/#breadcrumb\"},\"inLanguage\":\"nb-NO\",\"potentialAction\":[{\"@type\":\"ReadAction\",\"target\":[\"https:\/\/nordnesrepublikken.no\/index.php\/2025\/09\/27\/hvilke-italienske-byer-kan-ende-opp-med-a-bli-nedsenket-hvis-hele-antarktisk-calotta-messee-studien\/\"]}]},{\"@type\":\"ImageObject\",\"inLanguage\":\"nb-NO\",\"@id\":\"https:\/\/nordnesrepublikken.no\/index.php\/2025\/09\/27\/hvilke-italienske-byer-kan-ende-opp-med-a-bli-nedsenket-hvis-hele-antarktisk-calotta-messee-studien\/#primaryimage\",\"url\":\"https:\/\/nordnesrepublikken.no\/wp-content\/uploads\/2025\/09\/1758980997_Hvilke-italienske-byer-kan-ende-opp-med-a-bli-nedsenket.jpg\",\"contentUrl\":\"https:\/\/nordnesrepublikken.no\/wp-content\/uploads\/2025\/09\/1758980997_Hvilke-italienske-byer-kan-ende-opp-med-a-bli-nedsenket.jpg\",\"width\":2549,\"height\":1491,\"caption\":\"Hvilke italienske byer kan ende opp med \u00e5 bli nedsenket hvis hele antarktisk calotta messee: studien\"},{\"@type\":\"BreadcrumbList\",\"@id\":\"https:\/\/nordnesrepublikken.no\/index.php\/2025\/09\/27\/hvilke-italienske-byer-kan-ende-opp-med-a-bli-nedsenket-hvis-hele-antarktisk-calotta-messee-studien\/#breadcrumb\",\"itemListElement\":[{\"@type\":\"ListItem\",\"position\":1,\"name\":\"Home\",\"item\":\"https:\/\/nordnesrepublikken.no\/\"},{\"@type\":\"ListItem\",\"position\":2,\"name\":\"Hvilke italienske byer kan ende opp med \u00e5 bli nedsenket hvis hele antarktisk calotta messee: studien\"}]},{\"@type\":\"WebSite\",\"@id\":\"https:\/\/nordnesrepublikken.no\/#website\",\"url\":\"https:\/\/nordnesrepublikken.no\/\",\"name\":\"Nordnesrepublikken\",\"description\":\"Stemmer og Visjoner fra Republikkens Hjerte\",\"publisher\":{\"@id\":\"https:\/\/nordnesrepublikken.no\/#organization\"},\"potentialAction\":[{\"@type\":\"SearchAction\",\"target\":{\"@type\":\"EntryPoint\",\"urlTemplate\":\"https:\/\/nordnesrepublikken.no\/?s={search_term_string}\"},\"query-input\":{\"@type\":\"PropertyValueSpecification\",\"valueRequired\":true,\"valueName\":\"search_term_string\"}}],\"inLanguage\":\"nb-NO\"},{\"@type\":\"Organization\",\"@id\":\"https:\/\/nordnesrepublikken.no\/#organization\",\"name\":\"Nordnesrepublikken\",\"url\":\"https:\/\/nordnesrepublikken.no\/\",\"logo\":{\"@type\":\"ImageObject\",\"inLanguage\":\"nb-NO\",\"@id\":\"https:\/\/nordnesrepublikken.no\/#\/schema\/logo\/image\/\",\"url\":\"https:\/\/nordnesrepublikken.no\/wp-content\/uploads\/2025\/02\/cropped-nordnesrepublikken-2.png\",\"contentUrl\":\"https:\/\/nordnesrepublikken.no\/wp-content\/uploads\/2025\/02\/cropped-nordnesrepublikken-2.png\",\"width\":1248,\"height\":362,\"caption\":\"Nordnesrepublikken\"},\"image\":{\"@id\":\"https:\/\/nordnesrepublikken.no\/#\/schema\/logo\/image\/\"}},{\"@type\":\"Person\",\"@id\":\"https:\/\/nordnesrepublikken.no\/#\/schema\/person\/2e7e81935bab77882fffb79296240ff1\",\"name\":\"Ole Andersen\",\"image\":{\"@type\":\"ImageObject\",\"inLanguage\":\"nb-NO\",\"@id\":\"https:\/\/nordnesrepublikken.no\/#\/schema\/person\/image\/\",\"url\":\"https:\/\/nordnesrepublikken.no\/wp-content\/uploads\/2025\/02\/nordnesrepublikken-2-2-150x150.jpg\",\"contentUrl\":\"https:\/\/nordnesrepublikken.no\/wp-content\/uploads\/2025\/02\/nordnesrepublikken-2-2-150x150.jpg\",\"caption\":\"Ole Andersen\"},\"description\":\"Ettersom jeg vokste opp i Oslo, har jeg alltid v\u00e6rt fascinert av ordenes kraft og deres evne til \u00e5 skape endringer. Etter \u00e5 ha fullf\u00f8rt min utdannelse i kommunikasjon ved Universitetet i Bergen, fikk jeg muligheten til \u00e5 jobbe innen ulike medier, der jeg har s\u00f8kt \u00e5 belyse viktige samfunnssp\u00f8rsm\u00e5l. I dag, som redakt\u00f8r for Nordnesrepublikken, pr\u00f8ver jeg \u00e5 forene min kj\u00e6rlighet for journalistikk med min lidenskap for innovasjon og eventyr.\",\"sameAs\":[\"https:\/\/nordnesrepublikken.no\/\"]}]}<\/script>\n<!-- \/ Yoast SEO plugin. -->","yoast_head_json":{"title":"Hvilke italienske byer kan ende opp med \u00e5 bli nedsenket hvis hele antarktisk calotta messee: studien - Nordnesrepublikken","robots":{"index":"index","follow":"follow","max-snippet":"max-snippet:-1","max-image-preview":"max-image-preview:large","max-video-preview":"max-video-preview:-1"},"canonical":"https:\/\/nordnesrepublikken.no\/index.php\/2025\/09\/27\/hvilke-italienske-byer-kan-ende-opp-med-a-bli-nedsenket-hvis-hele-antarktisk-calotta-messee-studien\/","og_locale":"nb_NO","og_type":"article","og_title":"Hvilke italienske byer kan ende opp med \u00e5 bli nedsenket hvis hele antarktisk calotta messee: studien - Nordnesrepublikken","og_description":"I perioden mellom 1901 og 2018 \u00f8kes gjennomsnittlig globalt niv\u00e5 av havet med omtrent 15-25","og_url":"https:\/\/nordnesrepublikken.no\/index.php\/2025\/09\/27\/hvilke-italienske-byer-kan-ende-opp-med-a-bli-nedsenket-hvis-hele-antarktisk-calotta-messee-studien\/","og_site_name":"Nordnesrepublikken","article_published_time":"2025-09-27T13:49:56+00:00","article_modified_time":"2025-09-27T13:50:00+00:00","og_image":[{"width":2549,"height":1491,"url":"https:\/\/nordnesrepublikken.no\/wp-content\/uploads\/2025\/09\/1758980997_Hvilke-italienske-byer-kan-ende-opp-med-a-bli-nedsenket.jpg","type":"image\/jpeg"}],"author":"Ole Andersen","twitter_card":"summary_large_image","twitter_misc":{"Skrevet av":"Ole Andersen","Ansl. lesetid":"3 minutter"},"schema":{"@context":"https:\/\/schema.org","@graph":[{"@type":"Article","@id":"https:\/\/nordnesrepublikken.no\/index.php\/2025\/09\/27\/hvilke-italienske-byer-kan-ende-opp-med-a-bli-nedsenket-hvis-hele-antarktisk-calotta-messee-studien\/#article","isPartOf":{"@id":"https:\/\/nordnesrepublikken.no\/index.php\/2025\/09\/27\/hvilke-italienske-byer-kan-ende-opp-med-a-bli-nedsenket-hvis-hele-antarktisk-calotta-messee-studien\/"},"author":{"name":"Ole Andersen","@id":"https:\/\/nordnesrepublikken.no\/#\/schema\/person\/2e7e81935bab77882fffb79296240ff1"},"headline":"Hvilke italienske byer kan ende opp med \u00e5 bli nedsenket hvis hele antarktisk calotta messee: studien","datePublished":"2025-09-27T13:49:56+00:00","dateModified":"2025-09-27T13:50:00+00:00","mainEntityOfPage":{"@id":"https:\/\/nordnesrepublikken.no\/index.php\/2025\/09\/27\/hvilke-italienske-byer-kan-ende-opp-med-a-bli-nedsenket-hvis-hele-antarktisk-calotta-messee-studien\/"},"wordCount":713,"publisher":{"@id":"https:\/\/nordnesrepublikken.no\/#organization"},"image":{"@id":"https:\/\/nordnesrepublikken.no\/index.php\/2025\/09\/27\/hvilke-italienske-byer-kan-ende-opp-med-a-bli-nedsenket-hvis-hele-antarktisk-calotta-messee-studien\/#primaryimage"},"thumbnailUrl":"https:\/\/nordnesrepublikken.no\/wp-content\/uploads\/2025\/09\/1758980997_Hvilke-italienske-byer-kan-ende-opp-med-a-bli-nedsenket.jpg","keywords":["antarktisk","bli","byer","calotta","ende","hele","hvilke","hvis","italienske","kan","med","messee","nedsenket","opp","studien"],"articleSection":["Milj\u00f8"],"inLanguage":"nb-NO"},{"@type":"WebPage","@id":"https:\/\/nordnesrepublikken.no\/index.php\/2025\/09\/27\/hvilke-italienske-byer-kan-ende-opp-med-a-bli-nedsenket-hvis-hele-antarktisk-calotta-messee-studien\/","url":"https:\/\/nordnesrepublikken.no\/index.php\/2025\/09\/27\/hvilke-italienske-byer-kan-ende-opp-med-a-bli-nedsenket-hvis-hele-antarktisk-calotta-messee-studien\/","name":"Hvilke italienske byer kan ende opp med \u00e5 bli nedsenket hvis hele antarktisk calotta messee: studien - Nordnesrepublikken","isPartOf":{"@id":"https:\/\/nordnesrepublikken.no\/#website"},"primaryImageOfPage":{"@id":"https:\/\/nordnesrepublikken.no\/index.php\/2025\/09\/27\/hvilke-italienske-byer-kan-ende-opp-med-a-bli-nedsenket-hvis-hele-antarktisk-calotta-messee-studien\/#primaryimage"},"image":{"@id":"https:\/\/nordnesrepublikken.no\/index.php\/2025\/09\/27\/hvilke-italienske-byer-kan-ende-opp-med-a-bli-nedsenket-hvis-hele-antarktisk-calotta-messee-studien\/#primaryimage"},"thumbnailUrl":"https:\/\/nordnesrepublikken.no\/wp-content\/uploads\/2025\/09\/1758980997_Hvilke-italienske-byer-kan-ende-opp-med-a-bli-nedsenket.jpg","datePublished":"2025-09-27T13:49:56+00:00","dateModified":"2025-09-27T13:50:00+00:00","breadcrumb":{"@id":"https:\/\/nordnesrepublikken.no\/index.php\/2025\/09\/27\/hvilke-italienske-byer-kan-ende-opp-med-a-bli-nedsenket-hvis-hele-antarktisk-calotta-messee-studien\/#breadcrumb"},"inLanguage":"nb-NO","potentialAction":[{"@type":"ReadAction","target":["https:\/\/nordnesrepublikken.no\/index.php\/2025\/09\/27\/hvilke-italienske-byer-kan-ende-opp-med-a-bli-nedsenket-hvis-hele-antarktisk-calotta-messee-studien\/"]}]},{"@type":"ImageObject","inLanguage":"nb-NO","@id":"https:\/\/nordnesrepublikken.no\/index.php\/2025\/09\/27\/hvilke-italienske-byer-kan-ende-opp-med-a-bli-nedsenket-hvis-hele-antarktisk-calotta-messee-studien\/#primaryimage","url":"https:\/\/nordnesrepublikken.no\/wp-content\/uploads\/2025\/09\/1758980997_Hvilke-italienske-byer-kan-ende-opp-med-a-bli-nedsenket.jpg","contentUrl":"https:\/\/nordnesrepublikken.no\/wp-content\/uploads\/2025\/09\/1758980997_Hvilke-italienske-byer-kan-ende-opp-med-a-bli-nedsenket.jpg","width":2549,"height":1491,"caption":"Hvilke italienske byer kan ende opp med \u00e5 bli nedsenket hvis hele antarktisk calotta messee: studien"},{"@type":"BreadcrumbList","@id":"https:\/\/nordnesrepublikken.no\/index.php\/2025\/09\/27\/hvilke-italienske-byer-kan-ende-opp-med-a-bli-nedsenket-hvis-hele-antarktisk-calotta-messee-studien\/#breadcrumb","itemListElement":[{"@type":"ListItem","position":1,"name":"Home","item":"https:\/\/nordnesrepublikken.no\/"},{"@type":"ListItem","position":2,"name":"Hvilke italienske byer kan ende opp med \u00e5 bli nedsenket hvis hele antarktisk calotta messee: studien"}]},{"@type":"WebSite","@id":"https:\/\/nordnesrepublikken.no\/#website","url":"https:\/\/nordnesrepublikken.no\/","name":"Nordnesrepublikken","description":"Stemmer og Visjoner fra Republikkens Hjerte","publisher":{"@id":"https:\/\/nordnesrepublikken.no\/#organization"},"potentialAction":[{"@type":"SearchAction","target":{"@type":"EntryPoint","urlTemplate":"https:\/\/nordnesrepublikken.no\/?s={search_term_string}"},"query-input":{"@type":"PropertyValueSpecification","valueRequired":true,"valueName":"search_term_string"}}],"inLanguage":"nb-NO"},{"@type":"Organization","@id":"https:\/\/nordnesrepublikken.no\/#organization","name":"Nordnesrepublikken","url":"https:\/\/nordnesrepublikken.no\/","logo":{"@type":"ImageObject","inLanguage":"nb-NO","@id":"https:\/\/nordnesrepublikken.no\/#\/schema\/logo\/image\/","url":"https:\/\/nordnesrepublikken.no\/wp-content\/uploads\/2025\/02\/cropped-nordnesrepublikken-2.png","contentUrl":"https:\/\/nordnesrepublikken.no\/wp-content\/uploads\/2025\/02\/cropped-nordnesrepublikken-2.png","width":1248,"height":362,"caption":"Nordnesrepublikken"},"image":{"@id":"https:\/\/nordnesrepublikken.no\/#\/schema\/logo\/image\/"}},{"@type":"Person","@id":"https:\/\/nordnesrepublikken.no\/#\/schema\/person\/2e7e81935bab77882fffb79296240ff1","name":"Ole Andersen","image":{"@type":"ImageObject","inLanguage":"nb-NO","@id":"https:\/\/nordnesrepublikken.no\/#\/schema\/person\/image\/","url":"https:\/\/nordnesrepublikken.no\/wp-content\/uploads\/2025\/02\/nordnesrepublikken-2-2-150x150.jpg","contentUrl":"https:\/\/nordnesrepublikken.no\/wp-content\/uploads\/2025\/02\/nordnesrepublikken-2-2-150x150.jpg","caption":"Ole Andersen"},"description":"Ettersom jeg vokste opp i Oslo, har jeg alltid v\u00e6rt fascinert av ordenes kraft og deres evne til \u00e5 skape endringer. Etter \u00e5 ha fullf\u00f8rt min utdannelse i kommunikasjon ved Universitetet i Bergen, fikk jeg muligheten til \u00e5 jobbe innen ulike medier, der jeg har s\u00f8kt \u00e5 belyse viktige samfunnssp\u00f8rsm\u00e5l. I dag, som redakt\u00f8r for Nordnesrepublikken, pr\u00f8ver jeg \u00e5 forene min kj\u00e6rlighet for journalistikk med min lidenskap for innovasjon og eventyr.","sameAs":["https:\/\/nordnesrepublikken.no\/"]}]}},"_links":{"self":[{"href":"https:\/\/nordnesrepublikken.no\/index.php\/wp-json\/wp\/v2\/posts\/10024","targetHints":{"allow":["GET"]}}],"collection":[{"href":"https:\/\/nordnesrepublikken.no\/index.php\/wp-json\/wp\/v2\/posts"}],"about":[{"href":"https:\/\/nordnesrepublikken.no\/index.php\/wp-json\/wp\/v2\/types\/post"}],"author":[{"embeddable":true,"href":"https:\/\/nordnesrepublikken.no\/index.php\/wp-json\/wp\/v2\/users\/1"}],"replies":[{"embeddable":true,"href":"https:\/\/nordnesrepublikken.no\/index.php\/wp-json\/wp\/v2\/comments?post=10024"}],"version-history":[{"count":1,"href":"https:\/\/nordnesrepublikken.no\/index.php\/wp-json\/wp\/v2\/posts\/10024\/revisions"}],"predecessor-version":[{"id":10026,"href":"https:\/\/nordnesrepublikken.no\/index.php\/wp-json\/wp\/v2\/posts\/10024\/revisions\/10026"}],"wp:featuredmedia":[{"embeddable":true,"href":"https:\/\/nordnesrepublikken.no\/index.php\/wp-json\/wp\/v2\/media\/10025"}],"wp:attachment":[{"href":"https:\/\/nordnesrepublikken.no\/index.php\/wp-json\/wp\/v2\/media?parent=10024"}],"wp:term":[{"taxonomy":"category","embeddable":true,"href":"https:\/\/nordnesrepublikken.no\/index.php\/wp-json\/wp\/v2\/categories?post=10024"},{"taxonomy":"post_tag","embeddable":true,"href":"https:\/\/nordnesrepublikken.no\/index.php\/wp-json\/wp\/v2\/tags?post=10024"}],"curies":[{"name":"wp","href":"https:\/\/api.w.org\/{rel}","templated":true}]}}