{"id":10018,"date":"2025-09-27T11:49:48","date_gmt":"2025-09-27T09:49:48","guid":{"rendered":"https:\/\/nordnesrepublikken.no\/index.php\/2025\/09\/27\/hva-er-de-fem-lengste-levde-suverene-i-historien\/"},"modified":"2025-09-27T11:50:01","modified_gmt":"2025-09-27T09:50:01","slug":"hva-er-de-fem-lengste-levde-suverene-i-historien","status":"publish","type":"post","link":"https:\/\/nordnesrepublikken.no\/index.php\/2025\/09\/27\/hva-er-de-fem-lengste-levde-suverene-i-historien\/","title":{"rendered":"Hva er de fem lengste levde suverene i historien"},"content":{"rendered":"<div>\n<div class=\"cp_wrapper cp_wrapper--fw mb-30 mb-20@tablet\">\n<figure class=\"mm\"><picture class=\"img\" style=\"padding-top:56.25%\"><source  media=\"(min-width: 1024px)\"><source  media=\"(min-width: 768px)\"><\/source><\/source><\/picture><\/figure>\n<\/p><\/div>\n<p><strong>Louis XIV av Bourbon<\/strong>konge av Frankrike for <strong>72 \u00e5r og 110 dager<\/strong> (Selv om han i de f\u00f8rste 18 \u00e5rene av riket ikke personlig administrerte makt), regnes han for \u00f8yeblikket som kongen som har sittet lenger p\u00e5 tronen. Bak ham, i rangeringen av de lengste levede suverene, er Elizabeth II av Storbritannia plassert (<strong>dronning<\/strong> Videre lang levetid), Bhumibol Adiyadej fra Thailand, John II av Liechtenstein og den suverene Maya Pakal den store. Konger og dronninger, unntatt eksepsjonelle tilfeller, sitter p\u00e5 tronen for livet. Som et resultat, hvis de blir kronet n\u00e5r de er veldig unge, kan de forbli ved makten i mange \u00e5r. Andre suverene i tillegg til de som er nevnt <strong>Kanskje de har det<\/strong> <strong>regjerte enda lenger<\/strong>men det er ingen visse kilder, eller det er ikke klart om de hadde status som konge.<\/p>\n<p> <!-- SUMMARY --> <\/p>\n<h2 id=\"luigi-xiv-di-francia\"><strong>Louis XIV av Frankrike<\/strong><\/h2>\n<p>Den suverene som kan betraktes som lengst levende er Louis XIV, <strong>Sun King<\/strong>som satt p\u00e5 Frankrike fra 14. mai 1643 til d\u00f8den, som ankom 1. september 1715.<\/p>\n<div class=\"cp_wrapper cp_wrapper--fw mb-50\">\n<figure class=\"mm\"><picture class=\"img\" style=\"padding-top:139.35546875%\"><source  media=\"(min-width: 1024px)\"><source  media=\"(min-width: 768px)\"><img decoding=\"async\" loading=\"lazy\" src=\"https:\/\/nordnesrepublikken.no\/wp-content\/uploads\/2025\/09\/1758966588_114_Hva-er-de-fem-lengste-levde-suverene-i-historien.jpg\" alt=\"Louis XIV (Wikimedia Commons)\" width=\"1024\" height=\"1427\"\/><\/source><\/source><\/picture><\/figure>\n<\/p><\/div>\n<p>Totalt var Louis XIV konge av Frankrike for <strong>72 \u00e5r og 110 dager.<\/strong> Den suverene steg opp til tronen da han var mindre enn fem \u00e5r gammel (han ble f\u00f8dt 5. september 1638) og i de f\u00f8rste \u00e5rene av kongeriket administrerte han ikke personlig makt. Antok kontroll over staten f\u00f8rst i 1661, etter d\u00f8den av <strong>Kardinal Mazzarino<\/strong>som inntil da hadde styrt i suverenens navn. I \u00e5rene av hans rike Louis XIV sentraliserte han makt i hendene og bringer til ekstreme konsekvenser<strong>Monarkisk absolutisme<\/strong>oppsummert i uttrykket &laquo;<em>Etat c&#8217;est moi &laquo;<\/em>det vil si &laquo;staten er meg&raquo;, en setning som aldri er uttalt av den suverene, men like symbolsk for dens maktstyring.<\/p>\n<h2 id=\"elisabetta-ii-del-regno-unito\"><strong>Elizabeth II av Storbritannia<\/strong><\/h2>\n<p>P\u00e5 andreplass er en nylig forsvunnet suveren: Elisabetta II av England, p\u00e5 tronen siden 6. februar 1952, da faren Giorgio VI d\u00f8de, p\u00e5 d\u00f8den, som kom 8. september 2022.<\/p>\n<div class=\"cp_wrapper cp_wrapper--fw mb-50\">\n<figure class=\"mm\"><picture class=\"img\" style=\"padding-top:124.90234375%\"><source  media=\"(min-width: 1024px)\"><source  media=\"(min-width: 768px)\"><img decoding=\"async\" loading=\"lazy\" src=\"https:\/\/nordnesrepublikken.no\/wp-content\/uploads\/2025\/09\/1758966588_537_Hva-er-de-fem-lengste-levde-suverene-i-historien.jpg\" alt=\"Elisabetta II (Wikimedia Commons)\" width=\"1024\" height=\"1279\" class=\"js-seedtag-img\"\/><\/source><\/source><\/picture><\/figure>\n<\/p><\/div>\n<p>Totalt regjerte Elisabetta II i 70 \u00e5r og 214 dager. I l\u00f8pet av sitt lange rike var han ikke bare dronning av Storbritannia, men <strong>Ogs\u00e5 av de andre \u00f8vingene i Commonwealth<\/strong>selv om, p\u00e5 grunn av <strong>avkolonisering<\/strong>i den perioden han var Regina, mistet han eierskapet til noen riker. Blant annet var det formelt sett av State of Canada, Australia og New Zealand. Elizabeth, men ,, <strong>har egentlig ikke klart makt<\/strong> Verken i Storbritannia eller andre steder, med det britiske monarkiet seremonielle og representative funksjoner.<\/p>\n<h2 id=\"bhumibol-adulyadej-di-thailandia\"><strong>Bhumibol Adullyadej fra Thailand<\/strong><\/h2>\n<p>Etter Sun King og Elizabeth II, i rangeringen av de lengste kongene, er det en suveren som i Vesten er mye mindre kjent: Bhumibol Adullyadej, <strong>King of Thailand fra 9. juni 1946 til d\u00f8den<\/strong>ligger 13. oktober 2016, i totalt 70 \u00e5r og 126 dager.<\/p>\n<div class=\"cp_wrapper cp_wrapper--fw mb-50\">\n<figure class=\"mm\"><picture class=\"img\" style=\"padding-top:128.84043607532%\"><source  media=\"(min-width: 1024px)\"><source  media=\"(min-width: 768px)\"><img decoding=\"async\" loading=\"lazy\" src=\"https:\/\/nordnesrepublikken.no\/wp-content\/uploads\/2025\/09\/1758966588_651_Hva-er-de-fem-lengste-levde-suverene-i-historien.jpg\" alt=\"Bhumipol (Wikimedia Commons)\" width=\"1009\" height=\"1300\"\/><\/source><\/source><\/picture><\/figure>\n<\/p><\/div>\n<p>Regjeringen av Bhumibol var veldig viktig i Thailands historie og gjenopprettet prestisje til kongehuset, til det punktet at suveren i 1987 ble tildelt tittelen p\u00e5 <strong>Rama ix den store<\/strong>. Bhumibol var en konstitusjonell monark, men grep inn flere ganger i det politiske livet i sitt land.<\/p>\n<h2 id=\"giovanni-ii-del-liechtenstein\"><strong>John II av Liechtenstein<\/strong><\/h2>\n<p>John II var prinsen av Liechtenstein fra 12. november 1858 til 11. februar 1929, for totalt <strong>70 \u00e5r og 91 dager<\/strong>. Hans lange rike var preget av utstr\u00e5lingen av den f\u00f8rste grunnloven av landet og for \u00e5 fremme kunsten. Broren Francesco jeg etterfulgte ham.<\/p>\n<div class=\"cp_wrapper cp_wrapper--fw mb-50\">\n<figure class=\"mm\"><picture class=\"img\" style=\"padding-top:112.1875%\"><source  media=\"(min-width: 1024px)\"><source  media=\"(min-width: 768px)\"><img decoding=\"async\" loading=\"lazy\" src=\"https:\/\/nordnesrepublikken.no\/wp-content\/uploads\/2025\/09\/1758966588_327_Hva-er-de-fem-lengste-levde-suverene-i-historien.jpg\" alt=\"John II (Wikimedia Commons)\" width=\"1280\" height=\"1436\" class=\"js-seedtag-img\"\/><\/source><\/source><\/picture><\/figure>\n<\/p><\/div>\n<h2 id=\"pacal-il-grande-di-palenque\"><strong>Pacal den store palenque<\/strong><\/h2>\n<p>Det femte lengre riket i historien g\u00e5r tilbake til en mye eldre epoke: det syvende \u00e5rhundre e.Kr. <strong>Pacal K&#8217;aneich Janaab<\/strong>bedre kjent som Pacal den store. Soveren, kjent for krigene som ble gjennomf\u00f8rt mot byer i n\u00e6rheten, hadde sin hovedstad i byen <strong>Palenque<\/strong> Og restene av bygningen hans kan fortsatt bes\u00f8kes i dag.<\/p>\n<div class=\"cp_wrapper cp_wrapper--fw mb-50\">\n<figure class=\"mm\"><picture class=\"img\" style=\"padding-top:128.7109375%\"><source  media=\"(min-width: 1024px)\"><source  media=\"(min-width: 768px)\"><img decoding=\"async\" loading=\"lazy\" src=\"https:\/\/nordnesrepublikken.no\/wp-content\/uploads\/2025\/09\/1758966588_515_Hva-er-de-fem-lengste-levde-suverene-i-historien.jpg\" alt=\"Pacal the Great (Wikimedia Commons)\" width=\"1024\" height=\"1318\"\/><\/source><\/source><\/picture><\/figure>\n<\/p><\/div>\n<h2 id=\"sovrani-che-non-possono-essere-riconosciuti-tali-per-mancanza-di-fonti\">Suverene som ikke kan gjenkjennes som for mangel p\u00e5 kilder<\/h2>\n<p>Noen suverene har sannsynligvis regjert lenger enn de som er til stede i rangeringen. I noen tilfeller <strong>Det er ikke sikkert at de kan betraktes som konge<\/strong>\u00e5 v\u00e6re underlagt en annen autoritet; I andre tilfeller <strong>Kilder lar deg ikke vite n\u00f8yaktig hvilket<\/strong> Det var perioden med riket. Et eksempel p\u00e5 det f\u00f8rste tilfellet best\u00e5r av <strong>Sobhuza II<\/strong>som var Swazilands suverene (i dag Eswatini) fra 10. desember 1899 til 21. august 1982, i totalt 82 \u00e5r og 254 dager. Fram til 1968 var Swaziland imidlertid et britisk protektorat og formelt, formelt <strong>Statssjefen var Sovereign of England<\/strong>. F\u00f8rst etter uavhengigheten overtok Sobhuza tittelen King, selv om han faktisk allerede hadde ut\u00f8vd de f\u00f8rste monarkiske maktene.<\/p>\n<div class=\"cp_wrapper cp_wrapper--fw mb-50\">\n<figure class=\"mm\"><picture class=\"img\" style=\"padding-top:135.3562005277%\"><source  media=\"(min-width: 1024px)\"><source  media=\"(min-width: 768px)\"><img decoding=\"async\" loading=\"lazy\" src=\"https:\/\/nordnesrepublikken.no\/wp-content\/uploads\/2025\/09\/1758966588_834_Hva-er-de-fem-lengste-levde-suverene-i-historien.jpg\" alt=\"Sobhuza II (Wikimedia Commons)\" width=\"379\" height=\"513\" class=\"js-seedtag-img\"\/><\/source><\/source><\/picture><\/figure>\n<\/p><\/div>\n<p>Blant de suverene som vi ikke har visse kilder, inkluderer mange tilfeller som dateres tilbake til de eldste epoker. Et eksempel er farao <strong>Pepi II Neferkara<\/strong>suveren av det egyptiske dynastiet, som han ville ha regjert <strong>fra \u00e5ret 2278 f.Kr.<\/strong>ankom mellom 2214 og 2184 AC Hvis d\u00f8dsdatoen for 2184 ble bekreftet, ville Pepi II ha regjert i 94 \u00e5r. Det er imidlertid ikke mulig \u00e5 konstatere det, og f\u00f8lgelig den lengste levde forresten av suveren i historien fortsatt tilh\u00f8rer Louis XIV i Frankrike.<\/p>\n<p>Blant de andre suverene som har regjert i lang tid de dukker opp <strong>Francesco Giuseppe av \u00d8sterrike<\/strong>kongen som italienerne kjempet mot Risorgimento Wars, p\u00e5 tronen fra 2. desember 1848 til 21. november 1916; <strong>Storbritannias seier<\/strong>som regjerte fra 20. juni 1837 til 22. januar 1901, og ga navnet sitt til en tid med engelsk historie; Den japanske keiseren <strong>Hirohito<\/strong>p\u00e5 tronen fra 25. desember 1926 til 7. januar 1989, med betydelige endringer i sin stilling etter andre verdenskrig.<\/p>\n<\/p><\/div>\n","protected":false},"excerpt":{"rendered":"<p>Louis XIV av Bourbonkonge av Frankrike for 72 \u00e5r og 110 dager (Selv om han<\/p>\n","protected":false},"author":1,"featured_media":10019,"comment_status":"closed","ping_status":"open","sticky":false,"template":"","format":"standard","meta":{"footnotes":""},"categories":[104],"tags":[5932,521,144,419,6570,5866],"class_list":["post-10018","post","type-post","status-publish","format-standard","has-post-thumbnail","hentry","category-samfunn","tag-fem","tag-historien","tag-hva","tag-lengste","tag-levde","tag-suverene","generate-columns","tablet-grid-50","mobile-grid-100","grid-parent","grid-33","resize-featured-image"],"yoast_head":"<!-- This site is optimized with the Yoast SEO plugin v24.4 - https:\/\/yoast.com\/wordpress\/plugins\/seo\/ -->\n<title>Hva er de fem lengste levde suverene i historien - Nordnesrepublikken<\/title>\n<meta name=\"robots\" content=\"index, follow, max-snippet:-1, max-image-preview:large, max-video-preview:-1\" \/>\n<link rel=\"canonical\" href=\"https:\/\/nordnesrepublikken.no\/index.php\/2025\/09\/27\/hva-er-de-fem-lengste-levde-suverene-i-historien\/\" \/>\n<meta property=\"og:locale\" content=\"nb_NO\" \/>\n<meta property=\"og:type\" content=\"article\" \/>\n<meta property=\"og:title\" content=\"Hva er de fem lengste levde suverene i historien - Nordnesrepublikken\" \/>\n<meta property=\"og:description\" content=\"Louis XIV av Bourbonkonge av Frankrike for 72 \u00e5r og 110 dager (Selv om han\" \/>\n<meta property=\"og:url\" content=\"https:\/\/nordnesrepublikken.no\/index.php\/2025\/09\/27\/hva-er-de-fem-lengste-levde-suverene-i-historien\/\" \/>\n<meta property=\"og:site_name\" content=\"Nordnesrepublikken\" \/>\n<meta property=\"article:published_time\" content=\"2025-09-27T09:49:48+00:00\" \/>\n<meta property=\"article:modified_time\" content=\"2025-09-27T09:50:01+00:00\" \/>\n<meta property=\"og:image\" content=\"https:\/\/nordnesrepublikken.no\/wp-content\/uploads\/2025\/09\/1758966589_Hva-er-de-fem-lengste-levde-suverene-i-historien-scaled.jpg\" \/>\n\t<meta property=\"og:image:width\" content=\"2560\" \/>\n\t<meta property=\"og:image:height\" content=\"1707\" \/>\n\t<meta property=\"og:image:type\" content=\"image\/jpeg\" \/>\n<meta name=\"author\" content=\"Ole Andersen\" \/>\n<meta name=\"twitter:card\" content=\"summary_large_image\" \/>\n<meta name=\"twitter:label1\" content=\"Skrevet av\" \/>\n\t<meta name=\"twitter:data1\" content=\"Ole Andersen\" \/>\n\t<meta name=\"twitter:label2\" content=\"Ansl. lesetid\" \/>\n\t<meta name=\"twitter:data2\" content=\"4 minutter\" \/>\n<script type=\"application\/ld+json\" class=\"yoast-schema-graph\">{\"@context\":\"https:\/\/schema.org\",\"@graph\":[{\"@type\":\"Article\",\"@id\":\"https:\/\/nordnesrepublikken.no\/index.php\/2025\/09\/27\/hva-er-de-fem-lengste-levde-suverene-i-historien\/#article\",\"isPartOf\":{\"@id\":\"https:\/\/nordnesrepublikken.no\/index.php\/2025\/09\/27\/hva-er-de-fem-lengste-levde-suverene-i-historien\/\"},\"author\":{\"name\":\"Ole Andersen\",\"@id\":\"https:\/\/nordnesrepublikken.no\/#\/schema\/person\/2e7e81935bab77882fffb79296240ff1\"},\"headline\":\"Hva er de fem lengste levde suverene i historien\",\"datePublished\":\"2025-09-27T09:49:48+00:00\",\"dateModified\":\"2025-09-27T09:50:01+00:00\",\"mainEntityOfPage\":{\"@id\":\"https:\/\/nordnesrepublikken.no\/index.php\/2025\/09\/27\/hva-er-de-fem-lengste-levde-suverene-i-historien\/\"},\"wordCount\":852,\"publisher\":{\"@id\":\"https:\/\/nordnesrepublikken.no\/#organization\"},\"image\":{\"@id\":\"https:\/\/nordnesrepublikken.no\/index.php\/2025\/09\/27\/hva-er-de-fem-lengste-levde-suverene-i-historien\/#primaryimage\"},\"thumbnailUrl\":\"https:\/\/nordnesrepublikken.no\/wp-content\/uploads\/2025\/09\/1758966589_Hva-er-de-fem-lengste-levde-suverene-i-historien-scaled.jpg\",\"keywords\":[\"fem\",\"Historien\",\"Hva\",\"lengste\",\"levde\",\"suverene\"],\"articleSection\":[\"Samfunn\"],\"inLanguage\":\"nb-NO\"},{\"@type\":\"WebPage\",\"@id\":\"https:\/\/nordnesrepublikken.no\/index.php\/2025\/09\/27\/hva-er-de-fem-lengste-levde-suverene-i-historien\/\",\"url\":\"https:\/\/nordnesrepublikken.no\/index.php\/2025\/09\/27\/hva-er-de-fem-lengste-levde-suverene-i-historien\/\",\"name\":\"Hva er de fem lengste levde suverene i historien - Nordnesrepublikken\",\"isPartOf\":{\"@id\":\"https:\/\/nordnesrepublikken.no\/#website\"},\"primaryImageOfPage\":{\"@id\":\"https:\/\/nordnesrepublikken.no\/index.php\/2025\/09\/27\/hva-er-de-fem-lengste-levde-suverene-i-historien\/#primaryimage\"},\"image\":{\"@id\":\"https:\/\/nordnesrepublikken.no\/index.php\/2025\/09\/27\/hva-er-de-fem-lengste-levde-suverene-i-historien\/#primaryimage\"},\"thumbnailUrl\":\"https:\/\/nordnesrepublikken.no\/wp-content\/uploads\/2025\/09\/1758966589_Hva-er-de-fem-lengste-levde-suverene-i-historien-scaled.jpg\",\"datePublished\":\"2025-09-27T09:49:48+00:00\",\"dateModified\":\"2025-09-27T09:50:01+00:00\",\"breadcrumb\":{\"@id\":\"https:\/\/nordnesrepublikken.no\/index.php\/2025\/09\/27\/hva-er-de-fem-lengste-levde-suverene-i-historien\/#breadcrumb\"},\"inLanguage\":\"nb-NO\",\"potentialAction\":[{\"@type\":\"ReadAction\",\"target\":[\"https:\/\/nordnesrepublikken.no\/index.php\/2025\/09\/27\/hva-er-de-fem-lengste-levde-suverene-i-historien\/\"]}]},{\"@type\":\"ImageObject\",\"inLanguage\":\"nb-NO\",\"@id\":\"https:\/\/nordnesrepublikken.no\/index.php\/2025\/09\/27\/hva-er-de-fem-lengste-levde-suverene-i-historien\/#primaryimage\",\"url\":\"https:\/\/nordnesrepublikken.no\/wp-content\/uploads\/2025\/09\/1758966589_Hva-er-de-fem-lengste-levde-suverene-i-historien-scaled.jpg\",\"contentUrl\":\"https:\/\/nordnesrepublikken.no\/wp-content\/uploads\/2025\/09\/1758966589_Hva-er-de-fem-lengste-levde-suverene-i-historien-scaled.jpg\",\"width\":2560,\"height\":1707,\"caption\":\"Hva er de fem lengste levde suverene i historien\"},{\"@type\":\"BreadcrumbList\",\"@id\":\"https:\/\/nordnesrepublikken.no\/index.php\/2025\/09\/27\/hva-er-de-fem-lengste-levde-suverene-i-historien\/#breadcrumb\",\"itemListElement\":[{\"@type\":\"ListItem\",\"position\":1,\"name\":\"Home\",\"item\":\"https:\/\/nordnesrepublikken.no\/\"},{\"@type\":\"ListItem\",\"position\":2,\"name\":\"Hva er de fem lengste levde suverene i historien\"}]},{\"@type\":\"WebSite\",\"@id\":\"https:\/\/nordnesrepublikken.no\/#website\",\"url\":\"https:\/\/nordnesrepublikken.no\/\",\"name\":\"Nordnesrepublikken\",\"description\":\"Stemmer og Visjoner fra Republikkens Hjerte\",\"publisher\":{\"@id\":\"https:\/\/nordnesrepublikken.no\/#organization\"},\"potentialAction\":[{\"@type\":\"SearchAction\",\"target\":{\"@type\":\"EntryPoint\",\"urlTemplate\":\"https:\/\/nordnesrepublikken.no\/?s={search_term_string}\"},\"query-input\":{\"@type\":\"PropertyValueSpecification\",\"valueRequired\":true,\"valueName\":\"search_term_string\"}}],\"inLanguage\":\"nb-NO\"},{\"@type\":\"Organization\",\"@id\":\"https:\/\/nordnesrepublikken.no\/#organization\",\"name\":\"Nordnesrepublikken\",\"url\":\"https:\/\/nordnesrepublikken.no\/\",\"logo\":{\"@type\":\"ImageObject\",\"inLanguage\":\"nb-NO\",\"@id\":\"https:\/\/nordnesrepublikken.no\/#\/schema\/logo\/image\/\",\"url\":\"https:\/\/nordnesrepublikken.no\/wp-content\/uploads\/2025\/02\/cropped-nordnesrepublikken-2.png\",\"contentUrl\":\"https:\/\/nordnesrepublikken.no\/wp-content\/uploads\/2025\/02\/cropped-nordnesrepublikken-2.png\",\"width\":1248,\"height\":362,\"caption\":\"Nordnesrepublikken\"},\"image\":{\"@id\":\"https:\/\/nordnesrepublikken.no\/#\/schema\/logo\/image\/\"}},{\"@type\":\"Person\",\"@id\":\"https:\/\/nordnesrepublikken.no\/#\/schema\/person\/2e7e81935bab77882fffb79296240ff1\",\"name\":\"Ole Andersen\",\"image\":{\"@type\":\"ImageObject\",\"inLanguage\":\"nb-NO\",\"@id\":\"https:\/\/nordnesrepublikken.no\/#\/schema\/person\/image\/\",\"url\":\"https:\/\/nordnesrepublikken.no\/wp-content\/uploads\/2025\/02\/nordnesrepublikken-2-2-150x150.jpg\",\"contentUrl\":\"https:\/\/nordnesrepublikken.no\/wp-content\/uploads\/2025\/02\/nordnesrepublikken-2-2-150x150.jpg\",\"caption\":\"Ole Andersen\"},\"description\":\"Ettersom jeg vokste opp i Oslo, har jeg alltid v\u00e6rt fascinert av ordenes kraft og deres evne til \u00e5 skape endringer. Etter \u00e5 ha fullf\u00f8rt min utdannelse i kommunikasjon ved Universitetet i Bergen, fikk jeg muligheten til \u00e5 jobbe innen ulike medier, der jeg har s\u00f8kt \u00e5 belyse viktige samfunnssp\u00f8rsm\u00e5l. I dag, som redakt\u00f8r for Nordnesrepublikken, pr\u00f8ver jeg \u00e5 forene min kj\u00e6rlighet for journalistikk med min lidenskap for innovasjon og eventyr.\",\"sameAs\":[\"https:\/\/nordnesrepublikken.no\/\"]}]}<\/script>\n<!-- \/ Yoast SEO plugin. -->","yoast_head_json":{"title":"Hva er de fem lengste levde suverene i historien - Nordnesrepublikken","robots":{"index":"index","follow":"follow","max-snippet":"max-snippet:-1","max-image-preview":"max-image-preview:large","max-video-preview":"max-video-preview:-1"},"canonical":"https:\/\/nordnesrepublikken.no\/index.php\/2025\/09\/27\/hva-er-de-fem-lengste-levde-suverene-i-historien\/","og_locale":"nb_NO","og_type":"article","og_title":"Hva er de fem lengste levde suverene i historien - Nordnesrepublikken","og_description":"Louis XIV av Bourbonkonge av Frankrike for 72 \u00e5r og 110 dager (Selv om han","og_url":"https:\/\/nordnesrepublikken.no\/index.php\/2025\/09\/27\/hva-er-de-fem-lengste-levde-suverene-i-historien\/","og_site_name":"Nordnesrepublikken","article_published_time":"2025-09-27T09:49:48+00:00","article_modified_time":"2025-09-27T09:50:01+00:00","og_image":[{"width":2560,"height":1707,"url":"https:\/\/nordnesrepublikken.no\/wp-content\/uploads\/2025\/09\/1758966589_Hva-er-de-fem-lengste-levde-suverene-i-historien-scaled.jpg","type":"image\/jpeg"}],"author":"Ole Andersen","twitter_card":"summary_large_image","twitter_misc":{"Skrevet av":"Ole Andersen","Ansl. lesetid":"4 minutter"},"schema":{"@context":"https:\/\/schema.org","@graph":[{"@type":"Article","@id":"https:\/\/nordnesrepublikken.no\/index.php\/2025\/09\/27\/hva-er-de-fem-lengste-levde-suverene-i-historien\/#article","isPartOf":{"@id":"https:\/\/nordnesrepublikken.no\/index.php\/2025\/09\/27\/hva-er-de-fem-lengste-levde-suverene-i-historien\/"},"author":{"name":"Ole Andersen","@id":"https:\/\/nordnesrepublikken.no\/#\/schema\/person\/2e7e81935bab77882fffb79296240ff1"},"headline":"Hva er de fem lengste levde suverene i historien","datePublished":"2025-09-27T09:49:48+00:00","dateModified":"2025-09-27T09:50:01+00:00","mainEntityOfPage":{"@id":"https:\/\/nordnesrepublikken.no\/index.php\/2025\/09\/27\/hva-er-de-fem-lengste-levde-suverene-i-historien\/"},"wordCount":852,"publisher":{"@id":"https:\/\/nordnesrepublikken.no\/#organization"},"image":{"@id":"https:\/\/nordnesrepublikken.no\/index.php\/2025\/09\/27\/hva-er-de-fem-lengste-levde-suverene-i-historien\/#primaryimage"},"thumbnailUrl":"https:\/\/nordnesrepublikken.no\/wp-content\/uploads\/2025\/09\/1758966589_Hva-er-de-fem-lengste-levde-suverene-i-historien-scaled.jpg","keywords":["fem","Historien","Hva","lengste","levde","suverene"],"articleSection":["Samfunn"],"inLanguage":"nb-NO"},{"@type":"WebPage","@id":"https:\/\/nordnesrepublikken.no\/index.php\/2025\/09\/27\/hva-er-de-fem-lengste-levde-suverene-i-historien\/","url":"https:\/\/nordnesrepublikken.no\/index.php\/2025\/09\/27\/hva-er-de-fem-lengste-levde-suverene-i-historien\/","name":"Hva er de fem lengste levde suverene i historien - Nordnesrepublikken","isPartOf":{"@id":"https:\/\/nordnesrepublikken.no\/#website"},"primaryImageOfPage":{"@id":"https:\/\/nordnesrepublikken.no\/index.php\/2025\/09\/27\/hva-er-de-fem-lengste-levde-suverene-i-historien\/#primaryimage"},"image":{"@id":"https:\/\/nordnesrepublikken.no\/index.php\/2025\/09\/27\/hva-er-de-fem-lengste-levde-suverene-i-historien\/#primaryimage"},"thumbnailUrl":"https:\/\/nordnesrepublikken.no\/wp-content\/uploads\/2025\/09\/1758966589_Hva-er-de-fem-lengste-levde-suverene-i-historien-scaled.jpg","datePublished":"2025-09-27T09:49:48+00:00","dateModified":"2025-09-27T09:50:01+00:00","breadcrumb":{"@id":"https:\/\/nordnesrepublikken.no\/index.php\/2025\/09\/27\/hva-er-de-fem-lengste-levde-suverene-i-historien\/#breadcrumb"},"inLanguage":"nb-NO","potentialAction":[{"@type":"ReadAction","target":["https:\/\/nordnesrepublikken.no\/index.php\/2025\/09\/27\/hva-er-de-fem-lengste-levde-suverene-i-historien\/"]}]},{"@type":"ImageObject","inLanguage":"nb-NO","@id":"https:\/\/nordnesrepublikken.no\/index.php\/2025\/09\/27\/hva-er-de-fem-lengste-levde-suverene-i-historien\/#primaryimage","url":"https:\/\/nordnesrepublikken.no\/wp-content\/uploads\/2025\/09\/1758966589_Hva-er-de-fem-lengste-levde-suverene-i-historien-scaled.jpg","contentUrl":"https:\/\/nordnesrepublikken.no\/wp-content\/uploads\/2025\/09\/1758966589_Hva-er-de-fem-lengste-levde-suverene-i-historien-scaled.jpg","width":2560,"height":1707,"caption":"Hva er de fem lengste levde suverene i historien"},{"@type":"BreadcrumbList","@id":"https:\/\/nordnesrepublikken.no\/index.php\/2025\/09\/27\/hva-er-de-fem-lengste-levde-suverene-i-historien\/#breadcrumb","itemListElement":[{"@type":"ListItem","position":1,"name":"Home","item":"https:\/\/nordnesrepublikken.no\/"},{"@type":"ListItem","position":2,"name":"Hva er de fem lengste levde suverene i historien"}]},{"@type":"WebSite","@id":"https:\/\/nordnesrepublikken.no\/#website","url":"https:\/\/nordnesrepublikken.no\/","name":"Nordnesrepublikken","description":"Stemmer og Visjoner fra Republikkens Hjerte","publisher":{"@id":"https:\/\/nordnesrepublikken.no\/#organization"},"potentialAction":[{"@type":"SearchAction","target":{"@type":"EntryPoint","urlTemplate":"https:\/\/nordnesrepublikken.no\/?s={search_term_string}"},"query-input":{"@type":"PropertyValueSpecification","valueRequired":true,"valueName":"search_term_string"}}],"inLanguage":"nb-NO"},{"@type":"Organization","@id":"https:\/\/nordnesrepublikken.no\/#organization","name":"Nordnesrepublikken","url":"https:\/\/nordnesrepublikken.no\/","logo":{"@type":"ImageObject","inLanguage":"nb-NO","@id":"https:\/\/nordnesrepublikken.no\/#\/schema\/logo\/image\/","url":"https:\/\/nordnesrepublikken.no\/wp-content\/uploads\/2025\/02\/cropped-nordnesrepublikken-2.png","contentUrl":"https:\/\/nordnesrepublikken.no\/wp-content\/uploads\/2025\/02\/cropped-nordnesrepublikken-2.png","width":1248,"height":362,"caption":"Nordnesrepublikken"},"image":{"@id":"https:\/\/nordnesrepublikken.no\/#\/schema\/logo\/image\/"}},{"@type":"Person","@id":"https:\/\/nordnesrepublikken.no\/#\/schema\/person\/2e7e81935bab77882fffb79296240ff1","name":"Ole Andersen","image":{"@type":"ImageObject","inLanguage":"nb-NO","@id":"https:\/\/nordnesrepublikken.no\/#\/schema\/person\/image\/","url":"https:\/\/nordnesrepublikken.no\/wp-content\/uploads\/2025\/02\/nordnesrepublikken-2-2-150x150.jpg","contentUrl":"https:\/\/nordnesrepublikken.no\/wp-content\/uploads\/2025\/02\/nordnesrepublikken-2-2-150x150.jpg","caption":"Ole Andersen"},"description":"Ettersom jeg vokste opp i Oslo, har jeg alltid v\u00e6rt fascinert av ordenes kraft og deres evne til \u00e5 skape endringer. Etter \u00e5 ha fullf\u00f8rt min utdannelse i kommunikasjon ved Universitetet i Bergen, fikk jeg muligheten til \u00e5 jobbe innen ulike medier, der jeg har s\u00f8kt \u00e5 belyse viktige samfunnssp\u00f8rsm\u00e5l. I dag, som redakt\u00f8r for Nordnesrepublikken, pr\u00f8ver jeg \u00e5 forene min kj\u00e6rlighet for journalistikk med min lidenskap for innovasjon og eventyr.","sameAs":["https:\/\/nordnesrepublikken.no\/"]}]}},"_links":{"self":[{"href":"https:\/\/nordnesrepublikken.no\/index.php\/wp-json\/wp\/v2\/posts\/10018","targetHints":{"allow":["GET"]}}],"collection":[{"href":"https:\/\/nordnesrepublikken.no\/index.php\/wp-json\/wp\/v2\/posts"}],"about":[{"href":"https:\/\/nordnesrepublikken.no\/index.php\/wp-json\/wp\/v2\/types\/post"}],"author":[{"embeddable":true,"href":"https:\/\/nordnesrepublikken.no\/index.php\/wp-json\/wp\/v2\/users\/1"}],"replies":[{"embeddable":true,"href":"https:\/\/nordnesrepublikken.no\/index.php\/wp-json\/wp\/v2\/comments?post=10018"}],"version-history":[{"count":1,"href":"https:\/\/nordnesrepublikken.no\/index.php\/wp-json\/wp\/v2\/posts\/10018\/revisions"}],"predecessor-version":[{"id":10020,"href":"https:\/\/nordnesrepublikken.no\/index.php\/wp-json\/wp\/v2\/posts\/10018\/revisions\/10020"}],"wp:featuredmedia":[{"embeddable":true,"href":"https:\/\/nordnesrepublikken.no\/index.php\/wp-json\/wp\/v2\/media\/10019"}],"wp:attachment":[{"href":"https:\/\/nordnesrepublikken.no\/index.php\/wp-json\/wp\/v2\/media?parent=10018"}],"wp:term":[{"taxonomy":"category","embeddable":true,"href":"https:\/\/nordnesrepublikken.no\/index.php\/wp-json\/wp\/v2\/categories?post=10018"},{"taxonomy":"post_tag","embeddable":true,"href":"https:\/\/nordnesrepublikken.no\/index.php\/wp-json\/wp\/v2\/tags?post=10018"}],"curies":[{"name":"wp","href":"https:\/\/api.w.org\/{rel}","templated":true}]}}