{"id":10000,"date":"2025-09-26T20:49:32","date_gmt":"2025-09-26T18:49:32","guid":{"rendered":"https:\/\/nordnesrepublikken.no\/index.php\/2025\/09\/26\/sierra-blanca-estates-dedikasjon-til-costa-del-sol\/"},"modified":"2025-09-26T20:49:33","modified_gmt":"2025-09-26T18:49:33","slug":"sierra-blanca-estates-dedikasjon-til-costa-del-sol","status":"publish","type":"post","link":"https:\/\/nordnesrepublikken.no\/index.php\/2025\/09\/26\/sierra-blanca-estates-dedikasjon-til-costa-del-sol\/","title":{"rendered":"Sierra Blanca Estates &#8216;dedikasjon til Costa del Sol"},"content":{"rendered":"<p><\/p>\n<div class=\"wordpress-content\">\n                    <!-- Article Start --><\/p>\n<p class=\"p1\"><strong>I over 40 \u00e5r har Sierra Blanca Estates omdefinert luksuri\u00f8s boligutvikling p\u00e5 Spanias Costa del Sol, der de p\u00e5 en smart m\u00e5te har brukt en blanding av innovasjon, velv\u00e6re og b\u00e6rekraft.<\/strong><\/p>\n<p class=\"p1\">Selskapets flaggskipsprosjekt, Torre del R\u00edo, eksemplifiserer visjonen ved \u00e5 revolusjonere luksuri\u00f8s livsstil mens du driver urban transformasjon langs Costa del Sol. Ved \u00e5 integrere arkitektur av h\u00f8y kvalitet med offentlige rom og de beste tjenestene, har Sierra Blanca l\u00f8ftet Malaga-provinsens internasjonale eiendomsprofil og oppmuntret til b\u00e6rekraftig byfornyelse.<\/p>\n<p class=\"p1\">Et landemerke -initiativ er transformasjonen av Malagas El Bulto -nabolag med et banebrytende prosjekt under Andalucias nye landlov. Som den f\u00f8rste som tok i bruk \u201cUrbanising Agent\u201d -modellen, samarbeider Sierra Blanca med lokale myndigheter for \u00e5 utvikle bolig, idrettsanlegg, gr\u00f8nne omr\u00e5der og et toetasjes kultursenter som bygger bro mellom nabolagets historiske r\u00f8tter med moderne Malaga. Prosjektet inkluderer \u00e5 modernisere Atletico Malaga Football Clubs fasiliteter, legge til underjordisk parkering og forbedre veitilgang med over 400 nye parkeringsplasser.<\/p>\n<div class=\"sra_unit\"><link rel=\"stylesheet\" id=\"block-sra\" href=\"https:\/\/euroweeklynews.com\/wp-content\/plugins\/snack-related-articles\/dist\/css\/snack-related.min.css?250312-193541\" type=\"text\/css\" media=\"all\">\n<\/div>\n<p class=\"p1\">Sentralt i Sierra Blancas oppdrag er samfunnsansvar. El Bulto -prosjektet har 80 rimelige boenheter (VPO) for \u00e5 g\u00e5 Partway for \u00e5 ta opp Malagas boligkrise. Selskapet utvikler ogs\u00e5 over 370 VPO -enheter over Costa del Sol, inkludert 25 i Marbellas Arroyo Palomeras og 270 i Hacienda de Cortes. &laquo;Vi kan ikke se bort fra boligtilgangskrisen,&raquo; sa Pedro Rodr\u00edguez, president for Sierra Blanca, og understreket selskapets forpliktelse til sosial samhold.<\/p>\n<p class=\"p1\">Annet enn bolig, promoterer Sierra Blanca idrett som et verkt\u00f8y for sosial integrasjon ved \u00e5 sponse Marbella Football Club, Reserve Cup og idrettsut\u00f8vere i tilpasset idrett. Den kommende Rafa Nadal Club i Malaga vil ytterligere oppmuntre til sunn livsstil blant Costa del Sol -innbyggere.<\/p>\n<p class=\"p1\">Gjennom Sierra Blanca Foundation st\u00f8tter selskapet kulturelle og pedagogiske initiativer, og samarbeider med organisasjoner som Gasol Foundation og Caritas, og forsterker sin dedikasjon til samfunnsvelferd og b\u00e6rekraftig utvikling.<\/p>\n<p>                    <!-- This article has been originally published at https:\/\/euroweeklynews.com\/2025\/09\/26\/sierra-blanca-estates-dedication-to-costa-del-sol\/ on 26 Sep 2025 at 20:44 by Adam Woodward --><br \/>\n                    <!-- Article End -->\n                <\/div>\n","protected":false},"excerpt":{"rendered":"<p>I over 40 \u00e5r har Sierra Blanca Estates omdefinert luksuri\u00f8s boligutvikling p\u00e5 Spanias Costa del<\/p>\n","protected":false},"author":1,"featured_media":10001,"comment_status":"closed","ping_status":"open","sticky":false,"template":"","format":"standard","meta":{"footnotes":""},"categories":[105],"tags":[859,858,6227,87,6554,6553,1986,117],"class_list":["post-10000","post","type-post","status-publish","format-standard","has-post-thumbnail","hentry","category-livsstil","tag-blanca","tag-costa","tag-dedikasjon","tag-del","tag-estates","tag-sierra","tag-sol","tag-til","generate-columns","tablet-grid-50","mobile-grid-100","grid-parent","grid-33","resize-featured-image"],"yoast_head":"<!-- This site is optimized with the Yoast SEO plugin v24.4 - https:\/\/yoast.com\/wordpress\/plugins\/seo\/ -->\n<title>Sierra Blanca Estates &#039;dedikasjon til Costa del Sol - Nordnesrepublikken<\/title>\n<meta name=\"robots\" content=\"index, follow, max-snippet:-1, max-image-preview:large, max-video-preview:-1\" \/>\n<link rel=\"canonical\" href=\"https:\/\/nordnesrepublikken.no\/index.php\/2025\/09\/26\/sierra-blanca-estates-dedikasjon-til-costa-del-sol\/\" \/>\n<meta property=\"og:locale\" content=\"nb_NO\" \/>\n<meta property=\"og:type\" content=\"article\" \/>\n<meta property=\"og:title\" content=\"Sierra Blanca Estates &#039;dedikasjon til Costa del Sol - Nordnesrepublikken\" \/>\n<meta property=\"og:description\" content=\"I over 40 \u00e5r har Sierra Blanca Estates omdefinert luksuri\u00f8s boligutvikling p\u00e5 Spanias Costa del\" \/>\n<meta property=\"og:url\" content=\"https:\/\/nordnesrepublikken.no\/index.php\/2025\/09\/26\/sierra-blanca-estates-dedikasjon-til-costa-del-sol\/\" \/>\n<meta property=\"og:site_name\" content=\"Nordnesrepublikken\" \/>\n<meta property=\"article:published_time\" content=\"2025-09-26T18:49:32+00:00\" \/>\n<meta property=\"article:modified_time\" content=\"2025-09-26T18:49:33+00:00\" \/>\n<meta property=\"og:image\" content=\"https:\/\/nordnesrepublikken.no\/wp-content\/uploads\/2025\/09\/Sierra-Blanca-Estates-dedikasjon-til-Costa-del-Sol.jpg\" \/>\n\t<meta property=\"og:image:width\" content=\"1024\" \/>\n\t<meta property=\"og:image:height\" content=\"687\" \/>\n\t<meta property=\"og:image:type\" content=\"image\/jpeg\" \/>\n<meta name=\"author\" content=\"Ole Andersen\" \/>\n<meta name=\"twitter:card\" content=\"summary_large_image\" \/>\n<meta name=\"twitter:label1\" content=\"Skrevet av\" \/>\n\t<meta name=\"twitter:data1\" content=\"Ole Andersen\" \/>\n\t<meta name=\"twitter:label2\" content=\"Ansl. lesetid\" \/>\n\t<meta name=\"twitter:data2\" content=\"2 minutter\" \/>\n<script type=\"application\/ld+json\" class=\"yoast-schema-graph\">{\"@context\":\"https:\/\/schema.org\",\"@graph\":[{\"@type\":\"Article\",\"@id\":\"https:\/\/nordnesrepublikken.no\/index.php\/2025\/09\/26\/sierra-blanca-estates-dedikasjon-til-costa-del-sol\/#article\",\"isPartOf\":{\"@id\":\"https:\/\/nordnesrepublikken.no\/index.php\/2025\/09\/26\/sierra-blanca-estates-dedikasjon-til-costa-del-sol\/\"},\"author\":{\"name\":\"Ole Andersen\",\"@id\":\"https:\/\/nordnesrepublikken.no\/#\/schema\/person\/2e7e81935bab77882fffb79296240ff1\"},\"headline\":\"Sierra Blanca Estates &#8216;dedikasjon til Costa del Sol\",\"datePublished\":\"2025-09-26T18:49:32+00:00\",\"dateModified\":\"2025-09-26T18:49:33+00:00\",\"mainEntityOfPage\":{\"@id\":\"https:\/\/nordnesrepublikken.no\/index.php\/2025\/09\/26\/sierra-blanca-estates-dedikasjon-til-costa-del-sol\/\"},\"wordCount\":308,\"publisher\":{\"@id\":\"https:\/\/nordnesrepublikken.no\/#organization\"},\"image\":{\"@id\":\"https:\/\/nordnesrepublikken.no\/index.php\/2025\/09\/26\/sierra-blanca-estates-dedikasjon-til-costa-del-sol\/#primaryimage\"},\"thumbnailUrl\":\"https:\/\/nordnesrepublikken.no\/wp-content\/uploads\/2025\/09\/Sierra-Blanca-Estates-dedikasjon-til-Costa-del-Sol.jpg\",\"keywords\":[\"Blanca\",\"Costa\",\"dedikasjon\",\"del\",\"Estates\",\"Sierra\",\"sol\",\"til\"],\"articleSection\":[\"Livsstil\"],\"inLanguage\":\"nb-NO\"},{\"@type\":\"WebPage\",\"@id\":\"https:\/\/nordnesrepublikken.no\/index.php\/2025\/09\/26\/sierra-blanca-estates-dedikasjon-til-costa-del-sol\/\",\"url\":\"https:\/\/nordnesrepublikken.no\/index.php\/2025\/09\/26\/sierra-blanca-estates-dedikasjon-til-costa-del-sol\/\",\"name\":\"Sierra Blanca Estates 'dedikasjon til Costa del Sol - Nordnesrepublikken\",\"isPartOf\":{\"@id\":\"https:\/\/nordnesrepublikken.no\/#website\"},\"primaryImageOfPage\":{\"@id\":\"https:\/\/nordnesrepublikken.no\/index.php\/2025\/09\/26\/sierra-blanca-estates-dedikasjon-til-costa-del-sol\/#primaryimage\"},\"image\":{\"@id\":\"https:\/\/nordnesrepublikken.no\/index.php\/2025\/09\/26\/sierra-blanca-estates-dedikasjon-til-costa-del-sol\/#primaryimage\"},\"thumbnailUrl\":\"https:\/\/nordnesrepublikken.no\/wp-content\/uploads\/2025\/09\/Sierra-Blanca-Estates-dedikasjon-til-Costa-del-Sol.jpg\",\"datePublished\":\"2025-09-26T18:49:32+00:00\",\"dateModified\":\"2025-09-26T18:49:33+00:00\",\"breadcrumb\":{\"@id\":\"https:\/\/nordnesrepublikken.no\/index.php\/2025\/09\/26\/sierra-blanca-estates-dedikasjon-til-costa-del-sol\/#breadcrumb\"},\"inLanguage\":\"nb-NO\",\"potentialAction\":[{\"@type\":\"ReadAction\",\"target\":[\"https:\/\/nordnesrepublikken.no\/index.php\/2025\/09\/26\/sierra-blanca-estates-dedikasjon-til-costa-del-sol\/\"]}]},{\"@type\":\"ImageObject\",\"inLanguage\":\"nb-NO\",\"@id\":\"https:\/\/nordnesrepublikken.no\/index.php\/2025\/09\/26\/sierra-blanca-estates-dedikasjon-til-costa-del-sol\/#primaryimage\",\"url\":\"https:\/\/nordnesrepublikken.no\/wp-content\/uploads\/2025\/09\/Sierra-Blanca-Estates-dedikasjon-til-Costa-del-Sol.jpg\",\"contentUrl\":\"https:\/\/nordnesrepublikken.no\/wp-content\/uploads\/2025\/09\/Sierra-Blanca-Estates-dedikasjon-til-Costa-del-Sol.jpg\",\"width\":1024,\"height\":687,\"caption\":\"Sierra Blanca Estates 'dedikasjon til Costa del Sol\"},{\"@type\":\"BreadcrumbList\",\"@id\":\"https:\/\/nordnesrepublikken.no\/index.php\/2025\/09\/26\/sierra-blanca-estates-dedikasjon-til-costa-del-sol\/#breadcrumb\",\"itemListElement\":[{\"@type\":\"ListItem\",\"position\":1,\"name\":\"Home\",\"item\":\"https:\/\/nordnesrepublikken.no\/\"},{\"@type\":\"ListItem\",\"position\":2,\"name\":\"Sierra Blanca Estates &#8216;dedikasjon til Costa del Sol\"}]},{\"@type\":\"WebSite\",\"@id\":\"https:\/\/nordnesrepublikken.no\/#website\",\"url\":\"https:\/\/nordnesrepublikken.no\/\",\"name\":\"Nordnesrepublikken\",\"description\":\"Stemmer og Visjoner fra Republikkens Hjerte\",\"publisher\":{\"@id\":\"https:\/\/nordnesrepublikken.no\/#organization\"},\"potentialAction\":[{\"@type\":\"SearchAction\",\"target\":{\"@type\":\"EntryPoint\",\"urlTemplate\":\"https:\/\/nordnesrepublikken.no\/?s={search_term_string}\"},\"query-input\":{\"@type\":\"PropertyValueSpecification\",\"valueRequired\":true,\"valueName\":\"search_term_string\"}}],\"inLanguage\":\"nb-NO\"},{\"@type\":\"Organization\",\"@id\":\"https:\/\/nordnesrepublikken.no\/#organization\",\"name\":\"Nordnesrepublikken\",\"url\":\"https:\/\/nordnesrepublikken.no\/\",\"logo\":{\"@type\":\"ImageObject\",\"inLanguage\":\"nb-NO\",\"@id\":\"https:\/\/nordnesrepublikken.no\/#\/schema\/logo\/image\/\",\"url\":\"https:\/\/nordnesrepublikken.no\/wp-content\/uploads\/2025\/02\/cropped-nordnesrepublikken-2.png\",\"contentUrl\":\"https:\/\/nordnesrepublikken.no\/wp-content\/uploads\/2025\/02\/cropped-nordnesrepublikken-2.png\",\"width\":1248,\"height\":362,\"caption\":\"Nordnesrepublikken\"},\"image\":{\"@id\":\"https:\/\/nordnesrepublikken.no\/#\/schema\/logo\/image\/\"}},{\"@type\":\"Person\",\"@id\":\"https:\/\/nordnesrepublikken.no\/#\/schema\/person\/2e7e81935bab77882fffb79296240ff1\",\"name\":\"Ole Andersen\",\"image\":{\"@type\":\"ImageObject\",\"inLanguage\":\"nb-NO\",\"@id\":\"https:\/\/nordnesrepublikken.no\/#\/schema\/person\/image\/\",\"url\":\"https:\/\/nordnesrepublikken.no\/wp-content\/uploads\/2025\/02\/nordnesrepublikken-2-2-150x150.jpg\",\"contentUrl\":\"https:\/\/nordnesrepublikken.no\/wp-content\/uploads\/2025\/02\/nordnesrepublikken-2-2-150x150.jpg\",\"caption\":\"Ole Andersen\"},\"description\":\"Ettersom jeg vokste opp i Oslo, har jeg alltid v\u00e6rt fascinert av ordenes kraft og deres evne til \u00e5 skape endringer. Etter \u00e5 ha fullf\u00f8rt min utdannelse i kommunikasjon ved Universitetet i Bergen, fikk jeg muligheten til \u00e5 jobbe innen ulike medier, der jeg har s\u00f8kt \u00e5 belyse viktige samfunnssp\u00f8rsm\u00e5l. I dag, som redakt\u00f8r for Nordnesrepublikken, pr\u00f8ver jeg \u00e5 forene min kj\u00e6rlighet for journalistikk med min lidenskap for innovasjon og eventyr.\",\"sameAs\":[\"https:\/\/nordnesrepublikken.no\/\"]}]}<\/script>\n<!-- \/ Yoast SEO plugin. -->","yoast_head_json":{"title":"Sierra Blanca Estates 'dedikasjon til Costa del Sol - Nordnesrepublikken","robots":{"index":"index","follow":"follow","max-snippet":"max-snippet:-1","max-image-preview":"max-image-preview:large","max-video-preview":"max-video-preview:-1"},"canonical":"https:\/\/nordnesrepublikken.no\/index.php\/2025\/09\/26\/sierra-blanca-estates-dedikasjon-til-costa-del-sol\/","og_locale":"nb_NO","og_type":"article","og_title":"Sierra Blanca Estates 'dedikasjon til Costa del Sol - Nordnesrepublikken","og_description":"I over 40 \u00e5r har Sierra Blanca Estates omdefinert luksuri\u00f8s boligutvikling p\u00e5 Spanias Costa del","og_url":"https:\/\/nordnesrepublikken.no\/index.php\/2025\/09\/26\/sierra-blanca-estates-dedikasjon-til-costa-del-sol\/","og_site_name":"Nordnesrepublikken","article_published_time":"2025-09-26T18:49:32+00:00","article_modified_time":"2025-09-26T18:49:33+00:00","og_image":[{"width":1024,"height":687,"url":"https:\/\/nordnesrepublikken.no\/wp-content\/uploads\/2025\/09\/Sierra-Blanca-Estates-dedikasjon-til-Costa-del-Sol.jpg","type":"image\/jpeg"}],"author":"Ole Andersen","twitter_card":"summary_large_image","twitter_misc":{"Skrevet av":"Ole Andersen","Ansl. lesetid":"2 minutter"},"schema":{"@context":"https:\/\/schema.org","@graph":[{"@type":"Article","@id":"https:\/\/nordnesrepublikken.no\/index.php\/2025\/09\/26\/sierra-blanca-estates-dedikasjon-til-costa-del-sol\/#article","isPartOf":{"@id":"https:\/\/nordnesrepublikken.no\/index.php\/2025\/09\/26\/sierra-blanca-estates-dedikasjon-til-costa-del-sol\/"},"author":{"name":"Ole Andersen","@id":"https:\/\/nordnesrepublikken.no\/#\/schema\/person\/2e7e81935bab77882fffb79296240ff1"},"headline":"Sierra Blanca Estates &#8216;dedikasjon til Costa del Sol","datePublished":"2025-09-26T18:49:32+00:00","dateModified":"2025-09-26T18:49:33+00:00","mainEntityOfPage":{"@id":"https:\/\/nordnesrepublikken.no\/index.php\/2025\/09\/26\/sierra-blanca-estates-dedikasjon-til-costa-del-sol\/"},"wordCount":308,"publisher":{"@id":"https:\/\/nordnesrepublikken.no\/#organization"},"image":{"@id":"https:\/\/nordnesrepublikken.no\/index.php\/2025\/09\/26\/sierra-blanca-estates-dedikasjon-til-costa-del-sol\/#primaryimage"},"thumbnailUrl":"https:\/\/nordnesrepublikken.no\/wp-content\/uploads\/2025\/09\/Sierra-Blanca-Estates-dedikasjon-til-Costa-del-Sol.jpg","keywords":["Blanca","Costa","dedikasjon","del","Estates","Sierra","sol","til"],"articleSection":["Livsstil"],"inLanguage":"nb-NO"},{"@type":"WebPage","@id":"https:\/\/nordnesrepublikken.no\/index.php\/2025\/09\/26\/sierra-blanca-estates-dedikasjon-til-costa-del-sol\/","url":"https:\/\/nordnesrepublikken.no\/index.php\/2025\/09\/26\/sierra-blanca-estates-dedikasjon-til-costa-del-sol\/","name":"Sierra Blanca Estates 'dedikasjon til Costa del Sol - Nordnesrepublikken","isPartOf":{"@id":"https:\/\/nordnesrepublikken.no\/#website"},"primaryImageOfPage":{"@id":"https:\/\/nordnesrepublikken.no\/index.php\/2025\/09\/26\/sierra-blanca-estates-dedikasjon-til-costa-del-sol\/#primaryimage"},"image":{"@id":"https:\/\/nordnesrepublikken.no\/index.php\/2025\/09\/26\/sierra-blanca-estates-dedikasjon-til-costa-del-sol\/#primaryimage"},"thumbnailUrl":"https:\/\/nordnesrepublikken.no\/wp-content\/uploads\/2025\/09\/Sierra-Blanca-Estates-dedikasjon-til-Costa-del-Sol.jpg","datePublished":"2025-09-26T18:49:32+00:00","dateModified":"2025-09-26T18:49:33+00:00","breadcrumb":{"@id":"https:\/\/nordnesrepublikken.no\/index.php\/2025\/09\/26\/sierra-blanca-estates-dedikasjon-til-costa-del-sol\/#breadcrumb"},"inLanguage":"nb-NO","potentialAction":[{"@type":"ReadAction","target":["https:\/\/nordnesrepublikken.no\/index.php\/2025\/09\/26\/sierra-blanca-estates-dedikasjon-til-costa-del-sol\/"]}]},{"@type":"ImageObject","inLanguage":"nb-NO","@id":"https:\/\/nordnesrepublikken.no\/index.php\/2025\/09\/26\/sierra-blanca-estates-dedikasjon-til-costa-del-sol\/#primaryimage","url":"https:\/\/nordnesrepublikken.no\/wp-content\/uploads\/2025\/09\/Sierra-Blanca-Estates-dedikasjon-til-Costa-del-Sol.jpg","contentUrl":"https:\/\/nordnesrepublikken.no\/wp-content\/uploads\/2025\/09\/Sierra-Blanca-Estates-dedikasjon-til-Costa-del-Sol.jpg","width":1024,"height":687,"caption":"Sierra Blanca Estates 'dedikasjon til Costa del Sol"},{"@type":"BreadcrumbList","@id":"https:\/\/nordnesrepublikken.no\/index.php\/2025\/09\/26\/sierra-blanca-estates-dedikasjon-til-costa-del-sol\/#breadcrumb","itemListElement":[{"@type":"ListItem","position":1,"name":"Home","item":"https:\/\/nordnesrepublikken.no\/"},{"@type":"ListItem","position":2,"name":"Sierra Blanca Estates &#8216;dedikasjon til Costa del Sol"}]},{"@type":"WebSite","@id":"https:\/\/nordnesrepublikken.no\/#website","url":"https:\/\/nordnesrepublikken.no\/","name":"Nordnesrepublikken","description":"Stemmer og Visjoner fra Republikkens Hjerte","publisher":{"@id":"https:\/\/nordnesrepublikken.no\/#organization"},"potentialAction":[{"@type":"SearchAction","target":{"@type":"EntryPoint","urlTemplate":"https:\/\/nordnesrepublikken.no\/?s={search_term_string}"},"query-input":{"@type":"PropertyValueSpecification","valueRequired":true,"valueName":"search_term_string"}}],"inLanguage":"nb-NO"},{"@type":"Organization","@id":"https:\/\/nordnesrepublikken.no\/#organization","name":"Nordnesrepublikken","url":"https:\/\/nordnesrepublikken.no\/","logo":{"@type":"ImageObject","inLanguage":"nb-NO","@id":"https:\/\/nordnesrepublikken.no\/#\/schema\/logo\/image\/","url":"https:\/\/nordnesrepublikken.no\/wp-content\/uploads\/2025\/02\/cropped-nordnesrepublikken-2.png","contentUrl":"https:\/\/nordnesrepublikken.no\/wp-content\/uploads\/2025\/02\/cropped-nordnesrepublikken-2.png","width":1248,"height":362,"caption":"Nordnesrepublikken"},"image":{"@id":"https:\/\/nordnesrepublikken.no\/#\/schema\/logo\/image\/"}},{"@type":"Person","@id":"https:\/\/nordnesrepublikken.no\/#\/schema\/person\/2e7e81935bab77882fffb79296240ff1","name":"Ole Andersen","image":{"@type":"ImageObject","inLanguage":"nb-NO","@id":"https:\/\/nordnesrepublikken.no\/#\/schema\/person\/image\/","url":"https:\/\/nordnesrepublikken.no\/wp-content\/uploads\/2025\/02\/nordnesrepublikken-2-2-150x150.jpg","contentUrl":"https:\/\/nordnesrepublikken.no\/wp-content\/uploads\/2025\/02\/nordnesrepublikken-2-2-150x150.jpg","caption":"Ole Andersen"},"description":"Ettersom jeg vokste opp i Oslo, har jeg alltid v\u00e6rt fascinert av ordenes kraft og deres evne til \u00e5 skape endringer. Etter \u00e5 ha fullf\u00f8rt min utdannelse i kommunikasjon ved Universitetet i Bergen, fikk jeg muligheten til \u00e5 jobbe innen ulike medier, der jeg har s\u00f8kt \u00e5 belyse viktige samfunnssp\u00f8rsm\u00e5l. I dag, som redakt\u00f8r for Nordnesrepublikken, pr\u00f8ver jeg \u00e5 forene min kj\u00e6rlighet for journalistikk med min lidenskap for innovasjon og eventyr.","sameAs":["https:\/\/nordnesrepublikken.no\/"]}]}},"_links":{"self":[{"href":"https:\/\/nordnesrepublikken.no\/index.php\/wp-json\/wp\/v2\/posts\/10000","targetHints":{"allow":["GET"]}}],"collection":[{"href":"https:\/\/nordnesrepublikken.no\/index.php\/wp-json\/wp\/v2\/posts"}],"about":[{"href":"https:\/\/nordnesrepublikken.no\/index.php\/wp-json\/wp\/v2\/types\/post"}],"author":[{"embeddable":true,"href":"https:\/\/nordnesrepublikken.no\/index.php\/wp-json\/wp\/v2\/users\/1"}],"replies":[{"embeddable":true,"href":"https:\/\/nordnesrepublikken.no\/index.php\/wp-json\/wp\/v2\/comments?post=10000"}],"version-history":[{"count":1,"href":"https:\/\/nordnesrepublikken.no\/index.php\/wp-json\/wp\/v2\/posts\/10000\/revisions"}],"predecessor-version":[{"id":10002,"href":"https:\/\/nordnesrepublikken.no\/index.php\/wp-json\/wp\/v2\/posts\/10000\/revisions\/10002"}],"wp:featuredmedia":[{"embeddable":true,"href":"https:\/\/nordnesrepublikken.no\/index.php\/wp-json\/wp\/v2\/media\/10001"}],"wp:attachment":[{"href":"https:\/\/nordnesrepublikken.no\/index.php\/wp-json\/wp\/v2\/media?parent=10000"}],"wp:term":[{"taxonomy":"category","embeddable":true,"href":"https:\/\/nordnesrepublikken.no\/index.php\/wp-json\/wp\/v2\/categories?post=10000"},{"taxonomy":"post_tag","embeddable":true,"href":"https:\/\/nordnesrepublikken.no\/index.php\/wp-json\/wp\/v2\/tags?post=10000"}],"curies":[{"name":"wp","href":"https:\/\/api.w.org\/{rel}","templated":true}]}}